{"id":10729,"date":"2025-07-07T12:14:27","date_gmt":"2025-07-07T15:14:27","guid":{"rendered":"https:\/\/focotocantinense.com.br\/?p=10729"},"modified":"2025-07-07T12:15:19","modified_gmt":"2025-07-07T15:15:19","slug":"ubs-sevilha-promove-colonia-de-ferias-com-atividades-fisicas-e-muita-diversao-para-as-criancas","status":"publish","type":"post","link":"https:\/\/focotocantinense.com.br\/?p=10729","title":{"rendered":"UBS Sevilha promove Col\u00f4nia de F\u00e9rias com atividades f\u00edsicas e muita divers\u00e3o para as crian\u00e7as"},"content":{"rendered":"\n<p>A Unidade B\u00e1sica de Sa\u00fade (UBS) Sevilha est\u00e1 com uma programa\u00e7\u00e3o especial para o m\u00eas de julho! \u00c9 a Col\u00f4nia de F\u00e9rias que promete agitar as manh\u00e3s e tardes da crian\u00e7ada com muita energia, brincadeiras e movimento.<\/p>\n\n\n\n<p>Com foco em sa\u00fade e bem-estar, a iniciativa oferece&nbsp;atividades f\u00edsicas, jogos, brincadeiras e at\u00e9 modalidades de lutas&nbsp;para crian\u00e7as da comunidade. A proposta \u00e9 proporcionar momentos de alegria, socializa\u00e7\u00e3o e incentivo a h\u00e1bitos saud\u00e1veis, tudo de forma leve e divertida. As atividades ser\u00e3o conduzidas pela profissional de educa\u00e7\u00e3o f\u00edsica da unidade, Vict\u00f3ria R\u00e9gia, com apoio da equipe e-Multi.<\/p>\n\n\n\n<p>Para garantir a seguran\u00e7a das crian\u00e7as as atividades ser\u00e3o realizadas em uma sala de atendimento da Unidade. \u201cNa \u00e9poca de f\u00e9rias escolares, muitos pais est\u00e3o trabalhando, ent\u00e3o as crian\u00e7as ficam em casa ou na casa dos av\u00f3s e parentes e muitas vezes passam muito tempo na frente do celular, na frente da televis\u00e3o. Ent\u00e3o nosso objetivo \u00e9 oferecer essa alternativa com intera\u00e7\u00e3o social, atividades recreativas, fortalecimentos das amizades, desenvolvimento f\u00edsico e inclus\u00e3o\u201d.<\/p>\n\n\n\n<figure class=\"wp-block-image size-large is-resized\"><img loading=\"lazy\" decoding=\"async\" width=\"1024\" height=\"473\" src=\"https:\/\/focotocantinense.com.br\/wp-content\/uploads\/2025\/07\/aaaaaaaaaaaaaa-1024x473.jpeg\" alt=\"\" class=\"wp-image-10732\" style=\"width:364px;height:auto\" srcset=\"https:\/\/focotocantinense.com.br\/wp-content\/uploads\/2025\/07\/aaaaaaaaaaaaaa-1024x473.jpeg 1024w, https:\/\/focotocantinense.com.br\/wp-content\/uploads\/2025\/07\/aaaaaaaaaaaaaa-300x139.jpeg 300w, https:\/\/focotocantinense.com.br\/wp-content\/uploads\/2025\/07\/aaaaaaaaaaaaaa-768x355.jpeg 768w, https:\/\/focotocantinense.com.br\/wp-content\/uploads\/2025\/07\/aaaaaaaaaaaaaa.jpeg 1280w\" sizes=\"auto, (max-width: 1024px) 100vw, 1024px\" \/><\/figure>\n\n\n\n<p><\/p>\n\n\n\n<p>As atividades acontecem \u00e0s&nbsp;<strong>ter\u00e7as-feiras, das 8h30 \u00e0s 9h10<\/strong>&nbsp;(nos dias 08, 15 e 22 de julho) e \u00e0s&nbsp;<strong>quartas-feiras, das 15h30 \u00e0s 16h10<\/strong>&nbsp;(nos dias 09, 16 e 23 de julho). Podem participar crian\u00e7as que residem na \u00e1rea de abrang\u00eancia da unidade de Sa\u00fade Sevilha. Os pais ou respons\u00e1veis interessados devem procurar a Unidade de Sa\u00fade levando cart\u00e3o SUS da crian\u00e7a e realizar a inscri\u00e7\u00e3o.<\/p>\n\n\n\n<p>E o melhor: n\u00e3o \u00e9 necess\u00e1rio levar nada al\u00e9m de disposi\u00e7\u00e3o, anima\u00e7\u00e3o e alegria!<\/p>\n\n\n\n<figure class=\"wp-block-image size-full is-resized\"><img loading=\"lazy\" decoding=\"async\" width=\"727\" height=\"184\" src=\"https:\/\/focotocantinense.com.br\/wp-content\/uploads\/2025\/07\/SHOW-DE-HUMOR-DE-VINICIUS-MARTINS-1.jpeg\" alt=\"\" class=\"wp-image-10731\" style=\"width:840px;height:auto\" srcset=\"https:\/\/focotocantinense.com.br\/wp-content\/uploads\/2025\/07\/SHOW-DE-HUMOR-DE-VINICIUS-MARTINS-1.jpeg 727w, https:\/\/focotocantinense.com.br\/wp-content\/uploads\/2025\/07\/SHOW-DE-HUMOR-DE-VINICIUS-MARTINS-1-300x76.jpeg 300w\" sizes=\"auto, (max-width: 727px) 100vw, 727px\" \/><\/figure>\n","protected":false},"excerpt":{"rendered":"<p>A Unidade B\u00e1sica de Sa\u00fade (UBS) Sevilha est\u00e1 com uma programa\u00e7\u00e3o especial para o m\u00eas de julho! \u00c9 a Col\u00f4nia de F\u00e9rias que promete agitar as manh\u00e3s e tardes da crian\u00e7ada com muita energia, brincadeiras e movimento. Com foco em sa\u00fade e bem-estar, a iniciativa oferece&nbsp;atividades f\u00edsicas, jogos, brincadeiras e at\u00e9 modalidades de lutas&nbsp;para crian\u00e7as &hellip;<\/p>\n","protected":false},"author":5,"featured_media":10730,"comment_status":"open","ping_status":"open","sticky":false,"template":"","format":"standard","meta":{"footnotes":""},"categories":[1],"tags":[],"class_list":["post-10729","post","type-post","status-publish","format-standard","has-post-thumbnail","","category-sem-categoria"],"_links":{"self":[{"href":"https:\/\/focotocantinense.com.br\/index.php?rest_route=\/wp\/v2\/posts\/10729","targetHints":{"allow":["GET"]}}],"collection":[{"href":"https:\/\/focotocantinense.com.br\/index.php?rest_route=\/wp\/v2\/posts"}],"about":[{"href":"https:\/\/focotocantinense.com.br\/index.php?rest_route=\/wp\/v2\/types\/post"}],"author":[{"embeddable":true,"href":"https:\/\/focotocantinense.com.br\/index.php?rest_route=\/wp\/v2\/users\/5"}],"replies":[{"embeddable":true,"href":"https:\/\/focotocantinense.com.br\/index.php?rest_route=%2Fwp%2Fv2%2Fcomments&post=10729"}],"version-history":[{"count":2,"href":"https:\/\/focotocantinense.com.br\/index.php?rest_route=\/wp\/v2\/posts\/10729\/revisions"}],"predecessor-version":[{"id":10734,"href":"https:\/\/focotocantinense.com.br\/index.php?rest_route=\/wp\/v2\/posts\/10729\/revisions\/10734"}],"wp:featuredmedia":[{"embeddable":true,"href":"https:\/\/focotocantinense.com.br\/index.php?rest_route=\/wp\/v2\/media\/10730"}],"wp:attachment":[{"href":"https:\/\/focotocantinense.com.br\/index.php?rest_route=%2Fwp%2Fv2%2Fmedia&parent=10729"}],"wp:term":[{"taxonomy":"category","embeddable":true,"href":"https:\/\/focotocantinense.com.br\/index.php?rest_route=%2Fwp%2Fv2%2Fcategories&post=10729"},{"taxonomy":"post_tag","embeddable":true,"href":"https:\/\/focotocantinense.com.br\/index.php?rest_route=%2Fwp%2Fv2%2Ftags&post=10729"}],"curies":[{"name":"wp","href":"https:\/\/api.w.org\/{rel}","templated":true}]}}