{"id":10709,"date":"2025-07-03T16:52:35","date_gmt":"2025-07-03T19:52:35","guid":{"rendered":"https:\/\/focotocantinense.com.br\/?p=10709"},"modified":"2025-07-03T17:12:36","modified_gmt":"2025-07-03T20:12:36","slug":"10709","status":"publish","type":"post","link":"https:\/\/focotocantinense.com.br\/?p=10709","title":{"rendered":"Comit\u00ea de Cultura no Tocantins presente na Confer\u00eancia Regional de Pol\u00edticas para as Mulheres em Gurupi"},"content":{"rendered":"\n<p><strong>Sobre o&nbsp;Comit\u00ea&nbsp;de&nbsp;Cultura<\/strong><\/p>\n\n\n\n<p>&nbsp;Uma representa\u00e7\u00e3o da regional Sul\/Sudeste do&nbsp; Comit\u00ea de Cultura no Tocantins marcou presen\u00e7a na Confer\u00eancia Regional de Pol\u00edticas para as Mulheres, promovida&nbsp; na quarta-feira, 2, pela Prefeitura de Gurupi, por meio da Secretaria Municipal da Mulher e Cidadania, em parceria com o Governo do Tocantins, atrav\u00e9s da Secretaria de Estado da Mulher e Cidadania.<\/p>\n\n\n\n<figure class=\"wp-block-image size-large is-resized\"><img loading=\"lazy\" decoding=\"async\" width=\"1024\" height=\"460\" src=\"https:\/\/focotocantinense.com.br\/wp-content\/uploads\/2025\/07\/8-COMITE-DE-CULTURA-EM-GURUPI-1-1024x460.jpg\" alt=\"\" class=\"wp-image-10707\" style=\"width:368px;height:auto\" srcset=\"https:\/\/focotocantinense.com.br\/wp-content\/uploads\/2025\/07\/8-COMITE-DE-CULTURA-EM-GURUPI-1-1024x460.jpg 1024w, https:\/\/focotocantinense.com.br\/wp-content\/uploads\/2025\/07\/8-COMITE-DE-CULTURA-EM-GURUPI-1-300x135.jpg 300w, https:\/\/focotocantinense.com.br\/wp-content\/uploads\/2025\/07\/8-COMITE-DE-CULTURA-EM-GURUPI-1-768x345.jpg 768w, https:\/\/focotocantinense.com.br\/wp-content\/uploads\/2025\/07\/8-COMITE-DE-CULTURA-EM-GURUPI-1-1536x689.jpg 1536w, https:\/\/focotocantinense.com.br\/wp-content\/uploads\/2025\/07\/8-COMITE-DE-CULTURA-EM-GURUPI-1.jpg 1600w\" sizes=\"auto, (max-width: 1024px) 100vw, 1024px\" \/><\/figure>\n\n\n\n<p><\/p>\n\n\n\n<p>O evento realizado no Centro Cultural Mauro Cunha, reuniu autoridades locais e regionais, sociedade civil organizada, comunidade em geral e representantes de 19 munic\u00edpios da regi\u00e3o Sul do Estado.<\/p>\n\n\n\n<figure class=\"wp-block-image size-large is-resized\"><img loading=\"lazy\" decoding=\"async\" width=\"768\" height=\"1024\" src=\"https:\/\/focotocantinense.com.br\/wp-content\/uploads\/2025\/07\/16-COMITE-DE-CULTURA-GURUPI-768x1024.jpg\" alt=\"\" class=\"wp-image-10714\" style=\"width:390px;height:auto\" srcset=\"https:\/\/focotocantinense.com.br\/wp-content\/uploads\/2025\/07\/16-COMITE-DE-CULTURA-GURUPI-768x1024.jpg 768w, https:\/\/focotocantinense.com.br\/wp-content\/uploads\/2025\/07\/16-COMITE-DE-CULTURA-GURUPI-225x300.jpg 225w, https:\/\/focotocantinense.com.br\/wp-content\/uploads\/2025\/07\/16-COMITE-DE-CULTURA-GURUPI-1152x1536.jpg 1152w, https:\/\/focotocantinense.com.br\/wp-content\/uploads\/2025\/07\/16-COMITE-DE-CULTURA-GURUPI-1536x2048.jpg 1536w, https:\/\/focotocantinense.com.br\/wp-content\/uploads\/2025\/07\/16-COMITE-DE-CULTURA-GURUPI-scaled.jpg 1920w\" sizes=\"auto, (max-width: 768px) 100vw, 768px\" \/><\/figure>\n\n\n\n<p><\/p>\n\n\n\n<p>A Coordenadora da regional Sul\/Sudeste do Comit\u00ea de Cultura no Tocantins e presidente da Associa\u00e7\u00e3o Gurupiense de Artes\u00e3os (AGA), Maria do Socorro Souza Barros, destacou o trabalho dos integrantes do Comit\u00ea na mobiliza\u00e7\u00e3o e em apresenta\u00e7\u00f5es art\u00edsticas para esse evento que foi uma etapa regional important\u00edssima das confer\u00eancias estaduais de pol\u00edticas p\u00fablicas das mulheres.<\/p>\n\n\n\n<figure class=\"wp-block-image size-large\"><img loading=\"lazy\" decoding=\"async\" width=\"1024\" height=\"461\" src=\"https:\/\/focotocantinense.com.br\/wp-content\/uploads\/2025\/07\/BBBB-1024x461.jpeg\" alt=\"\" class=\"wp-image-10718\" srcset=\"https:\/\/focotocantinense.com.br\/wp-content\/uploads\/2025\/07\/BBBB-1024x461.jpeg 1024w, https:\/\/focotocantinense.com.br\/wp-content\/uploads\/2025\/07\/BBBB-300x135.jpeg 300w, https:\/\/focotocantinense.com.br\/wp-content\/uploads\/2025\/07\/BBBB-768x346.jpeg 768w, https:\/\/focotocantinense.com.br\/wp-content\/uploads\/2025\/07\/BBBB-1536x692.jpeg 1536w, https:\/\/focotocantinense.com.br\/wp-content\/uploads\/2025\/07\/BBBB.jpeg 1600w\" sizes=\"auto, (max-width: 1024px) 100vw, 1024px\" \/><\/figure>\n\n\n\n<p><\/p>\n\n\n\n<p>Maria do Socorro destacou que esse evento foi uma boa oportunidade que propiciou&nbsp; um&nbsp; &nbsp;momento especial de constru\u00e7\u00e3o da pol\u00edtica p\u00fablica para a mulher, e lembrou que no&nbsp; dia 20 de agosto acontece a Confer\u00eancia Estadual e, posteriormente, a Confer\u00eancia Nacional.<\/p>\n\n\n\n<figure class=\"wp-block-image size-large is-resized\"><img loading=\"lazy\" decoding=\"async\" width=\"461\" height=\"1024\" src=\"https:\/\/focotocantinense.com.br\/wp-content\/uploads\/2025\/07\/aaaaaaaaaaaaaOK-461x1024.jpeg\" alt=\"\" class=\"wp-image-10719\" style=\"width:840px;height:auto\" srcset=\"https:\/\/focotocantinense.com.br\/wp-content\/uploads\/2025\/07\/aaaaaaaaaaaaaOK-461x1024.jpeg 461w, https:\/\/focotocantinense.com.br\/wp-content\/uploads\/2025\/07\/aaaaaaaaaaaaaOK-135x300.jpeg 135w, https:\/\/focotocantinense.com.br\/wp-content\/uploads\/2025\/07\/aaaaaaaaaaaaaOK-691x1536.jpeg 691w, https:\/\/focotocantinense.com.br\/wp-content\/uploads\/2025\/07\/aaaaaaaaaaaaaOK.jpeg 720w\" sizes=\"auto, (max-width: 461px) 100vw, 461px\" \/><\/figure>\n\n\n\n<p><\/p>\n\n\n\n<p><strong>Sobre o Comit\u00ea de Cultura<\/strong><\/p>\n\n\n\n<p>O&nbsp;Comit\u00ea&nbsp;de&nbsp;Cultura&nbsp;no Tocantins \u00e9 resultado de uma parceria entre a Federa\u00e7\u00e3o Tocantinense de Artes C\u00eanicas (FETAC), a Associa\u00e7\u00e3o Gurupiense de Artes\u00e3os (AGA) e o Instituto Social Cultural Araguaia (ISCA). Com sede em Palmas, sob a coordena\u00e7\u00e3o geral do produtor cultural &nbsp;Kak\u00e1 Nogueira e uma equipe gestora, o&nbsp;comit\u00ea&nbsp;faz parte do Programa Nacional de Comit\u00eas de&nbsp;Cultura&nbsp;do Minist\u00e9rio da&nbsp;Cultura&nbsp;(MinC), e conta com representa\u00e7\u00f5es regionais: uma em Gurupi, que cobre as regi\u00f5es sul e sudeste do estado, e outra em Aragua\u00edna, respons\u00e1vel pela atua\u00e7\u00e3o no norte do Tocantins.<\/p>\n\n\n\n<figure class=\"wp-block-image size-full is-resized\"><img loading=\"lazy\" decoding=\"async\" width=\"668\" height=\"529\" src=\"https:\/\/focotocantinense.com.br\/wp-content\/uploads\/2025\/07\/cccccccccccccccccccc.jpeg\" alt=\"\" class=\"wp-image-10723\" style=\"width:840px;height:auto\" srcset=\"https:\/\/focotocantinense.com.br\/wp-content\/uploads\/2025\/07\/cccccccccccccccccccc.jpeg 668w, https:\/\/focotocantinense.com.br\/wp-content\/uploads\/2025\/07\/cccccccccccccccccccc-300x238.jpeg 300w\" sizes=\"auto, (max-width: 668px) 100vw, 668px\" \/><\/figure>\n\n\n\n<p><\/p>\n\n\n\n<figure class=\"wp-block-image size-large\"><img loading=\"lazy\" decoding=\"async\" width=\"1024\" height=\"685\" src=\"https:\/\/focotocantinense.com.br\/wp-content\/uploads\/2025\/07\/ddd2-1024x685.jpeg\" alt=\"\" class=\"wp-image-10725\" srcset=\"https:\/\/focotocantinense.com.br\/wp-content\/uploads\/2025\/07\/ddd2-1024x685.jpeg 1024w, https:\/\/focotocantinense.com.br\/wp-content\/uploads\/2025\/07\/ddd2-300x201.jpeg 300w, https:\/\/focotocantinense.com.br\/wp-content\/uploads\/2025\/07\/ddd2-768x514.jpeg 768w, https:\/\/focotocantinense.com.br\/wp-content\/uploads\/2025\/07\/ddd2-1536x1027.jpeg 1536w, https:\/\/focotocantinense.com.br\/wp-content\/uploads\/2025\/07\/ddd2-110x75.jpeg 110w, https:\/\/focotocantinense.com.br\/wp-content\/uploads\/2025\/07\/ddd2.jpeg 1600w\" sizes=\"auto, (max-width: 1024px) 100vw, 1024px\" \/><\/figure>\n\n\n\n<p><\/p>\n\n\n\n<p><\/p>\n\n\n\n<figure class=\"wp-block-image size-full is-resized\"><img loading=\"lazy\" decoding=\"async\" width=\"727\" height=\"184\" src=\"https:\/\/focotocantinense.com.br\/wp-content\/uploads\/2025\/07\/SHOW-DE-HUMOR-DE-VINICIUS-MARTINS.jpeg\" alt=\"\" class=\"wp-image-10721\" style=\"width:840px;height:auto\" srcset=\"https:\/\/focotocantinense.com.br\/wp-content\/uploads\/2025\/07\/SHOW-DE-HUMOR-DE-VINICIUS-MARTINS.jpeg 727w, https:\/\/focotocantinense.com.br\/wp-content\/uploads\/2025\/07\/SHOW-DE-HUMOR-DE-VINICIUS-MARTINS-300x76.jpeg 300w\" sizes=\"auto, (max-width: 727px) 100vw, 727px\" \/><\/figure>\n","protected":false},"excerpt":{"rendered":"<p>Sobre o&nbsp;Comit\u00ea&nbsp;de&nbsp;Cultura &nbsp;Uma representa\u00e7\u00e3o da regional Sul\/Sudeste do&nbsp; Comit\u00ea de Cultura no Tocantins marcou presen\u00e7a na Confer\u00eancia Regional de Pol\u00edticas para as Mulheres, promovida&nbsp; na quarta-feira, 2, pela Prefeitura de Gurupi, por meio da Secretaria Municipal da Mulher e Cidadania, em parceria com o Governo do Tocantins, atrav\u00e9s da Secretaria de Estado da Mulher e &hellip;<\/p>\n","protected":false},"author":5,"featured_media":10707,"comment_status":"open","ping_status":"open","sticky":false,"template":"","format":"standard","meta":{"footnotes":""},"categories":[1],"tags":[],"class_list":["post-10709","post","type-post","status-publish","format-standard","has-post-thumbnail","","category-sem-categoria"],"_links":{"self":[{"href":"https:\/\/focotocantinense.com.br\/index.php?rest_route=\/wp\/v2\/posts\/10709","targetHints":{"allow":["GET"]}}],"collection":[{"href":"https:\/\/focotocantinense.com.br\/index.php?rest_route=\/wp\/v2\/posts"}],"about":[{"href":"https:\/\/focotocantinense.com.br\/index.php?rest_route=\/wp\/v2\/types\/post"}],"author":[{"embeddable":true,"href":"https:\/\/focotocantinense.com.br\/index.php?rest_route=\/wp\/v2\/users\/5"}],"replies":[{"embeddable":true,"href":"https:\/\/focotocantinense.com.br\/index.php?rest_route=%2Fwp%2Fv2%2Fcomments&post=10709"}],"version-history":[{"count":10,"href":"https:\/\/focotocantinense.com.br\/index.php?rest_route=\/wp\/v2\/posts\/10709\/revisions"}],"predecessor-version":[{"id":10727,"href":"https:\/\/focotocantinense.com.br\/index.php?rest_route=\/wp\/v2\/posts\/10709\/revisions\/10727"}],"wp:featuredmedia":[{"embeddable":true,"href":"https:\/\/focotocantinense.com.br\/index.php?rest_route=\/wp\/v2\/media\/10707"}],"wp:attachment":[{"href":"https:\/\/focotocantinense.com.br\/index.php?rest_route=%2Fwp%2Fv2%2Fmedia&parent=10709"}],"wp:term":[{"taxonomy":"category","embeddable":true,"href":"https:\/\/focotocantinense.com.br\/index.php?rest_route=%2Fwp%2Fv2%2Fcategories&post=10709"},{"taxonomy":"post_tag","embeddable":true,"href":"https:\/\/focotocantinense.com.br\/index.php?rest_route=%2Fwp%2Fv2%2Ftags&post=10709"}],"curies":[{"name":"wp","href":"https:\/\/api.w.org\/{rel}","templated":true}]}}