{"id":10699,"date":"2025-07-01T09:52:46","date_gmt":"2025-07-01T12:52:46","guid":{"rendered":"https:\/\/focotocantinense.com.br\/?p=10699"},"modified":"2025-07-01T09:52:47","modified_gmt":"2025-07-01T12:52:47","slug":"governador-wanderlei-barbosa-anuncia-segunda-edicao-do-taquarucu-fest-com-a-atracao-nacional-bell-marques","status":"publish","type":"post","link":"https:\/\/focotocantinense.com.br\/?p=10699","title":{"rendered":"Governador Wanderlei Barbosa anuncia segunda edi\u00e7\u00e3o do Taquaru\u00e7u Fest com a atra\u00e7\u00e3o nacional Bell Marques"},"content":{"rendered":"\n<p><em>Evento promovido pelo Governo do Tocantins ser\u00e1 realizado no dia 11 de julho, no distrito de Taquaru\u00e7u, e contar\u00e1 com atra\u00e7\u00f5es regionais como Wglemerson Lima<\/em><\/p>\n\n\n\n<p><strong>Governo do Tocantins<\/strong><\/p>\n\n\n\n<figure class=\"wp-block-image size-large is-resized\"><img loading=\"lazy\" decoding=\"async\" width=\"1024\" height=\"585\" src=\"https:\/\/focotocantinense.com.br\/wp-content\/uploads\/2025\/07\/F-Bell-Marques-foto-Divulgacao-3-1024x585.jpg\" alt=\"\" class=\"wp-image-10701\" style=\"width:351px;height:auto\" srcset=\"https:\/\/focotocantinense.com.br\/wp-content\/uploads\/2025\/07\/F-Bell-Marques-foto-Divulgacao-3-1024x585.jpg 1024w, https:\/\/focotocantinense.com.br\/wp-content\/uploads\/2025\/07\/F-Bell-Marques-foto-Divulgacao-3-300x171.jpg 300w, https:\/\/focotocantinense.com.br\/wp-content\/uploads\/2025\/07\/F-Bell-Marques-foto-Divulgacao-3-768x439.jpg 768w, https:\/\/focotocantinense.com.br\/wp-content\/uploads\/2025\/07\/F-Bell-Marques-foto-Divulgacao-3.jpg 1206w\" sizes=\"auto, (max-width: 1024px) 100vw, 1024px\" \/><\/figure>\n\n\n\n<p>O governador do Tocantins, Wanderlei Barbosa, acompanhado do secret\u00e1rio de Estado do Turismo, Hercy Filho, anunciou nesta segunda-feira, 30, a realiza\u00e7\u00e3o da segunda edi\u00e7\u00e3o do&nbsp;<em>Taquaru\u00e7u Fest<\/em>, marcada para o dia 11 de julho, no distrito de Taquaru\u00e7u, em Palmas. O evento, promovido pelo Governo do Tocantins, por meio da Secretaria de Estado do Turismo (Setur), ter\u00e1 como atra\u00e7\u00f5es principais os shows de Bell Marques e do cantor tocantinense Wglemerson Lima.<\/p>\n\n\n\n<figure class=\"wp-block-image size-large is-resized\"><img loading=\"lazy\" decoding=\"async\" width=\"1024\" height=\"585\" src=\"https:\/\/focotocantinense.com.br\/wp-content\/uploads\/2025\/07\/F-Wglemerson-Lima-Cantor-Tocantinese-Foto-Divulgacao-1-1024x585.jpg\" alt=\"\" class=\"wp-image-10700\" style=\"width:336px;height:auto\" srcset=\"https:\/\/focotocantinense.com.br\/wp-content\/uploads\/2025\/07\/F-Wglemerson-Lima-Cantor-Tocantinese-Foto-Divulgacao-1-1024x585.jpg 1024w, https:\/\/focotocantinense.com.br\/wp-content\/uploads\/2025\/07\/F-Wglemerson-Lima-Cantor-Tocantinese-Foto-Divulgacao-1-300x171.jpg 300w, https:\/\/focotocantinense.com.br\/wp-content\/uploads\/2025\/07\/F-Wglemerson-Lima-Cantor-Tocantinese-Foto-Divulgacao-1-768x439.jpg 768w, https:\/\/focotocantinense.com.br\/wp-content\/uploads\/2025\/07\/F-Wglemerson-Lima-Cantor-Tocantinese-Foto-Divulgacao-1.jpg 1423w\" sizes=\"auto, (max-width: 1024px) 100vw, 1024px\" \/><\/figure>\n\n\n\n<p>A a\u00e7\u00e3o integra o calend\u00e1rio de eventos promovidos pelo Estado com foco na valoriza\u00e7\u00e3o do turismo e da cultura entre os meses de junho e agosto.&nbsp;<\/p>\n\n\n\n<p>A primeira edi\u00e7\u00e3o do<em>&nbsp;Taquaru\u00e7u Fest<\/em>, realizada em 2023, contou com apresenta\u00e7\u00e3o da dupla Rio Negro e Solim\u00f5es. Neste ano, a expectativa \u00e9 de um evento ainda maior, com estrutura refor\u00e7ada, seguran\u00e7a e incentivo \u00e0 participa\u00e7\u00e3o de empreendedores locais.<\/p>\n","protected":false},"excerpt":{"rendered":"<p>Evento promovido pelo Governo do Tocantins ser\u00e1 realizado no dia 11 de julho, no distrito de Taquaru\u00e7u, e contar\u00e1 com atra\u00e7\u00f5es regionais como Wglemerson Lima Governo do Tocantins O governador do Tocantins, Wanderlei Barbosa, acompanhado do secret\u00e1rio de Estado do Turismo, Hercy Filho, anunciou nesta segunda-feira, 30, a realiza\u00e7\u00e3o da segunda edi\u00e7\u00e3o do&nbsp;Taquaru\u00e7u Fest, marcada &hellip;<\/p>\n","protected":false},"author":5,"featured_media":10701,"comment_status":"open","ping_status":"open","sticky":false,"template":"","format":"standard","meta":{"footnotes":""},"categories":[1],"tags":[],"class_list":["post-10699","post","type-post","status-publish","format-standard","has-post-thumbnail","","category-sem-categoria"],"_links":{"self":[{"href":"https:\/\/focotocantinense.com.br\/index.php?rest_route=\/wp\/v2\/posts\/10699","targetHints":{"allow":["GET"]}}],"collection":[{"href":"https:\/\/focotocantinense.com.br\/index.php?rest_route=\/wp\/v2\/posts"}],"about":[{"href":"https:\/\/focotocantinense.com.br\/index.php?rest_route=\/wp\/v2\/types\/post"}],"author":[{"embeddable":true,"href":"https:\/\/focotocantinense.com.br\/index.php?rest_route=\/wp\/v2\/users\/5"}],"replies":[{"embeddable":true,"href":"https:\/\/focotocantinense.com.br\/index.php?rest_route=%2Fwp%2Fv2%2Fcomments&post=10699"}],"version-history":[{"count":1,"href":"https:\/\/focotocantinense.com.br\/index.php?rest_route=\/wp\/v2\/posts\/10699\/revisions"}],"predecessor-version":[{"id":10702,"href":"https:\/\/focotocantinense.com.br\/index.php?rest_route=\/wp\/v2\/posts\/10699\/revisions\/10702"}],"wp:featuredmedia":[{"embeddable":true,"href":"https:\/\/focotocantinense.com.br\/index.php?rest_route=\/wp\/v2\/media\/10701"}],"wp:attachment":[{"href":"https:\/\/focotocantinense.com.br\/index.php?rest_route=%2Fwp%2Fv2%2Fmedia&parent=10699"}],"wp:term":[{"taxonomy":"category","embeddable":true,"href":"https:\/\/focotocantinense.com.br\/index.php?rest_route=%2Fwp%2Fv2%2Fcategories&post=10699"},{"taxonomy":"post_tag","embeddable":true,"href":"https:\/\/focotocantinense.com.br\/index.php?rest_route=%2Fwp%2Fv2%2Ftags&post=10699"}],"curies":[{"name":"wp","href":"https:\/\/api.w.org\/{rel}","templated":true}]}}