{"id":10693,"date":"2025-06-30T21:52:07","date_gmt":"2025-07-01T00:52:07","guid":{"rendered":"https:\/\/focotocantinense.com.br\/?p=10693"},"modified":"2025-06-30T21:55:30","modified_gmt":"2025-07-01T00:55:30","slug":"projeto-circo-lando-leva-alegria-e-a-arte-do-circo-a-pessoas-idosas-em-gurupi","status":"publish","type":"post","link":"https:\/\/focotocantinense.com.br\/?p=10693","title":{"rendered":"Projeto Circo-Lando leva alegria e a arte do circo a pessoas idosas em Gurupi"},"content":{"rendered":"\n<p><strong>Por Zacarias Martins<\/strong><\/p>\n\n\n\n<p>Dando sequ\u00eancia ao Projeto Circo-Lando, as palha\u00e7as Peteca e Potoca, interpretadas pelas atrizes Aline e Adriana Mendon\u00e7a, foram uma atra\u00e7\u00e3o \u00e0 parte na culmin\u00e2ncia do 2\u00ba Campeonato de V\u00f4lei Adaptado do Projeto EnvelheSER, da Prefeitura de Gurupi,&nbsp; &nbsp;realizada no&nbsp; \u00faltimo dia 27 de junho, no Centro de Atividades do Sesc em Gurupi.&nbsp;<\/p>\n\n\n\n<p>Trata-se de&nbsp; iniciativa que visa promover o envelhecimento ativo e saud\u00e1vel entre idosos, oferecendo atividades f\u00edsicas, cognitivas e culturais, al\u00e9m de aten\u00e7\u00e3o \u00e0 sa\u00fade e bem-estar. Em Gurupi, o projeto \u00e9 desenvolvido pela prefeitura, em parceria com diversas secretarias e organiza\u00e7\u00f5es, e busca proporcionar mais qualidade de vida para pessoas com 60 anos ou mais.&nbsp;<\/p>\n\n\n\n<figure class=\"wp-block-image is-resized\"><a href=\"https:\/\/blogger.googleusercontent.com\/img\/b\/R29vZ2xl\/AVvXsEjTE9nJVqRtU6aeUQLJE-R-HS2_QWf30zpsGuvMyQtE7erGNn47CdBBmFl92kGgdh7OJG1E_ljKRVswGvZgfIOVrLMum0K8Sdt8Avs5nzXkLyNuGTHZXc11n1jl7d8TvuA_mxbfyL2Uj6hHY63NlCqqgFxswHCsjz0PnAUFykoL6tNr05ThO1nsT8jm-GVV\/s4032\/6%20circo-lando%20OK.jpeg\"><img decoding=\"async\" src=\"https:\/\/blogger.googleusercontent.com\/img\/b\/R29vZ2xl\/AVvXsEjTE9nJVqRtU6aeUQLJE-R-HS2_QWf30zpsGuvMyQtE7erGNn47CdBBmFl92kGgdh7OJG1E_ljKRVswGvZgfIOVrLMum0K8Sdt8Avs5nzXkLyNuGTHZXc11n1jl7d8TvuA_mxbfyL2Uj6hHY63NlCqqgFxswHCsjz0PnAUFykoL6tNr05ThO1nsT8jm-GVV\/w425-h567\/6%20circo-lando%20OK.jpeg\" alt=\"\" style=\"width:394px;height:auto\"\/><\/a><\/figure>\n\n\n\n<p><\/p>\n\n\n\n<p><strong>Integra\u00e7\u00e3o Comunit\u00e1ria<\/strong><\/p>\n\n\n\n<p>Contemplado pela Lei Paulo Gustavo com recursos do Minist\u00e9rio da Cultura (MinC) e operacionalizados pela Secretaria de Cultura do Tocantins (Secult), o Projeto Circo-Lando, com as, as palha\u00e7as Peteca e Potoca, visa integrar a comunidade em geral com o universo l\u00fadico e fant\u00e1stico do circo e da palha\u00e7aria em escolas da APAE e Centros dos Idosos, levando alegria e muita divers\u00e3o, atrav\u00e9s da linguagem da palha\u00e7aria e passando uma mensagem sobre os n\u00fameros cl\u00e1ssicos de circo, onde as palha\u00e7as levam, hist\u00f3rias, n\u00fameros musicais, participa\u00e7\u00e3o e intera\u00e7\u00e3o com o p\u00fablico.&nbsp;<\/p>\n\n\n\n<figure class=\"wp-block-image size-large\"><img loading=\"lazy\" decoding=\"async\" width=\"1024\" height=\"531\" src=\"https:\/\/focotocantinense.com.br\/wp-content\/uploads\/2025\/06\/1-projeto-circolando-foto-letticia-japiassu-1024x531.jpeg\" alt=\"\" class=\"wp-image-10694\" srcset=\"https:\/\/focotocantinense.com.br\/wp-content\/uploads\/2025\/06\/1-projeto-circolando-foto-letticia-japiassu-1024x531.jpeg 1024w, https:\/\/focotocantinense.com.br\/wp-content\/uploads\/2025\/06\/1-projeto-circolando-foto-letticia-japiassu-300x156.jpeg 300w, https:\/\/focotocantinense.com.br\/wp-content\/uploads\/2025\/06\/1-projeto-circolando-foto-letticia-japiassu-768x399.jpeg 768w, https:\/\/focotocantinense.com.br\/wp-content\/uploads\/2025\/06\/1-projeto-circolando-foto-letticia-japiassu.jpeg 1135w\" sizes=\"auto, (max-width: 1024px) 100vw, 1024px\" \/><\/figure>\n\n\n\n<p><strong><em>A dupla leva muito alegria por onde passa<\/em><\/strong><\/p>\n\n\n\n<figure class=\"wp-block-image is-resized\"><a href=\"https:\/\/blogger.googleusercontent.com\/img\/b\/R29vZ2xl\/AVvXsEi1ozCMZKz_wRy11Gii679ydVLwUqm09EAfRMdYkHIPe0ncbbW83KmRj0TNlUrlGG8RZUMGuPTv1uQxHj13Tf3umJyvEg3N05Cxzu41q-OxnMizn-zofKqXlTEuQHu6VDPrBHjJf94kM0NBZXxB6z6P9TxosbP9J0JBiiOrNYnZIuihXZQUqEhxfIiEDy3S\/s4096\/2%20OK.jpeg\"><img decoding=\"async\" src=\"https:\/\/blogger.googleusercontent.com\/img\/b\/R29vZ2xl\/AVvXsEi1ozCMZKz_wRy11Gii679ydVLwUqm09EAfRMdYkHIPe0ncbbW83KmRj0TNlUrlGG8RZUMGuPTv1uQxHj13Tf3umJyvEg3N05Cxzu41q-OxnMizn-zofKqXlTEuQHu6VDPrBHjJf94kM0NBZXxB6z6P9TxosbP9J0JBiiOrNYnZIuihXZQUqEhxfIiEDy3S\/w389-h519\/2%20OK.jpeg\" alt=\"\" style=\"width:736px;height:auto\"\/><\/a><\/figure>\n\n\n\n<p><\/p>\n\n\n\n<p><strong>Responsabilidade Social<\/strong><\/p>\n\n\n\n<p>A atriz Adriana Mendon\u00e7a, explica que a proposta do projeto se insere dentro da arte Clownesca como responsabilidade social em meio ao universo educacional e social, com respeito \u00e0 cidadania e \u00e0s pessoas que possuem menos acesso \u00e0s atividades Culturais, em Gurupi, Alvorada e Cariri do Tocantins.&nbsp;<\/p>\n\n\n\n<figure class=\"wp-block-image is-resized\"><a href=\"https:\/\/blogger.googleusercontent.com\/img\/b\/R29vZ2xl\/AVvXsEig0NAInS1gLUmylXpY5UV0Vcy4KdpoZ1Yh74nRPi84eTEkbpdTfo0Qlp-cw0Eo0xrVMQureYC473_15CcUaH4CLfXqFkIN4pNuwuxuv6iq-Q-Pyk_LMF5C9YbMmMLRTI-TGSmlM86GeXHW8vp5-ZxIvsz9zh9va248ho-u7qU09hOzToNTNwfw6DhmCfI9\/s1325\/8%20CIRCO%C2%B4LANDO%20LETICIA%20JAPIASSU.jpeg\"><img decoding=\"async\" src=\"https:\/\/blogger.googleusercontent.com\/img\/b\/R29vZ2xl\/AVvXsEig0NAInS1gLUmylXpY5UV0Vcy4KdpoZ1Yh74nRPi84eTEkbpdTfo0Qlp-cw0Eo0xrVMQureYC473_15CcUaH4CLfXqFkIN4pNuwuxuv6iq-Q-Pyk_LMF5C9YbMmMLRTI-TGSmlM86GeXHW8vp5-ZxIvsz9zh9va248ho-u7qU09hOzToNTNwfw6DhmCfI9\/w542-h193\/8%20CIRCO%C2%B4LANDO%20LETICIA%20JAPIASSU.jpeg\" alt=\"\" style=\"width:736px;height:auto\"\/><\/a><\/figure>\n\n\n\n<p><\/p>\n\n\n\n<p><strong>Resgate da palha\u00e7aria<\/strong><\/p>\n\n\n\n<p>\u201cNeste contexto, levar o riso e a magia dos cl\u00e1ssicos da palha\u00e7aria aos cora\u00e7\u00f5es se faz indispens\u00e1vel\u201d, afirma Adriana,&nbsp; informando que a ideia do projeto surgiu a partir da vontade de resgatar os textos cl\u00e1ssicos dos palha\u00e7os de circo, mantendo viva essa antiga tradi\u00e7\u00e3o da arte circense, com muita alegria e divers\u00e3o ao p\u00fablico.&nbsp;<\/p>\n\n\n\n<p>O espet\u00e1culo da dupla tem dura\u00e7\u00e3o de uma hora em cada cidade, e sempre&nbsp; ap\u00f3s o espet\u00e1culo , acontece roda de bate papo, com o p\u00fablico.<\/p>\n\n\n\n<figure class=\"wp-block-image is-resized\"><a href=\"https:\/\/blogger.googleusercontent.com\/img\/b\/R29vZ2xl\/AVvXsEjREf4MSEi8BBU8jDEUGlfq6U3dDhvrw6akb4Xweb2Q5BgXZ3q-XP6opj-7Og-DsXx11FOxIV_pdDVrEtqhpR40_ENgvWAZ6HbbvFC9tNx6ZVESNk3qCZTf_77SKIZzVSivPdZ8W9r9fIJcSfIY73KlzY-U77LVASoJReuYPiYailjlqVfQ-lTWfU8Xz1HZ\/s4096\/3%20OK.jpeg\"><img decoding=\"async\" src=\"https:\/\/blogger.googleusercontent.com\/img\/b\/R29vZ2xl\/AVvXsEjREf4MSEi8BBU8jDEUGlfq6U3dDhvrw6akb4Xweb2Q5BgXZ3q-XP6opj-7Og-DsXx11FOxIV_pdDVrEtqhpR40_ENgvWAZ6HbbvFC9tNx6ZVESNk3qCZTf_77SKIZzVSivPdZ8W9r9fIJcSfIY73KlzY-U77LVASoJReuYPiYailjlqVfQ-lTWfU8Xz1HZ\/w405-h539\/3%20OK.jpeg\" alt=\"\" style=\"width:736px;height:auto\"\/><\/a><\/figure>\n\n\n\n<p><\/p>\n\n\n\n<p><strong>O encanto da arte<\/strong><\/p>\n\n\n\n<p>Parceira de Adriana, a atriz Aline Mendon\u00e7a lembra que a arte sempre esteve presente na vida das pessoas de v\u00e1rias maneiras, e em todos os tempos ela se faz necess\u00e1ria e indispens\u00e1vel, pois, enquanto muitos em seus lares entram em conflitos internos, a arte&nbsp; circense encanta mundo a fora e enchem o nossos cora\u00e7\u00f5es de alegria e satisfa\u00e7\u00e3o.&nbsp;<\/p>\n\n\n\n<p>\u201cSomos a arte do encontro, do olho no olho, tendo em vista levar alegria e o riso solto no rosto de cada pessoa, o que a arte da palha\u00e7aria e do circo faz a mil\u00eanios encantando gera\u00e7\u00f5es e gera\u00e7\u00f5es\u201d, finalizou Aline.<\/p>\n\n\n\n<figure class=\"wp-block-image is-resized\"><a href=\"https:\/\/blogger.googleusercontent.com\/img\/b\/R29vZ2xl\/AVvXsEic2YivcwyKzAKXdQF96lbiC1EuM4_WeK9KBeJe9KuV5rCljUTpZpsCeEiNzFSg5gm4HNS7d7VDeHtaBJ9yYB-2SSA4VL3kYnbga09VCAibQK_vAILtSKAsr3UhDfwSmPLY-C0xpkc9jLfvmgGHhqRUYpVs5BA5sfSxT9V3KoWOX4eHr_lNbTt-9e1scLgx\/s1080\/143%20APAE%20DE%20GURUPI.jpeg\"><img decoding=\"async\" src=\"https:\/\/blogger.googleusercontent.com\/img\/b\/R29vZ2xl\/AVvXsEic2YivcwyKzAKXdQF96lbiC1EuM4_WeK9KBeJe9KuV5rCljUTpZpsCeEiNzFSg5gm4HNS7d7VDeHtaBJ9yYB-2SSA4VL3kYnbga09VCAibQK_vAILtSKAsr3UhDfwSmPLY-C0xpkc9jLfvmgGHhqRUYpVs5BA5sfSxT9V3KoWOX4eHr_lNbTt-9e1scLgx\/w497-h497\/143%20APAE%20DE%20GURUPI.jpeg\" alt=\"\" style=\"width:736px;height:auto\"\/><\/a><\/figure>\n\n\n\n<p><strong><em>Apresenta\u00e7\u00e3o para os alunos das APAE de Gurupi<\/em><\/strong><\/p>\n\n\n\n<figure class=\"wp-block-image is-resized\"><a href=\"https:\/\/blogger.googleusercontent.com\/img\/b\/R29vZ2xl\/AVvXsEjNIXZpSnkQuZlUalEAqKuu7k5IelJdpA4syzpQVnTwFMiIXYsIog6Xse7yoH1tdR26hrzEwSV0zd3w3diOUR-5nYNIi3A2vnDgbt5iUSEG5r6qz_YHP4PO-1t9SXh_z-hBASs3gozpcA3f3aLnVkh_KEma1JQolM9vGS1shxBgqGpCAJQzk6re5Sd-TZ0E\/s1080\/13%20APAE%20GPI.jpeg\"><img decoding=\"async\" src=\"https:\/\/blogger.googleusercontent.com\/img\/b\/R29vZ2xl\/AVvXsEjNIXZpSnkQuZlUalEAqKuu7k5IelJdpA4syzpQVnTwFMiIXYsIog6Xse7yoH1tdR26hrzEwSV0zd3w3diOUR-5nYNIi3A2vnDgbt5iUSEG5r6qz_YHP4PO-1t9SXh_z-hBASs3gozpcA3f3aLnVkh_KEma1JQolM9vGS1shxBgqGpCAJQzk6re5Sd-TZ0E\/w497-h497\/13%20APAE%20GPI.jpeg\" alt=\"\" style=\"width:736px;height:auto\"\/><\/a><\/figure>\n\n\n\n<figure class=\"wp-block-image is-resized\"><a href=\"https:\/\/blogger.googleusercontent.com\/img\/b\/R29vZ2xl\/AVvXsEhd1qdkfvoWbuGwZin6gu1IWweJQiWUHXtSfCwT7bJoEEXty3zrLUgNwJXNrDcensuDh4tgK79yUYPa9dEs3egcXznbqOz3-ZKwYm5_qV6Es2UWo0VA4RQFlmkLgWDB1UELlGMw2JsEwNzCMlBSEp_dHa1jP9eqjhmj_eG1WOaOfrzs1Q8H8yTuI0mnzvKH\/s1500\/15%20APAE%20ALVORADA.jpeg\"><img decoding=\"async\" src=\"https:\/\/blogger.googleusercontent.com\/img\/b\/R29vZ2xl\/AVvXsEhd1qdkfvoWbuGwZin6gu1IWweJQiWUHXtSfCwT7bJoEEXty3zrLUgNwJXNrDcensuDh4tgK79yUYPa9dEs3egcXznbqOz3-ZKwYm5_qV6Es2UWo0VA4RQFlmkLgWDB1UELlGMw2JsEwNzCMlBSEp_dHa1jP9eqjhmj_eG1WOaOfrzs1Q8H8yTuI0mnzvKH\/w508-h338\/15%20APAE%20ALVORADA.jpeg\" alt=\"\" style=\"width:736px;height:auto\"\/><\/a><\/figure>\n\n\n\n<p><strong>Apresenta\u00e7\u00e3o na APAE&nbsp; de Alvorada, no Sul do Estado<\/strong><\/p>\n\n\n\n<figure class=\"wp-block-image is-resized\"><a href=\"https:\/\/blogger.googleusercontent.com\/img\/b\/R29vZ2xl\/AVvXsEi_lCQ94xwVk28HkyggYDaZ6UXngcNr81oavjXOMIqNcAbB7ycYFypOaES1q7vl27GYqbTPZnUEjZOd8WFJHSy_FVCJWO-fPPzqzCk6dPTQwWHK8BJ32R2lA0Gli380MlSuBdxQp1sqa7TAKdfwRrZyNoXjGLyRZk-l4mF1z1AlmCNoraLEFtY6I4gnO2xb\/s4032\/10%20circulando.jpeg\"><img decoding=\"async\" src=\"https:\/\/blogger.googleusercontent.com\/img\/b\/R29vZ2xl\/AVvXsEi_lCQ94xwVk28HkyggYDaZ6UXngcNr81oavjXOMIqNcAbB7ycYFypOaES1q7vl27GYqbTPZnUEjZOd8WFJHSy_FVCJWO-fPPzqzCk6dPTQwWHK8BJ32R2lA0Gli380MlSuBdxQp1sqa7TAKdfwRrZyNoXjGLyRZk-l4mF1z1AlmCNoraLEFtY6I4gnO2xb\/w496-h279\/10%20circulando.jpeg\" alt=\"\" style=\"width:736px;height:auto\"\/><\/a><\/figure>\n\n\n\n<p><strong><em>A dupla ainda se apresentou na Casa dos Idosos de Gurupi<\/em><\/strong><\/p>\n","protected":false},"excerpt":{"rendered":"<p>Por Zacarias Martins Dando sequ\u00eancia ao Projeto Circo-Lando, as palha\u00e7as Peteca e Potoca, interpretadas pelas atrizes Aline e Adriana Mendon\u00e7a, foram uma atra\u00e7\u00e3o \u00e0 parte na culmin\u00e2ncia do 2\u00ba Campeonato de V\u00f4lei Adaptado do Projeto EnvelheSER, da Prefeitura de Gurupi,&nbsp; &nbsp;realizada no&nbsp; \u00faltimo dia 27 de junho, no Centro de Atividades do Sesc em Gurupi.&nbsp; &hellip;<\/p>\n","protected":false},"author":5,"featured_media":10694,"comment_status":"open","ping_status":"open","sticky":false,"template":"","format":"standard","meta":{"footnotes":""},"categories":[1],"tags":[],"class_list":["post-10693","post","type-post","status-publish","format-standard","has-post-thumbnail","","category-sem-categoria"],"_links":{"self":[{"href":"https:\/\/focotocantinense.com.br\/index.php?rest_route=\/wp\/v2\/posts\/10693","targetHints":{"allow":["GET"]}}],"collection":[{"href":"https:\/\/focotocantinense.com.br\/index.php?rest_route=\/wp\/v2\/posts"}],"about":[{"href":"https:\/\/focotocantinense.com.br\/index.php?rest_route=\/wp\/v2\/types\/post"}],"author":[{"embeddable":true,"href":"https:\/\/focotocantinense.com.br\/index.php?rest_route=\/wp\/v2\/users\/5"}],"replies":[{"embeddable":true,"href":"https:\/\/focotocantinense.com.br\/index.php?rest_route=%2Fwp%2Fv2%2Fcomments&post=10693"}],"version-history":[{"count":3,"href":"https:\/\/focotocantinense.com.br\/index.php?rest_route=\/wp\/v2\/posts\/10693\/revisions"}],"predecessor-version":[{"id":10697,"href":"https:\/\/focotocantinense.com.br\/index.php?rest_route=\/wp\/v2\/posts\/10693\/revisions\/10697"}],"wp:featuredmedia":[{"embeddable":true,"href":"https:\/\/focotocantinense.com.br\/index.php?rest_route=\/wp\/v2\/media\/10694"}],"wp:attachment":[{"href":"https:\/\/focotocantinense.com.br\/index.php?rest_route=%2Fwp%2Fv2%2Fmedia&parent=10693"}],"wp:term":[{"taxonomy":"category","embeddable":true,"href":"https:\/\/focotocantinense.com.br\/index.php?rest_route=%2Fwp%2Fv2%2Fcategories&post=10693"},{"taxonomy":"post_tag","embeddable":true,"href":"https:\/\/focotocantinense.com.br\/index.php?rest_route=%2Fwp%2Fv2%2Ftags&post=10693"}],"curies":[{"name":"wp","href":"https:\/\/api.w.org\/{rel}","templated":true}]}}