{"id":10679,"date":"2025-06-27T12:10:52","date_gmt":"2025-06-27T15:10:52","guid":{"rendered":"https:\/\/focotocantinense.com.br\/?p=10679"},"modified":"2025-06-27T12:13:12","modified_gmt":"2025-06-27T15:13:12","slug":"prefeita-josi-nunes-compartilha-trajetoria-e-boas-praticas-de-gurupi-no-summit-cidades-2025","status":"publish","type":"post","link":"https:\/\/focotocantinense.com.br\/?p=10679","title":{"rendered":"Prefeita Josi Nunes compartilha trajet\u00f3ria e boas pr\u00e1ticas de Gurupi no Summit Cidades 2025"},"content":{"rendered":"\n<p>A prefeita de Gurupi, Josi Nunes, foi uma das vozes femininas do poder p\u00fablico presentes no Summit Cidades 2025, de 24 e 26 de junho em Florian\u00f3polis (SC). Em sua participa\u00e7\u00e3o no evento, na quarta-feira, 25, durante a roda de conversa com tema \u201cLideran\u00e7a Feminina no Setor P\u00fablico: Estrat\u00e9gia, Influ\u00eancia e Resultados\u201d, ao lado da prefeita de S\u00e3o Martinho (SC), Anelise Wiemes, Josi destacou os avan\u00e7os da gest\u00e3o municipal de Gurupi e defendeu a amplia\u00e7\u00e3o do protagonismo das mulheres na pol\u00edtica.<\/p>\n\n\n\n<figure class=\"wp-block-image size-full is-resized\"><img loading=\"lazy\" decoding=\"async\" width=\"1024\" height=\"768\" src=\"https:\/\/focotocantinense.com.br\/wp-content\/uploads\/2025\/06\/NNNNNNNNNNNNNNNNNNNNNN-1.webp\" alt=\"\" class=\"wp-image-10685\" style=\"width:399px;height:auto\" srcset=\"https:\/\/focotocantinense.com.br\/wp-content\/uploads\/2025\/06\/NNNNNNNNNNNNNNNNNNNNNN-1.webp 1024w, https:\/\/focotocantinense.com.br\/wp-content\/uploads\/2025\/06\/NNNNNNNNNNNNNNNNNNNNNN-1-300x225.webp 300w, https:\/\/focotocantinense.com.br\/wp-content\/uploads\/2025\/06\/NNNNNNNNNNNNNNNNNNNNNN-1-768x576.webp 768w\" sizes=\"auto, (max-width: 1024px) 100vw, 1024px\" \/><\/figure>\n\n\n\n<p>Com um p\u00fablico formado por lideran\u00e7as pol\u00edticas, acad\u00eamicos e representantes da iniciativa privada de todo o Brasil, o painel foi um espa\u00e7o de trocas sobre desafios, conquistas e estrat\u00e9gias de lideran\u00e7a no setor p\u00fablico. Durante sua fala, Josi Nunes compartilhou sua trajet\u00f3ria pol\u00edtica e as a\u00e7\u00f5es que v\u00eam sendo implementadas em Gurupi ao longo de seu mandato. Ela ressaltou o papel estrat\u00e9gico de eventos como o Summit na constru\u00e7\u00e3o de pol\u00edticas p\u00fablicas mais eficientes e participativas.<\/p>\n\n\n\n<p>\u201cO Summit Cidades \u00e9 um espa\u00e7o estrat\u00e9gico para dialogar sobre os desafios da gest\u00e3o p\u00fablica e compartilhar solu\u00e7\u00f5es que impactam diretamente a vida das pessoas. Estou entusiasmada com a oportunidade de apresentar a trajet\u00f3ria que constru\u00edmos em Gurupi, mostrar nossas pr\u00e1ticas de gest\u00e3o e, principalmente, contribuir com o debate sobre o papel da mulher na lideran\u00e7a pol\u00edtica\u201d, afirmou.<\/p>\n\n\n\n<p>A prefeita tamb\u00e9m destacou que momentos como esse fortalecem o interc\u00e2mbio entre gestores e ajudam na constru\u00e7\u00e3o de solu\u00e7\u00f5es pr\u00e1ticas e inovadoras para os munic\u00edpios brasileiros. \u201cEstou levando na bagagem muitas experi\u00eancias valiosas que se tornar\u00e3o novas ideias &nbsp;para continuar transformando Gurupi\u201d, completou.<\/p>\n\n\n\n<p><strong>Lideran\u00e7a feminina<\/strong><\/p>\n\n\n\n<p>Sobre a lideran\u00e7a feminina no setor p\u00fablico, Josi explicou aos presentes que se trata de um exerc\u00edcio di\u00e1rio de equil\u00edbrio entre planejamento estrat\u00e9gico, capacidade de execu\u00e7\u00e3o e sensibilidade social. \u201cEm Gurupi, n\u00f3s temos trabalhado com muita responsabilidade para dar respostas concretas \u00e0 popula\u00e7\u00e3o, sempre com foco nos resultados. Nossa gest\u00e3o \u00e9 marcada por entregas que h\u00e1 muito tempo eram esperadas e que hoje est\u00e3o transformando a realidade de diversos bairros. S\u00e3o obras que melhoram a infraestrutura da cidade, mas o diferencial da lideran\u00e7a feminina \u00e9 fazer tudo isso pensando nas pessoas que ser\u00e3o impactadas\u201d, enfatizou a prefeita.<\/p>\n\n\n\n<p>Josi chamou a aten\u00e7\u00e3o para uma reflex\u00e3o sobre a participa\u00e7\u00e3o feminina na pol\u00edtica.<\/p>\n\n\n\n<p>\u201cHoje, apenas 13% dos mais de cinco mil munic\u00edpios brasileiros s\u00e3o governados por mulheres. Isso significa que, mesmo com toda nossa for\u00e7a e capacidade, ainda somos minoria nos espa\u00e7os onde as decis\u00f5es mais importantes s\u00e3o tomadas. O mecanismo das cotas de candidaturas femininas foi um passo, mas n\u00e3o basta. Porque presen\u00e7a de verdade n\u00e3o se faz com n\u00fameros, se faz com voz, com participa\u00e7\u00e3o, com poder. Quanto mais mulheres se levantam, mais esse cen\u00e1rio come\u00e7a a mudar. N\u00e3o porque nos deram espa\u00e7o, &nbsp;mas porque n\u00f3s o conquistamos. Porque entendemos que n\u00e3o basta estar presente no mundo: \u00e9 preciso estar presente nas decis\u00f5es que moldam esse mundo\u201d, finalizou.<\/p>\n\n\n\n<p>\u201cA melhoria nos indicadores de alfabetiza\u00e7\u00e3o reflete o compromisso da nossa gest\u00e3o com a qualidade do ensino. Vamos seguir investindo em pol\u00edticas educacionais que garantam um futuro melhor para nossas crian\u00e7a\u201d, concluiu Josi Nunes.<\/p>\n\n\n\n<figure class=\"wp-block-image size-full is-resized\"><img loading=\"lazy\" decoding=\"async\" width=\"727\" height=\"184\" src=\"https:\/\/focotocantinense.com.br\/wp-content\/uploads\/2025\/06\/SHOW-DE-HUMOR-DE-VINICIUS-MARTINS-6.jpeg\" alt=\"\" class=\"wp-image-10682\" style=\"width:840px;height:auto\" srcset=\"https:\/\/focotocantinense.com.br\/wp-content\/uploads\/2025\/06\/SHOW-DE-HUMOR-DE-VINICIUS-MARTINS-6.jpeg 727w, https:\/\/focotocantinense.com.br\/wp-content\/uploads\/2025\/06\/SHOW-DE-HUMOR-DE-VINICIUS-MARTINS-6-300x76.jpeg 300w\" sizes=\"auto, (max-width: 727px) 100vw, 727px\" \/><\/figure>\n","protected":false},"excerpt":{"rendered":"<p>A prefeita de Gurupi, Josi Nunes, foi uma das vozes femininas do poder p\u00fablico presentes no Summit Cidades 2025, de 24 e 26 de junho em Florian\u00f3polis (SC). Em sua participa\u00e7\u00e3o no evento, na quarta-feira, 25, durante a roda de conversa com tema \u201cLideran\u00e7a Feminina no Setor P\u00fablico: Estrat\u00e9gia, Influ\u00eancia e Resultados\u201d, ao lado da &hellip;<\/p>\n","protected":false},"author":5,"featured_media":10680,"comment_status":"open","ping_status":"open","sticky":false,"template":"","format":"standard","meta":{"footnotes":""},"categories":[1],"tags":[],"class_list":["post-10679","post","type-post","status-publish","format-standard","has-post-thumbnail","","category-sem-categoria"],"_links":{"self":[{"href":"https:\/\/focotocantinense.com.br\/index.php?rest_route=\/wp\/v2\/posts\/10679","targetHints":{"allow":["GET"]}}],"collection":[{"href":"https:\/\/focotocantinense.com.br\/index.php?rest_route=\/wp\/v2\/posts"}],"about":[{"href":"https:\/\/focotocantinense.com.br\/index.php?rest_route=\/wp\/v2\/types\/post"}],"author":[{"embeddable":true,"href":"https:\/\/focotocantinense.com.br\/index.php?rest_route=\/wp\/v2\/users\/5"}],"replies":[{"embeddable":true,"href":"https:\/\/focotocantinense.com.br\/index.php?rest_route=%2Fwp%2Fv2%2Fcomments&post=10679"}],"version-history":[{"count":3,"href":"https:\/\/focotocantinense.com.br\/index.php?rest_route=\/wp\/v2\/posts\/10679\/revisions"}],"predecessor-version":[{"id":10686,"href":"https:\/\/focotocantinense.com.br\/index.php?rest_route=\/wp\/v2\/posts\/10679\/revisions\/10686"}],"wp:featuredmedia":[{"embeddable":true,"href":"https:\/\/focotocantinense.com.br\/index.php?rest_route=\/wp\/v2\/media\/10680"}],"wp:attachment":[{"href":"https:\/\/focotocantinense.com.br\/index.php?rest_route=%2Fwp%2Fv2%2Fmedia&parent=10679"}],"wp:term":[{"taxonomy":"category","embeddable":true,"href":"https:\/\/focotocantinense.com.br\/index.php?rest_route=%2Fwp%2Fv2%2Fcategories&post=10679"},{"taxonomy":"post_tag","embeddable":true,"href":"https:\/\/focotocantinense.com.br\/index.php?rest_route=%2Fwp%2Fv2%2Ftags&post=10679"}],"curies":[{"name":"wp","href":"https:\/\/api.w.org\/{rel}","templated":true}]}}