{"id":10676,"date":"2025-06-26T22:27:57","date_gmt":"2025-06-27T01:27:57","guid":{"rendered":"https:\/\/focotocantinense.com.br\/?p=10676"},"modified":"2025-06-26T22:29:04","modified_gmt":"2025-06-27T01:29:04","slug":"augusto-correa-na-busca-do-turismo-sustentavel-sem-perder-a-historia-2","status":"publish","type":"post","link":"https:\/\/focotocantinense.com.br\/?p=10676","title":{"rendered":"Augusto Corr\u00eaa na busca do turismo sustent\u00e1vel sem perder a hist\u00f3ria"},"content":{"rendered":"\n<p><strong>Por Gilberto Correia<\/strong><\/p>\n\n\n\n<p>Localizado na regi\u00e3o Nordeste do Par\u00e1, Augusto Corr\u00eaa desponta como um dos munic\u00edpios que buscam se reinventar por meio do turismo sustent\u00e1vel, sem abrir m\u00e3o de sua mem\u00f3ria hist\u00f3rica e tradi\u00e7\u00f5es culturais. A cidade paraense, situada a cerca de 15 quil\u00f4metros de Bragan\u00e7a, integra a microrregi\u00e3o bragantina e faz parte da chamada Rota Amaz\u00f4nia Atl\u00e2ntica, um projeto que vem redesenhando o mapa tur\u00edstico da regi\u00e3o Norte do Brasil.<\/p>\n\n\n\n<figure class=\"wp-block-image is-resized\"><a href=\"https:\/\/blogger.googleusercontent.com\/img\/b\/R29vZ2xl\/AVvXsEhNcdDW6FCTlLV_2QDLQemmDtzWu7roJb5L0uATkNouRc3hFd0VYuACKZ0yBsdxlQiMGCyWLpnq0XC6IQeCW2sdybwswQVHlG3Cx_-xKJIC0VTGFQcKfQQZwDpegQkTDKt73y2ltXh8kV8cIuoD-yn_kaS5aEdjztfhty2FuY3QYGOq_056EBvzYUIayw9x\/s1068\/BBBBBBBBBBBB.jpg\"><img decoding=\"async\" src=\"https:\/\/blogger.googleusercontent.com\/img\/b\/R29vZ2xl\/AVvXsEhNcdDW6FCTlLV_2QDLQemmDtzWu7roJb5L0uATkNouRc3hFd0VYuACKZ0yBsdxlQiMGCyWLpnq0XC6IQeCW2sdybwswQVHlG3Cx_-xKJIC0VTGFQcKfQQZwDpegQkTDKt73y2ltXh8kV8cIuoD-yn_kaS5aEdjztfhty2FuY3QYGOq_056EBvzYUIayw9x\/w511-h243\/BBBBBBBBBBBB.jpg\" alt=\"\" style=\"width:400px;height:auto\"\/><\/a><\/figure>\n\n\n\n<p><strong><em>Orla da cidade com destaque para o Rio Urumaj\u00f3. (Foto: GIberto Correia).<\/em><\/strong><\/p>\n\n\n\n<p><strong>Origens e identidade cultural<\/strong><\/p>\n\n\n\n<p>Antes de ser munic\u00edpio, Augusto Corr\u00eaa era conhecido como Vila de Urumaj\u00f3, nome herdado do principal rio que banha a cidade. Sua hist\u00f3ria est\u00e1 profundamente enraizada nas origens ind\u00edgenas dos Tupinamb\u00e1s, que foram os primeiros habitantes da regi\u00e3o. Esses povos deixaram marcas indel\u00e9veis na cultura local, seja nas pr\u00e1ticas de pesca artesanal, no modo de vida ribeirinho, nos saberes da floresta ou nos rituais tradicionais ainda preservados por algumas fam\u00edlias da zona rural.<\/p>\n\n\n\n<p>O munic\u00edpio foi elevado \u00e0 categoria de cidade em 1961 e recebeu o nome em homenagem ao pol\u00edtico e jurista paraense Augusto Corr\u00eaa da Rocha. Desde ent\u00e3o, tem mantido uma vida pacata, sustentada principalmente pela agricultura familiar, pesca, e mais recentemente, pelo ecoturismo em expans\u00e3o.<\/p>\n\n\n\n<figure class=\"wp-block-image is-resized\"><a href=\"https:\/\/blogger.googleusercontent.com\/img\/b\/R29vZ2xl\/AVvXsEgcIbMkOccMiGZoI19FUCPOwZksMh2y4hgRVxVz6Sumu1Nl0n3FZgEIICSxSgZn2Q0ZLJ9qHsFKniV0Szf5pgTeBnAjm4eZa_HlLHkyH6KzWDfpU2hGDpSLimmYNBlMM0RwYImx4iT6IIybxCTZ-Fz_1eBi7XXywVwD404R7oClgllvNjMY-ykkYqOWS23t\/s300\/cccccccccccccccc.jpg\"><img decoding=\"async\" src=\"https:\/\/blogger.googleusercontent.com\/img\/b\/R29vZ2xl\/AVvXsEgcIbMkOccMiGZoI19FUCPOwZksMh2y4hgRVxVz6Sumu1Nl0n3FZgEIICSxSgZn2Q0ZLJ9qHsFKniV0Szf5pgTeBnAjm4eZa_HlLHkyH6KzWDfpU2hGDpSLimmYNBlMM0RwYImx4iT6IIybxCTZ-Fz_1eBi7XXywVwD404R7oClgllvNjMY-ykkYqOWS23t\/w498-h331\/cccccccccccccccc.jpg\" alt=\"\" style=\"width:840px;height:auto\"\/><\/a><\/figure>\n\n\n\n<p><strong>Prefeito Estrela Nogueira (c) com parte dos integrantes da Rota Amaz\u00f4nia Atl\u00e2ntica,&nbsp; no Sitio Raiz.&nbsp; (Foto: Jo\u00e3o Ramid)<\/strong><\/p>\n\n\n\n<p><strong>Turismo sustent\u00e1vel e a rota Amaz\u00f4nia Atl\u00e2ntica<\/strong><\/p>\n\n\n\n<p>A Rota Amaz\u00f4nia Atl\u00e2ntica \u00e9 uma proposta de integra\u00e7\u00e3o regional que envolve diversos munic\u00edpios do nordeste paraense, com foco em valorizar a biodiversidade, a cultura tradicional e os atrativos naturais da regi\u00e3o. Augusto Corr\u00eaa se destaca na rota por sua costa repleta de manguezais, praias semi-intocadas e uma rica rede de rios naveg\u00e1veis, como o Rio Urumaj\u00f3, que atrai turistas interessados em passeios de canoa, observa\u00e7\u00e3o de aves e experi\u00eancias comunit\u00e1rias com popula\u00e7\u00f5es locais.<\/p>\n\n\n\n<p>A cidade tem apostado no turismo sustent\u00e1vel como forma de desenvolvimento econ\u00f4mico e preserva\u00e7\u00e3o ambiental. Iniciativas como hospedagens em casas de moradores, gastronomia baseada em produtos nativos (como o a\u00e7a\u00ed, o peixe fresco e frutos do mar), e trilhas interpretativas pela floresta de v\u00e1rzea v\u00eam sendo estruturadas com apoio de ONGs, universidades e do poder p\u00fablico.<\/p>\n\n\n\n<p>Durante a recep\u00e7\u00e3o \u00e0 comitiva da FEBTUR, realizada no S\u00edtio Raiz, no dia 14 de junho, o prefeito Francisco Edinaldo Queiroz de Oliveira, mais conhecido como Estrela Nogueira, destacou os esfor\u00e7os da atual gest\u00e3o para consolidar Augusto Corr\u00eaa como um destino estrat\u00e9gico dentro da Rota Amaz\u00f4nia Atl\u00e2ntica.<\/p>\n\n\n\n<p>\u201cEstamos no segundo mandato com o compromisso de fortalecer o turismo sustent\u00e1vel como uma pol\u00edtica p\u00fablica integrada. Acreditamos que desenvolver o turismo n\u00e3o \u00e9 apenas atrair visitantes, mas cuidar das pessoas que aqui vivem. Por isso, temos investido em infraestrutura, educa\u00e7\u00e3o, sa\u00fade e assist\u00eancia social. Tudo isso faz parte de uma engrenagem que contribui para receber bem os turistas, mas principalmente, para elevar a autoestima do nosso povo, gerando oportunidades, renda e valoriza\u00e7\u00e3o cultural. A parceria com a Rota Amaz\u00f4nia Atl\u00e2ntica vem para somar for\u00e7as nesse caminho de transforma\u00e7\u00e3o e pertencimento,\u201d afirmou o prefeito.<\/p>\n\n\n\n<p>A fala refor\u00e7a a ideia de que o turismo sustent\u00e1vel em Augusto Corr\u00eaa est\u00e1 sendo trabalhado como parte de um projeto de desenvolvimento humano e territorial, onde preservar a natureza e promover a cultura local caminham lado a lado com a\u00e7\u00f5es p\u00fablicas cont\u00ednuas e planejadas.<\/p>\n\n\n\n<figure class=\"wp-block-image is-resized\"><a href=\"https:\/\/blogger.googleusercontent.com\/img\/b\/R29vZ2xl\/AVvXsEhGlO9XwXPVxAwH-jxPjlMtFoXlcfyjzWTr4rbi4rWZXQNAL16PYgoqSV0UiP2ies7GlxdxIJotIEJpHch7Ak3Fdn5RinVJrA3h_J96U3JgJRoM_iwklRfPaKtL5_RDj_aoMCESCfWpOdZ4LygK3-UpVtpDTEPULLJGIQCntI50DJ7lLMJkzuO6GhY4O-k3\/s300\/ddddddddddddddd.jpg\"><img decoding=\"async\" src=\"https:\/\/blogger.googleusercontent.com\/img\/b\/R29vZ2xl\/AVvXsEhGlO9XwXPVxAwH-jxPjlMtFoXlcfyjzWTr4rbi4rWZXQNAL16PYgoqSV0UiP2ies7GlxdxIJotIEJpHch7Ak3Fdn5RinVJrA3h_J96U3JgJRoM_iwklRfPaKtL5_RDj_aoMCESCfWpOdZ4LygK3-UpVtpDTEPULLJGIQCntI50DJ7lLMJkzuO6GhY4O-k3\/w475-h228\/ddddddddddddddd.jpg\" alt=\"\" style=\"width:840px;height:auto\"\/><\/a><\/figure>\n\n\n\n<p><strong>Pra\u00e7a da Matriz de Augusto Correia.&nbsp; (Foto: Gilberto Correia)<\/strong><\/p>\n\n\n\n<p><strong>Tradi\u00e7\u00f5es e festas populares<\/strong><\/p>\n\n\n\n<p>Apesar de sua pequena popula\u00e7\u00e3o e perfil interiorano, Augusto Corr\u00eaa \u00e9 um reduto cultural vibrante. Uma das maiores express\u00f5es de sua tradi\u00e7\u00e3o \u00e9 o c\u00edrio de Nossa Senhora de Nazar\u00e9, que atrai milhares de romeiros e mistura f\u00e9, m\u00fasica e religiosidade em um espet\u00e1culo de devo\u00e7\u00e3o popular. Tamb\u00e9m se destacam os festejos juninos, os arrast\u00f5es do carimb\u00f3 e a produ\u00e7\u00e3o artesanal de cer\u00e2micas e biojoias feitas com sementes e elementos da natureza.<\/p>\n\n\n\n<p>A oralidade continua sendo uma das maiores riquezas locais. As hist\u00f3rias passadas de gera\u00e7\u00e3o em gera\u00e7\u00e3o mant\u00eam viva a mem\u00f3ria dos pescadores antigos, das benzedeiras e dos l\u00edderes comunit\u00e1rios que lutaram para preservar o modo de vida ribeirinho.<\/p>\n\n\n\n<figure class=\"wp-block-image is-resized\"><a href=\"https:\/\/blogger.googleusercontent.com\/img\/b\/R29vZ2xl\/AVvXsEjhkg6xPghv9xTLnTM7QLBAQGSWustnpPG7_eFqRRQS-iDgWuk2JkAfMeyXlagjlKSmUzWve6JqVo-7AX-xc680c6PiRmh2QvipFIp0WKJgeB9HrFN83lqr2B8Z1IVmlo9RmZeylrYC9sJmge4mU5_EGR3qB9sR62VT7Zk0_jTaN7jkcTRdDpHfBuarqeqx\/s300\/eeeeeeeeeeeeeeeeeeeeee.jpg\"><img decoding=\"async\" src=\"https:\/\/blogger.googleusercontent.com\/img\/b\/R29vZ2xl\/AVvXsEjhkg6xPghv9xTLnTM7QLBAQGSWustnpPG7_eFqRRQS-iDgWuk2JkAfMeyXlagjlKSmUzWve6JqVo-7AX-xc680c6PiRmh2QvipFIp0WKJgeB9HrFN83lqr2B8Z1IVmlo9RmZeylrYC9sJmge4mU5_EGR3qB9sR62VT7Zk0_jTaN7jkcTRdDpHfBuarqeqx\/w428-h241\/eeeeeeeeeeeeeeeeeeeeee.jpg\" alt=\"\" style=\"width:840px;height:auto\"\/><\/a><\/figure>\n\n\n\n<p><strong><em>Vista a\u00e9rea da cidade de Augusto Corr\u00eaa. (Foto: Pedro Guerreiro\/Ag. Par\u00e1)<\/em><\/strong><\/p>\n\n\n\n<p><strong>Potencial a ser explorado<\/strong><\/p>\n\n\n\n<p>Com um territ\u00f3rio marcado por belas paisagens, biodiversidade abundante e um povo acolhedor, Augusto Corr\u00eaa caminha a passos firmes na dire\u00e7\u00e3o de um turismo que respeita o meio ambiente e fortalece os valores locais. Ainda h\u00e1 desafios, como a necessidade de melhorar o acesso vi\u00e1rio, a infraestrutura b\u00e1sica e a capacita\u00e7\u00e3o de m\u00e3o de obra local. Contudo, a cidade mostra que \u00e9 poss\u00edvel crescer sem apagar o passado, equilibrando a tradi\u00e7\u00e3o com a inova\u00e7\u00e3o.<\/p>\n\n\n\n<p><strong>Visita da Febtur<\/strong><\/p>\n\n\n\n<p>Durante a visita da comitiva de jornalistas e comunicadores de Turismo, que participaram do II Congresso da Febtur em Bel\u00e9m do Par\u00e1, um grupo de 20 pessoas se deslocaram at\u00e9 a cidade e participaram ativamente das visitas ao S\u00edtio Raiz e na Fazenda Bacuri, conhecendo as atividades desenvolvidas, bem como de outros integrantes da rota Amaz\u00f4nia Atl\u00e2ntica, como o pescador Senhor Sacaca e o artesanato do Ip\u00ea Por\u00e3, entre outras a\u00e7\u00f5es praticadas pelos parceiros envolvidos.<\/p>\n\n\n\n<p>Augusto Corr\u00eaa \u00e9, portanto, mais do que um destino tur\u00edstico. \u00c9 um retrato vivo da Amaz\u00f4nia paraense. Diversa, resistente, generosa e agora, com um futuro promissor, sem esquecer de onde veio.<\/p>\n\n\n\n<figure class=\"wp-block-image is-resized\"><a href=\"https:\/\/blogger.googleusercontent.com\/img\/b\/R29vZ2xl\/AVvXsEgXXD2_DpNPlKpwRhgUn-meg8-Nq2BjEtBFu-ruR7jvqapAjgzBaS8QSOwxhOZ3V3ldh9Yo8kZ-tv8eDyNORDfj4EYfxV5dFSYRiyLSVFQwazrF_m17q2LPt9KhRNBEWT-ViE9IxERMWUJLD8MLSzQOwmiw0PjTL51nGN_TZVuE6kTC_1jWXJslCCkV8yoo\/s584\/PATROCINADORES%20FEBTUR.jpeg\"><img decoding=\"async\" src=\"https:\/\/blogger.googleusercontent.com\/img\/b\/R29vZ2xl\/AVvXsEgXXD2_DpNPlKpwRhgUn-meg8-Nq2BjEtBFu-ruR7jvqapAjgzBaS8QSOwxhOZ3V3ldh9Yo8kZ-tv8eDyNORDfj4EYfxV5dFSYRiyLSVFQwazrF_m17q2LPt9KhRNBEWT-ViE9IxERMWUJLD8MLSzQOwmiw0PjTL51nGN_TZVuE6kTC_1jWXJslCCkV8yoo\/w519-h295\/PATROCINADORES%20FEBTUR.jpeg\" alt=\"\" style=\"width:840px;height:auto\"\/><\/a><\/figure>\n\n\n\n<figure class=\"wp-block-image is-resized\"><a href=\"https:\/\/blogger.googleusercontent.com\/img\/b\/R29vZ2xl\/AVvXsEhM95DtFR2MdZVSg_r5wbhYNuxwGwEu6Cn7bMvkA4PNbs67TArEi1-mWVILJwxP451w-p1Q8UfJrIKXjEt6kqQboC80rzhzSOTDbVGBptf4sDQ_hZ4AzESJ1kB7zb9_LRJa1-BiK1PxnJ00hWquOwfBIIiXSBQv32g_fMWe7Ww2BayM7m6sEdmAu7MKsqNI\/s727\/SHOW%20DE%20HUMOR%20DE%20VINICIUS%20MARTINS.jpeg\"><img decoding=\"async\" src=\"https:\/\/blogger.googleusercontent.com\/img\/b\/R29vZ2xl\/AVvXsEhM95DtFR2MdZVSg_r5wbhYNuxwGwEu6Cn7bMvkA4PNbs67TArEi1-mWVILJwxP451w-p1Q8UfJrIKXjEt6kqQboC80rzhzSOTDbVGBptf4sDQ_hZ4AzESJ1kB7zb9_LRJa1-BiK1PxnJ00hWquOwfBIIiXSBQv32g_fMWe7Ww2BayM7m6sEdmAu7MKsqNI\/w535-h135\/SHOW%20DE%20HUMOR%20DE%20VINICIUS%20MARTINS.jpeg\" alt=\"\" style=\"width:840px;height:auto\"\/><\/a><\/figure>\n\n\n\n<p><\/p>\n","protected":false},"excerpt":{"rendered":"<p>Por Gilberto Correia Localizado na regi\u00e3o Nordeste do Par\u00e1, Augusto Corr\u00eaa desponta como um dos munic\u00edpios que buscam se reinventar por meio do turismo sustent\u00e1vel, sem abrir m\u00e3o de sua mem\u00f3ria hist\u00f3rica e tradi\u00e7\u00f5es culturais. A cidade paraense, situada a cerca de 15 quil\u00f4metros de Bragan\u00e7a, integra a microrregi\u00e3o bragantina e faz parte da chamada &hellip;<\/p>\n","protected":false},"author":5,"featured_media":10675,"comment_status":"open","ping_status":"open","sticky":false,"template":"","format":"standard","meta":{"footnotes":""},"categories":[1],"tags":[],"class_list":["post-10676","post","type-post","status-publish","format-standard","has-post-thumbnail","","category-sem-categoria"],"_links":{"self":[{"href":"https:\/\/focotocantinense.com.br\/index.php?rest_route=\/wp\/v2\/posts\/10676","targetHints":{"allow":["GET"]}}],"collection":[{"href":"https:\/\/focotocantinense.com.br\/index.php?rest_route=\/wp\/v2\/posts"}],"about":[{"href":"https:\/\/focotocantinense.com.br\/index.php?rest_route=\/wp\/v2\/types\/post"}],"author":[{"embeddable":true,"href":"https:\/\/focotocantinense.com.br\/index.php?rest_route=\/wp\/v2\/users\/5"}],"replies":[{"embeddable":true,"href":"https:\/\/focotocantinense.com.br\/index.php?rest_route=%2Fwp%2Fv2%2Fcomments&post=10676"}],"version-history":[{"count":2,"href":"https:\/\/focotocantinense.com.br\/index.php?rest_route=\/wp\/v2\/posts\/10676\/revisions"}],"predecessor-version":[{"id":10678,"href":"https:\/\/focotocantinense.com.br\/index.php?rest_route=\/wp\/v2\/posts\/10676\/revisions\/10678"}],"wp:featuredmedia":[{"embeddable":true,"href":"https:\/\/focotocantinense.com.br\/index.php?rest_route=\/wp\/v2\/media\/10675"}],"wp:attachment":[{"href":"https:\/\/focotocantinense.com.br\/index.php?rest_route=%2Fwp%2Fv2%2Fmedia&parent=10676"}],"wp:term":[{"taxonomy":"category","embeddable":true,"href":"https:\/\/focotocantinense.com.br\/index.php?rest_route=%2Fwp%2Fv2%2Fcategories&post=10676"},{"taxonomy":"post_tag","embeddable":true,"href":"https:\/\/focotocantinense.com.br\/index.php?rest_route=%2Fwp%2Fv2%2Ftags&post=10676"}],"curies":[{"name":"wp","href":"https:\/\/api.w.org\/{rel}","templated":true}]}}