{"id":10662,"date":"2025-06-26T21:32:21","date_gmt":"2025-06-27T00:32:21","guid":{"rendered":"https:\/\/focotocantinense.com.br\/?p=10662"},"modified":"2025-06-26T21:33:10","modified_gmt":"2025-06-27T00:33:10","slug":"secretaria-de-desenvolvimento-economico-apresenta-acoes-em-reuniao-com-empresarios-acig-e-cdl","status":"publish","type":"post","link":"https:\/\/focotocantinense.com.br\/?p=10662","title":{"rendered":"Secretaria de Desenvolvimento Econ\u00f4mico apresenta a\u00e7\u00f5es em reuni\u00e3o com empres\u00e1rios, ACIG e CDL"},"content":{"rendered":"\n<p>Na manh\u00e3 desta quinta-feira (26), a Secretaria Municipal de Desenvolvimento Econ\u00f4mico e Meio Ambiente apresentou uma presta\u00e7\u00e3o de contas das a\u00e7\u00f5es e projetos realizados pela pasta. A reuni\u00e3o, realizada na sala de reuni\u00f5es da C\u00e2mara de Dirigentes Lojistas (CDL), teve como foco dar mais transpar\u00eancia \u00e0s iniciativas da gest\u00e3o e promover o di\u00e1logo com o setor empresarial de Gurupi.<\/p>\n\n\n\n<p>Participaram do encontro representantes da Associa\u00e7\u00e3o Comercial e Industrial de Gurupi (ACIG), da CDL e diversos empres\u00e1rios locais. Durante a apresenta\u00e7\u00e3o, foram destacados avan\u00e7os importantes que fortalecem o desenvolvimento econ\u00f4mico do munic\u00edpio.<\/p>\n\n\n\n<p>Entre os temas abordados estiveram o monitoramento e gest\u00e3o do Parque Agroindustrial de Gurupi (PAIG), a organiza\u00e7\u00e3o das feiras livres das ruas 7 e 13, al\u00e9m do novo mapeamento das \u00e1reas p\u00fablicas da cidade, que visa oferecer mais clareza e efici\u00eancia no uso dos espa\u00e7os.<\/p>\n\n\n\n<figure class=\"wp-block-image size-large is-resized\"><img loading=\"lazy\" decoding=\"async\" width=\"1024\" height=\"768\" src=\"https:\/\/focotocantinense.com.br\/wp-content\/uploads\/2025\/06\/aaaaaaaaaaaaaaaaaaaaaaaaaaaaaaaaaaaaaaa-1024x768.jpg\" alt=\"\" class=\"wp-image-10664\" style=\"width:397px;height:auto\" srcset=\"https:\/\/focotocantinense.com.br\/wp-content\/uploads\/2025\/06\/aaaaaaaaaaaaaaaaaaaaaaaaaaaaaaaaaaaaaaa-1024x768.jpg 1024w, https:\/\/focotocantinense.com.br\/wp-content\/uploads\/2025\/06\/aaaaaaaaaaaaaaaaaaaaaaaaaaaaaaaaaaaaaaa-300x225.jpg 300w, https:\/\/focotocantinense.com.br\/wp-content\/uploads\/2025\/06\/aaaaaaaaaaaaaaaaaaaaaaaaaaaaaaaaaaaaaaa-768x576.jpg 768w, https:\/\/focotocantinense.com.br\/wp-content\/uploads\/2025\/06\/aaaaaaaaaaaaaaaaaaaaaaaaaaaaaaaaaaaaaaa-1536x1152.jpg 1536w, https:\/\/focotocantinense.com.br\/wp-content\/uploads\/2025\/06\/aaaaaaaaaaaaaaaaaaaaaaaaaaaaaaaaaaaaaaa-2048x1536.jpg 2048w\" sizes=\"auto, (max-width: 1024px) 100vw, 1024px\" \/><\/figure>\n\n\n\n<p><\/p>\n\n\n\n<p>Tamb\u00e9m foi apresentado o trabalho desenvolvido na Sala do Empreendedor, que presta suporte \u00e0s 11.206 empresas ativas em Gurupi, segundo dados do Sebrae de 2023. A atual gest\u00e3o tamb\u00e9m celebrou a formaliza\u00e7\u00e3o de 130 novas empresas instaladas na cidade ao longo do seu mandato.<\/p>\n\n\n\n<p>O secret\u00e1rio municipal de Desenvolvimento Econ\u00f4mico e Meio Ambiente, Wilson F\u00e9lix, destacou que a presta\u00e7\u00e3o de contas \u00e9 fundamental para manter a transpar\u00eancia das a\u00e7\u00f5es da gest\u00e3o. \u201cAs entidades e os empres\u00e1rios precisam saber o que est\u00e1 acontecendo na cidade. Esses encontros nos permitem apresentar o trabalho realizado e refor\u00e7ar nosso compromisso com a transpar\u00eancia\u201d, afirmou.<\/p>\n\n\n\n<p>A iniciativa refor\u00e7a o compromisso da Prefeitura de Gurupi com a constru\u00e7\u00e3o de uma cidade mais organizada, atrativa para novos investimentos e fortalecida por parcerias com a sociedade civil organizada.<\/p>\n\n\n\n<figure class=\"wp-block-image size-full is-resized\"><img loading=\"lazy\" decoding=\"async\" width=\"727\" height=\"184\" src=\"https:\/\/focotocantinense.com.br\/wp-content\/uploads\/2025\/06\/SHOW-DE-HUMOR-DE-VINICIUS-MARTINS-5.jpeg\" alt=\"\" class=\"wp-image-10663\" style=\"width:840px;height:auto\" srcset=\"https:\/\/focotocantinense.com.br\/wp-content\/uploads\/2025\/06\/SHOW-DE-HUMOR-DE-VINICIUS-MARTINS-5.jpeg 727w, https:\/\/focotocantinense.com.br\/wp-content\/uploads\/2025\/06\/SHOW-DE-HUMOR-DE-VINICIUS-MARTINS-5-300x76.jpeg 300w\" sizes=\"auto, (max-width: 727px) 100vw, 727px\" \/><\/figure>\n","protected":false},"excerpt":{"rendered":"<p>Na manh\u00e3 desta quinta-feira (26), a Secretaria Municipal de Desenvolvimento Econ\u00f4mico e Meio Ambiente apresentou uma presta\u00e7\u00e3o de contas das a\u00e7\u00f5es e projetos realizados pela pasta. A reuni\u00e3o, realizada na sala de reuni\u00f5es da C\u00e2mara de Dirigentes Lojistas (CDL), teve como foco dar mais transpar\u00eancia \u00e0s iniciativas da gest\u00e3o e promover o di\u00e1logo com o &hellip;<\/p>\n","protected":false},"author":5,"featured_media":10664,"comment_status":"open","ping_status":"open","sticky":false,"template":"","format":"standard","meta":{"footnotes":""},"categories":[1],"tags":[],"class_list":["post-10662","post","type-post","status-publish","format-standard","has-post-thumbnail","","category-sem-categoria"],"_links":{"self":[{"href":"https:\/\/focotocantinense.com.br\/index.php?rest_route=\/wp\/v2\/posts\/10662","targetHints":{"allow":["GET"]}}],"collection":[{"href":"https:\/\/focotocantinense.com.br\/index.php?rest_route=\/wp\/v2\/posts"}],"about":[{"href":"https:\/\/focotocantinense.com.br\/index.php?rest_route=\/wp\/v2\/types\/post"}],"author":[{"embeddable":true,"href":"https:\/\/focotocantinense.com.br\/index.php?rest_route=\/wp\/v2\/users\/5"}],"replies":[{"embeddable":true,"href":"https:\/\/focotocantinense.com.br\/index.php?rest_route=%2Fwp%2Fv2%2Fcomments&post=10662"}],"version-history":[{"count":2,"href":"https:\/\/focotocantinense.com.br\/index.php?rest_route=\/wp\/v2\/posts\/10662\/revisions"}],"predecessor-version":[{"id":10667,"href":"https:\/\/focotocantinense.com.br\/index.php?rest_route=\/wp\/v2\/posts\/10662\/revisions\/10667"}],"wp:featuredmedia":[{"embeddable":true,"href":"https:\/\/focotocantinense.com.br\/index.php?rest_route=\/wp\/v2\/media\/10664"}],"wp:attachment":[{"href":"https:\/\/focotocantinense.com.br\/index.php?rest_route=%2Fwp%2Fv2%2Fmedia&parent=10662"}],"wp:term":[{"taxonomy":"category","embeddable":true,"href":"https:\/\/focotocantinense.com.br\/index.php?rest_route=%2Fwp%2Fv2%2Fcategories&post=10662"},{"taxonomy":"post_tag","embeddable":true,"href":"https:\/\/focotocantinense.com.br\/index.php?rest_route=%2Fwp%2Fv2%2Ftags&post=10662"}],"curies":[{"name":"wp","href":"https:\/\/api.w.org\/{rel}","templated":true}]}}