{"id":10659,"date":"2025-06-25T17:07:54","date_gmt":"2025-06-25T20:07:54","guid":{"rendered":"https:\/\/focotocantinense.com.br\/?p=10659"},"modified":"2025-06-25T17:07:54","modified_gmt":"2025-06-25T20:07:54","slug":"prefeitura-de-gurupi-entrega-praca-wilson-alves-da-costa-neste-sabado-28-no-jardim-tocantins-ii","status":"publish","type":"post","link":"https:\/\/focotocantinense.com.br\/?p=10659","title":{"rendered":"Prefeitura de Gurupi entrega Pra\u00e7a Wilson Alves da Costa neste s\u00e1bado, 28, no Jardim Tocantins II"},"content":{"rendered":"\n<p>A Prefeitura de Gurupi segue investindo na qualidade de vida da popula\u00e7\u00e3o e entrega neste s\u00e1bado, 28, mais um importante espa\u00e7o p\u00fablico de lazer e conviv\u00eancia: a Pra\u00e7a Wilson Alves da Costa, no setor Jardim Tocantins II. A inaugura\u00e7\u00e3o ser\u00e1 a partir das 17h e contar\u00e1 com uma programa\u00e7\u00e3o especial para os moradores da regi\u00e3o, incluindo atividades esportivas, apresenta\u00e7\u00f5es culturais e a presen\u00e7a de autoridades locais.<\/p>\n\n\n\n<p>O local, que antes era apenas um terreno baldio, passou por uma completa transforma\u00e7\u00e3o e agora oferece uma estrutura moderna e acolhedora. A nova pra\u00e7a conta com academia da Melhor Idade, quadra poliesportiva, pergolado, parquinho infantil (playground), quiosque, cal\u00e7amento, bancos, lixeiras e ilumina\u00e7\u00e3o, proporcionando um espa\u00e7o seguro e agrad\u00e1vel para as fam\u00edlias.<\/p>\n\n\n\n<figure class=\"wp-block-image size-large is-resized\"><img loading=\"lazy\" decoding=\"async\" width=\"1024\" height=\"576\" src=\"https:\/\/focotocantinense.com.br\/wp-content\/uploads\/2025\/06\/praca-Jardim-Tocantins-II-1-1-1024x576.jpg\" alt=\"\" class=\"wp-image-10660\" style=\"width:369px;height:auto\" srcset=\"https:\/\/focotocantinense.com.br\/wp-content\/uploads\/2025\/06\/praca-Jardim-Tocantins-II-1-1-1024x576.jpg 1024w, https:\/\/focotocantinense.com.br\/wp-content\/uploads\/2025\/06\/praca-Jardim-Tocantins-II-1-1-300x169.jpg 300w, https:\/\/focotocantinense.com.br\/wp-content\/uploads\/2025\/06\/praca-Jardim-Tocantins-II-1-1-768x432.jpg 768w, https:\/\/focotocantinense.com.br\/wp-content\/uploads\/2025\/06\/praca-Jardim-Tocantins-II-1-1-1536x864.jpg 1536w, https:\/\/focotocantinense.com.br\/wp-content\/uploads\/2025\/06\/praca-Jardim-Tocantins-II-1-1.jpg 1600w\" sizes=\"auto, (max-width: 1024px) 100vw, 1024px\" \/><\/figure>\n\n\n\n<p>A prefeita Josi Nunes refor\u00e7ou a import\u00e2ncia da obra para o setor e destacou que a gest\u00e3o municipal segue firme no compromisso de levar melhorias a todas as regi\u00f5es da cidade. \u201cEntregar a Pra\u00e7a do Jardim Tocantins II \u00e9 mais um passo no nosso objetivo de oferecer espa\u00e7os de lazer, esporte e conviv\u00eancia para todas as fam\u00edlias gurupienses. Esse \u00e9 um espa\u00e7o que vai transformar o dia a dia das pessoas, especialmente das crian\u00e7as, jovens e idosos. Seguimos avan\u00e7ando com a entrega de novas pra\u00e7as e atendendo todas as regi\u00f5es de Gurupi. Todos est\u00e3o convidados a prestigiarem esse momento especial no s\u00e1bado\u201d, afirmou a prefeita.<\/p>\n\n\n\n<p>A secret\u00e1ria Municipal de Infraestrutura, Juliana Passarin, tamb\u00e9m celebrou a conclus\u00e3o da obra e ressaltou o impacto da transforma\u00e7\u00e3o no local. \u201cAntes, esse espa\u00e7o era apenas um terreno baldio, e hoje \u00e9 uma pra\u00e7a completa, pensada para a comunidade. A urbaniza\u00e7\u00e3o dessa \u00e1rea traz mais dignidade aos moradores e estimula o conv\u00edvio social, o lazer e a pr\u00e1tica esportiva. \u00c9 uma obra que realmente transforma a vida das pessoas para melhor\u201d, destacou a Secret\u00e1ria.<\/p>\n\n\n\n<p>A entrega faz parte do pacote de 17 novas pra\u00e7as em constru\u00e7\u00e3o em Gurupi, integrando o projeto de requalifica\u00e7\u00e3o urbana da cidade. Nos anos anteriores j\u00e1 foram entregues a Pra\u00e7a Universit\u00e1ria (Em frente ao Campus do IFTO), a Pra\u00e7a da B\u00edblia (Jardim Eldorado), a Pra\u00e7a dos Motociclistas (Ao lado do Parque Mutuca) e a Pra\u00e7a do Jardim Sevilha. Neste ano, j\u00e1 foram entregues a Pra\u00e7a dos Nordestinos no setor Vila Nova, a Pra\u00e7a Cleomenes da Costa e Silva no setor Bela Vista, a Pra\u00e7a do Tucha no setor Residencial Madrid, e a Pra\u00e7a Ant\u00f4nio Luiz Leit\u00e3o Brito, no setor Industrial.<\/p>\n\n\n\n<p>Est\u00e3o em constru\u00e7\u00e3o ainda novas pra\u00e7as que ser\u00e3o entregues neste ano nos setores Campo Bello, Waldir Lins, Jo\u00e3o Lisboa da Cruz, Bom Sossego, Povoado Trevo da Praia, Pedroso, Jardim dos Buritis e Sol Nascente.<\/p>\n\n\n\n<figure class=\"wp-block-image is-resized\"><a class=\"td-modal-image\" href=\"https:\/\/rotatocantins.com.br\/wp-content\/uploads\/2025\/06\/SHOW-DE-HUMOR-DE-VINICIUS-MARTINS-1.jpeg\"><img decoding=\"async\" src=\"https:\/\/rotatocantins.com.br\/wp-content\/uploads\/2025\/06\/SHOW-DE-HUMOR-DE-VINICIUS-MARTINS-1-300x76.jpeg\" alt=\"\" class=\"wp-image-7212\" style=\"width:840px;height:auto\"\/><\/a><\/figure>\n","protected":false},"excerpt":{"rendered":"<p>A Prefeitura de Gurupi segue investindo na qualidade de vida da popula\u00e7\u00e3o e entrega neste s\u00e1bado, 28, mais um importante espa\u00e7o p\u00fablico de lazer e conviv\u00eancia: a Pra\u00e7a Wilson Alves da Costa, no setor Jardim Tocantins II. A inaugura\u00e7\u00e3o ser\u00e1 a partir das 17h e contar\u00e1 com uma programa\u00e7\u00e3o especial para os moradores da regi\u00e3o, &hellip;<\/p>\n","protected":false},"author":5,"featured_media":10660,"comment_status":"open","ping_status":"open","sticky":false,"template":"","format":"standard","meta":{"footnotes":""},"categories":[38],"tags":[],"class_list":["post-10659","post","type-post","status-publish","format-standard","has-post-thumbnail","","category-gurupi"],"_links":{"self":[{"href":"https:\/\/focotocantinense.com.br\/index.php?rest_route=\/wp\/v2\/posts\/10659","targetHints":{"allow":["GET"]}}],"collection":[{"href":"https:\/\/focotocantinense.com.br\/index.php?rest_route=\/wp\/v2\/posts"}],"about":[{"href":"https:\/\/focotocantinense.com.br\/index.php?rest_route=\/wp\/v2\/types\/post"}],"author":[{"embeddable":true,"href":"https:\/\/focotocantinense.com.br\/index.php?rest_route=\/wp\/v2\/users\/5"}],"replies":[{"embeddable":true,"href":"https:\/\/focotocantinense.com.br\/index.php?rest_route=%2Fwp%2Fv2%2Fcomments&post=10659"}],"version-history":[{"count":1,"href":"https:\/\/focotocantinense.com.br\/index.php?rest_route=\/wp\/v2\/posts\/10659\/revisions"}],"predecessor-version":[{"id":10661,"href":"https:\/\/focotocantinense.com.br\/index.php?rest_route=\/wp\/v2\/posts\/10659\/revisions\/10661"}],"wp:featuredmedia":[{"embeddable":true,"href":"https:\/\/focotocantinense.com.br\/index.php?rest_route=\/wp\/v2\/media\/10660"}],"wp:attachment":[{"href":"https:\/\/focotocantinense.com.br\/index.php?rest_route=%2Fwp%2Fv2%2Fmedia&parent=10659"}],"wp:term":[{"taxonomy":"category","embeddable":true,"href":"https:\/\/focotocantinense.com.br\/index.php?rest_route=%2Fwp%2Fv2%2Fcategories&post=10659"},{"taxonomy":"post_tag","embeddable":true,"href":"https:\/\/focotocantinense.com.br\/index.php?rest_route=%2Fwp%2Fv2%2Ftags&post=10659"}],"curies":[{"name":"wp","href":"https:\/\/api.w.org\/{rel}","templated":true}]}}