{"id":1065,"date":"2021-04-05T19:26:48","date_gmt":"2021-04-05T22:26:48","guid":{"rendered":"http:\/\/focotocantinense.com.br\/?p=1065"},"modified":"2021-04-05T19:28:02","modified_gmt":"2021-04-05T22:28:02","slug":"presidente-da-aleto-faz-apelo-a-gestores-e-populacao-durante-reuniao-do-comite-de-prevencao-da-covid-19","status":"publish","type":"post","link":"https:\/\/focotocantinense.com.br\/?p=1065","title":{"rendered":"Presidente da ALETO faz apelo a gestores e popula\u00e7\u00e3o durante reuni\u00e3o do Comit\u00ea de preven\u00e7\u00e3o da Covid-19"},"content":{"rendered":"\n<p>O presidente da Assembleia Legislativa do Tocantins, deputado Ant\u00f4nio Andrade (PTB), participou na manh\u00e3 desta segunda-feira, 05, da live do Comit\u00ea de preven\u00e7\u00e3o da Covid-19 do Estado.&nbsp;<\/p>\n\n\n\n<p>Ele acompanhou atentamente os n\u00fameros e as a\u00e7\u00f5es de combate \u00e0 pandemia, a fim de alinhar futuras decis\u00f5es com as de outros Poderes, sempre com foco na prote\u00e7\u00e3o da sociedade tocantinense.&nbsp;<\/p>\n\n\n\n<p>Durante sua fala, Ant\u00f4nio Andrade, lembrou as medidas de preven\u00e7\u00e3o adotadas na Casa de Leis como restri\u00e7\u00e3o de acesso, implanta\u00e7\u00e3o de sess\u00f5es online, do trabalho remoto e voltou a pedir um esfor\u00e7o conjunto entre popula\u00e7\u00e3o e gestores a fim de evitar<\/p>\n\n\n\n<p><strong>Comit\u00ea<\/strong>&nbsp;<\/p>\n\n\n\n<p>O Comit\u00ea de Crise para Preven\u00e7\u00e3o da Covid-19 foi implantado no \u00faltimo dia 12, pelo Governo do Tocantins. Conta com a participa\u00e7\u00e3o da Assembleia Legislativa (AL\/TO); do Tribunal de Justi\u00e7a (TJ\/TO); do Minist\u00e9rio P\u00fablico Estadual (MPE); da Defensoria P\u00fablica Estadual (DPE); da Pol\u00edcia Federal (PF); da Pol\u00edcia Rodovi\u00e1ria Federal (PRF); da Ordem dos Advogados do Brasil- Seccional Tocantins (OAB\/TO) e do Ex\u00e9rcito Brasileiro.&nbsp;<\/p>\n\n\n\n<p>O objetivo do Comit\u00ea de Crise \u00e9 a uni\u00e3o de for\u00e7as entre os Poderes do Estado e \u00f3rg\u00e3os institucionais com vistas a fomentar a\u00e7\u00f5es que possam prevenir a popula\u00e7\u00e3o do Tocantins contra o novo Coronav\u00edrus.<\/p>\n\n\n\n<figure class=\"wp-block-image\"><img decoding=\"async\" src=\"https:\/\/www.n1to.com.br\/img\/cache\/800x400\/80\/crop\/Imagem-c9938231fa98415175be0e8f340b02ed.jpg\" alt=\"\"\/><\/figure>\n","protected":false},"excerpt":{"rendered":"<p>O presidente da Assembleia Legislativa do Tocantins, deputado Ant\u00f4nio Andrade (PTB), participou na manh\u00e3 desta segunda-feira, 05, da live do Comit\u00ea de preven\u00e7\u00e3o da Covid-19 do Estado.&nbsp; Ele acompanhou atentamente os n\u00fameros e as a\u00e7\u00f5es de combate \u00e0 pandemia, a fim de alinhar futuras decis\u00f5es com as de outros Poderes, sempre com foco na prote\u00e7\u00e3o &hellip;<\/p>\n","protected":false},"author":5,"featured_media":1067,"comment_status":"open","ping_status":"open","sticky":true,"template":"","format":"standard","meta":{"footnotes":""},"categories":[37,1],"tags":[],"class_list":["post-1065","post","type-post","status-publish","format-standard","has-post-thumbnail","","category-palmas","category-sem-categoria"],"_links":{"self":[{"href":"https:\/\/focotocantinense.com.br\/index.php?rest_route=\/wp\/v2\/posts\/1065","targetHints":{"allow":["GET"]}}],"collection":[{"href":"https:\/\/focotocantinense.com.br\/index.php?rest_route=\/wp\/v2\/posts"}],"about":[{"href":"https:\/\/focotocantinense.com.br\/index.php?rest_route=\/wp\/v2\/types\/post"}],"author":[{"embeddable":true,"href":"https:\/\/focotocantinense.com.br\/index.php?rest_route=\/wp\/v2\/users\/5"}],"replies":[{"embeddable":true,"href":"https:\/\/focotocantinense.com.br\/index.php?rest_route=%2Fwp%2Fv2%2Fcomments&post=1065"}],"version-history":[{"count":2,"href":"https:\/\/focotocantinense.com.br\/index.php?rest_route=\/wp\/v2\/posts\/1065\/revisions"}],"predecessor-version":[{"id":1068,"href":"https:\/\/focotocantinense.com.br\/index.php?rest_route=\/wp\/v2\/posts\/1065\/revisions\/1068"}],"wp:featuredmedia":[{"embeddable":true,"href":"https:\/\/focotocantinense.com.br\/index.php?rest_route=\/wp\/v2\/media\/1067"}],"wp:attachment":[{"href":"https:\/\/focotocantinense.com.br\/index.php?rest_route=%2Fwp%2Fv2%2Fmedia&parent=1065"}],"wp:term":[{"taxonomy":"category","embeddable":true,"href":"https:\/\/focotocantinense.com.br\/index.php?rest_route=%2Fwp%2Fv2%2Fcategories&post=1065"},{"taxonomy":"post_tag","embeddable":true,"href":"https:\/\/focotocantinense.com.br\/index.php?rest_route=%2Fwp%2Fv2%2Ftags&post=1065"}],"curies":[{"name":"wp","href":"https:\/\/api.w.org\/{rel}","templated":true}]}}