{"id":10646,"date":"2025-06-25T16:38:40","date_gmt":"2025-06-25T19:38:40","guid":{"rendered":"https:\/\/focotocantinense.com.br\/?p=10646"},"modified":"2025-06-25T16:52:15","modified_gmt":"2025-06-25T19:52:15","slug":"congresso-da-igreja-presbiteriana-renovada-reune-fieis-em-gurupipara-dias-de-fe-cura-e-transformacao","status":"publish","type":"post","link":"https:\/\/focotocantinense.com.br\/?p=10646","title":{"rendered":"Congresso da Igreja Presbiteriana Renovada re\u00fane fi\u00e9is em Gurupi para dias de f\u00e9, cura e transforma\u00e7\u00e3o"},"content":{"rendered":"\n<p><br>Teve in\u00edcio na noite desta ter\u00e7a-feira (25), o Congresso da 1\u00aa Igreja Presbiteriana Renovada de Gurupi, promovido pela congrega\u00e7\u00e3o da Avenida Guanabara, situada entre as ruas 7 e 8, n\u00ba 1344. O evento, que se estende at\u00e9 sexta-feira (27), est\u00e1 mobilizando membros da igreja, visitantes de outras denomina\u00e7\u00f5es e a comunidade local em um ambiente de espiritualidade, ensino b\u00edblico, adora\u00e7\u00e3o e experi\u00eancias profundas com Deus.<\/p>\n\n\n\n<figure class=\"wp-block-image size-full is-resized\"><img loading=\"lazy\" decoding=\"async\" width=\"674\" height=\"361\" src=\"https:\/\/focotocantinense.com.br\/wp-content\/uploads\/2025\/06\/PRESPBITERIANA.jpeg\" alt=\"\" class=\"wp-image-10649\" style=\"width:386px;height:auto\" srcset=\"https:\/\/focotocantinense.com.br\/wp-content\/uploads\/2025\/06\/PRESPBITERIANA.jpeg 674w, https:\/\/focotocantinense.com.br\/wp-content\/uploads\/2025\/06\/PRESPBITERIANA-300x161.jpeg 300w, https:\/\/focotocantinense.com.br\/wp-content\/uploads\/2025\/06\/PRESPBITERIANA-310x165.jpeg 310w\" sizes=\"auto, (max-width: 674px) 100vw, 674px\" \/><\/figure>\n\n\n\n<p><\/p>\n\n\n\n<p>Com entrada franca, o congresso tem como preletor o pastor M\u00e1rcio Leme, a 3\u00aa Igreja Presbiteriana Renovada de Curitiba (PR), reconhecido por sua sensibilidade pastoral e por mensagens que unem profundidade b\u00edblica e aplica\u00e7\u00e3o pr\u00e1tica \u00e0 vida crist\u00e3. Desde a abertura, o clima no templo tem sido de expectativa e renova\u00e7\u00e3o espiritual.<\/p>\n\n\n\n<p><br>Na primeira noite, o pastor M\u00e1rcio ministrou sobre o tema \u201cDeus, amor absoluto: Incondicional\u201d, baseado em Jo\u00e3o 3:16, um dos vers\u00edculos mais emblem\u00e1ticos das Escrituras Sagradas. Durante a prega\u00e7\u00e3o, ele destacou que<br>o amor de Deus n\u00e3o depende de merecimento humano, e sim de Sua ess\u00eancia divina. \u201cBasta uma Palavra para transformar completamente uma vida.<\/p>\n\n\n\n<figure class=\"wp-block-image size-full\"><img loading=\"lazy\" decoding=\"async\" width=\"698\" height=\"475\" src=\"https:\/\/focotocantinense.com.br\/wp-content\/uploads\/2025\/06\/2-PRESBITERIA.jpeg\" alt=\"\" class=\"wp-image-10652\" srcset=\"https:\/\/focotocantinense.com.br\/wp-content\/uploads\/2025\/06\/2-PRESBITERIA.jpeg 698w, https:\/\/focotocantinense.com.br\/wp-content\/uploads\/2025\/06\/2-PRESBITERIA-300x204.jpeg 300w, https:\/\/focotocantinense.com.br\/wp-content\/uploads\/2025\/06\/2-PRESBITERIA-110x75.jpeg 110w\" sizes=\"auto, (max-width: 698px) 100vw, 698px\" \/><\/figure>\n\n\n\n<p><br><\/p>\n\n\n\n<p>A programa\u00e7\u00e3o do congresso segue com temas igualmente impactantes:<br>Gets\u00eamani: lugar de prepara\u00e7\u00e3o, que abordar\u00e1 os momentos de luta<br>interior e rendi\u00e7\u00e3o diante da vontade de Deus; Amor de Deus em a\u00e7\u00e3o:<br>movimento, refletindo como o amor divino nos impulsiona a amar, servir e<br>transformar o mundo \u00e0 nossa volta e O poder da adora\u00e7\u00e3o, uma mensagem<br>que destaca a adora\u00e7\u00e3o como arma espiritual e resposta ao car\u00e1ter de Deus.<\/p>\n\n\n\n<p>Al\u00e9m das prega\u00e7\u00f5es, cada culto tem sido marcado por momentos intensos de louvor, intercess\u00e3o, cura interior e liberta\u00e7\u00e3o. Testemunhos de vidas impactadas j\u00e1 come\u00e7am a surgir, confirmando a expectativa de que este congresso marcar\u00e1 uma nova esta\u00e7\u00e3o na caminhada de f\u00e9 de muitos irm\u00e3os<\/p>\n\n\n\n<p>A lideran\u00e7a da Igreja Presbiteriana Renovada da Avenida Guanabara refor\u00e7a<br>o convite a toda a comunidade gurupiense: \u201cEste \u00e9 um tempo de<br>restaura\u00e7\u00e3o e de recome\u00e7o. Ningu\u00e9m sai da presen\u00e7a de Deus da mesma<br>forma que entrou. Venha, participe, traga sua fam\u00edlia e amigos. Deus<br>tem algo precioso para derramar sobre sua vida\u201d.<\/p>\n\n\n\n<p><br>O congresso tamb\u00e9m representa uma oportunidade de unidade do Corpo de<br>Cristo, reunindo irm\u00e3os de diferentes igrejas em um s\u00f3 prop\u00f3sito, de<br>glorificar a Deus e abrir o cora\u00e7\u00e3o para Sua Palavra transformadora. Os<br>organizadores destacam que, mais do que um evento, o congresso \u00e9 uma<br>chamada ao compromisso com o Reino, uma resposta \u00e0 urg\u00eancia espiritual<br>dos nossos tempos.<\/p>\n\n\n\n<p>Como disse o pastor M\u00e1rcio na abertura: \u201cEstamos diante de um Deus que<br>transforma l\u00e1grimas em fonte, dores em testemunho e cora\u00e7\u00f5es feridos<br>em altares de adora\u00e7\u00e3o. N\u00e3o h\u00e1 nada mais poderoso do que o amor<br>absoluto de Deus em a\u00e7\u00e3o na vida de algu\u00e9m.\u201d<\/p>\n\n\n\n<p>Participe! Ainda h\u00e1 tempo de viver esses dias especiais de encontro com<br>Deus. Gurupi est\u00e1 sendo visitada pelo amor que tudo pode restaurar. As<br>reuni\u00f5es acontecem sempre \u00e0 noite, com in\u00edcio \u00e0s 19h30min. Venha,<br>participe e traga um convidado para receber e compartilhar a mensagem de<br>Deus.<\/p>\n\n\n\n<p><br><strong>Servi\u00e7o: <\/strong><\/p>\n\n\n\n<p>Congresso de Cura e Liberta\u00e7\u00e3o<br>Data: 24 a 27 de junho de 2025<br>Hor\u00e1rio: 19h30min<br>Preletor: Pr. M\u00e1rcio Leme \u2013 3\u00aa IPR de Curitiba-PR<br>Local: 1\u00aa Igreja Presbiteriana Renovada de Gurupi<br>Endere\u00e7o: Avenida Guanabara \u2013 n\u00ba 1344 \u2013 Entre ruas 7 e 8 \u2013 Gurupi-TO<br>Instagram: @ iprgurupi<\/p>\n\n\n\n<figure class=\"wp-block-image size-full is-resized\"><img loading=\"lazy\" decoding=\"async\" width=\"727\" height=\"184\" src=\"https:\/\/focotocantinense.com.br\/wp-content\/uploads\/2025\/06\/SHOW-DE-HUMOR-DE-VINICIUS-MARTINS-4.jpeg\" alt=\"\" class=\"wp-image-10633\" style=\"width:840px;height:auto\" srcset=\"https:\/\/focotocantinense.com.br\/wp-content\/uploads\/2025\/06\/SHOW-DE-HUMOR-DE-VINICIUS-MARTINS-4.jpeg 727w, https:\/\/focotocantinense.com.br\/wp-content\/uploads\/2025\/06\/SHOW-DE-HUMOR-DE-VINICIUS-MARTINS-4-300x76.jpeg 300w\" sizes=\"auto, (max-width: 727px) 100vw, 727px\" \/><\/figure>\n","protected":false},"excerpt":{"rendered":"<p>Teve in\u00edcio na noite desta ter\u00e7a-feira (25), o Congresso da 1\u00aa Igreja Presbiteriana Renovada de Gurupi, promovido pela congrega\u00e7\u00e3o da Avenida Guanabara, situada entre as ruas 7 e 8, n\u00ba 1344. O evento, que se estende at\u00e9 sexta-feira (27), est\u00e1 mobilizando membros da igreja, visitantes de outras denomina\u00e7\u00f5es e a comunidade local em um ambiente &hellip;<\/p>\n","protected":false},"author":5,"featured_media":10649,"comment_status":"open","ping_status":"open","sticky":false,"template":"","format":"standard","meta":{"footnotes":""},"categories":[1],"tags":[],"class_list":["post-10646","post","type-post","status-publish","format-standard","has-post-thumbnail","","category-sem-categoria"],"_links":{"self":[{"href":"https:\/\/focotocantinense.com.br\/index.php?rest_route=\/wp\/v2\/posts\/10646","targetHints":{"allow":["GET"]}}],"collection":[{"href":"https:\/\/focotocantinense.com.br\/index.php?rest_route=\/wp\/v2\/posts"}],"about":[{"href":"https:\/\/focotocantinense.com.br\/index.php?rest_route=\/wp\/v2\/types\/post"}],"author":[{"embeddable":true,"href":"https:\/\/focotocantinense.com.br\/index.php?rest_route=\/wp\/v2\/users\/5"}],"replies":[{"embeddable":true,"href":"https:\/\/focotocantinense.com.br\/index.php?rest_route=%2Fwp%2Fv2%2Fcomments&post=10646"}],"version-history":[{"count":9,"href":"https:\/\/focotocantinense.com.br\/index.php?rest_route=\/wp\/v2\/posts\/10646\/revisions"}],"predecessor-version":[{"id":10657,"href":"https:\/\/focotocantinense.com.br\/index.php?rest_route=\/wp\/v2\/posts\/10646\/revisions\/10657"}],"wp:featuredmedia":[{"embeddable":true,"href":"https:\/\/focotocantinense.com.br\/index.php?rest_route=\/wp\/v2\/media\/10649"}],"wp:attachment":[{"href":"https:\/\/focotocantinense.com.br\/index.php?rest_route=%2Fwp%2Fv2%2Fmedia&parent=10646"}],"wp:term":[{"taxonomy":"category","embeddable":true,"href":"https:\/\/focotocantinense.com.br\/index.php?rest_route=%2Fwp%2Fv2%2Fcategories&post=10646"},{"taxonomy":"post_tag","embeddable":true,"href":"https:\/\/focotocantinense.com.br\/index.php?rest_route=%2Fwp%2Fv2%2Ftags&post=10646"}],"curies":[{"name":"wp","href":"https:\/\/api.w.org\/{rel}","templated":true}]}}