{"id":10639,"date":"2025-06-23T20:55:20","date_gmt":"2025-06-23T23:55:20","guid":{"rendered":"https:\/\/focotocantinense.com.br\/?p=10639"},"modified":"2025-06-23T20:56:41","modified_gmt":"2025-06-23T23:56:41","slug":"arraia-da-amizade-encerra-com-sucesso-e-define-campeoes-estaduais-de-quadrilhas-juninas","status":"publish","type":"post","link":"https:\/\/focotocantinense.com.br\/?p=10639","title":{"rendered":"Arrai\u00e1 da Amizade encerra com sucesso e define campe\u00f5es estaduais de quadrilhas juninas"},"content":{"rendered":"\n<figure class=\"wp-block-image size-large is-resized\"><img loading=\"lazy\" decoding=\"async\" width=\"1024\" height=\"686\" src=\"https:\/\/focotocantinense.com.br\/wp-content\/uploads\/2025\/06\/aaaaaaaaaaaaaaaaaaaaaaaaaaaaaaaaaaaaaaaaaaaa-2-1024x686.jpeg\" alt=\"\" class=\"wp-image-10641\" style=\"width:414px;height:auto\" srcset=\"https:\/\/focotocantinense.com.br\/wp-content\/uploads\/2025\/06\/aaaaaaaaaaaaaaaaaaaaaaaaaaaaaaaaaaaaaaaaaaaa-2-1024x686.jpeg 1024w, https:\/\/focotocantinense.com.br\/wp-content\/uploads\/2025\/06\/aaaaaaaaaaaaaaaaaaaaaaaaaaaaaaaaaaaaaaaaaaaa-2-300x201.jpeg 300w, https:\/\/focotocantinense.com.br\/wp-content\/uploads\/2025\/06\/aaaaaaaaaaaaaaaaaaaaaaaaaaaaaaaaaaaaaaaaaaaa-2-768x515.jpeg 768w, https:\/\/focotocantinense.com.br\/wp-content\/uploads\/2025\/06\/aaaaaaaaaaaaaaaaaaaaaaaaaaaaaaaaaaaaaaaaaaaa-2-110x75.jpeg 110w, https:\/\/focotocantinense.com.br\/wp-content\/uploads\/2025\/06\/aaaaaaaaaaaaaaaaaaaaaaaaaaaaaaaaaaaaaaaaaaaa-2.jpeg 1526w\" sizes=\"auto, (max-width: 1024px) 100vw, 1024px\" \/><\/figure>\n\n\n\n<p><\/p>\n\n\n\n<p>O Arrai\u00e1 da Amizade se despediu do p\u00fablico neste domingo (22) com um verdadeiro espet\u00e1culo de cores, ritmos e muita tradi\u00e7\u00e3o. No estacionamento do Shopping, as seis \u00faltimas quadrilhas se apresentaram, encerrando com chave de ouro uma das maiores festas culturais da cidade.<\/p>\n\n\n\n<p>O p\u00fablico p\u00f4de se encantar com bel\u00edssimas apresenta\u00e7\u00f5es que trouxeram temas ricos em hist\u00f3ria, f\u00e9 e nordestinidade. As apresenta\u00e7\u00f5es foram:<\/p>\n\n\n\n<ul class=\"wp-block-list\">\n<li>Tradi\u00e7\u00e3o Matuta \u2013 Tema: \u201cAssum Preto e Asa Branca\u201d \u2013 Gurupi<\/li>\n\n\n\n<li>Pizada da Botina \u2013 Tema: \u201cLabuta\u201d \u2013 Palmas<\/li>\n\n\n\n<li>Malacabados \u2013 Tema: \u201cA Carta\u201d \u2013 Aragua\u00edna<\/li>\n\n\n\n<li>Cafund\u00f3 do Brejo \u2013 Tema: \u201cA Ben\u00e7\u00e3o\u201d \u2013 Palmas<\/li>\n\n\n\n<li>Imp\u00e9rio Nordestina \u2013 Tema: \u201cM\u00e3e do Ouro, a bola de fogo que se transforma em mulher\u201d \u2013 Gurupi<\/li>\n\n\n\n<li>Explos\u00e3o Amor Caipira \u2013 Tema: \u201cS\u00e3o Jorge, guerreiro da lua, protetor da f\u00e9\u201d \u2013 Palmas<\/li>\n<\/ul>\n\n\n\n<figure class=\"wp-block-image size-large\"><img loading=\"lazy\" decoding=\"async\" width=\"1024\" height=\"674\" src=\"https:\/\/focotocantinense.com.br\/wp-content\/uploads\/2025\/06\/bbbbb-1024x674.jpeg\" alt=\"\" class=\"wp-image-10643\" srcset=\"https:\/\/focotocantinense.com.br\/wp-content\/uploads\/2025\/06\/bbbbb-1024x674.jpeg 1024w, https:\/\/focotocantinense.com.br\/wp-content\/uploads\/2025\/06\/bbbbb-300x197.jpeg 300w, https:\/\/focotocantinense.com.br\/wp-content\/uploads\/2025\/06\/bbbbb-768x505.jpeg 768w, https:\/\/focotocantinense.com.br\/wp-content\/uploads\/2025\/06\/bbbbb-310x205.jpeg 310w, https:\/\/focotocantinense.com.br\/wp-content\/uploads\/2025\/06\/bbbbb.jpeg 1496w\" sizes=\"auto, (max-width: 1024px) 100vw, 1024px\" \/><\/figure>\n\n\n\n<p>Ap\u00f3s uma disputa acirrada e cheia de emo\u00e7\u00e3o, o resultado foi divulgado na noite de domingo. A grande campe\u00e3 do concurso estadual foi a quadrilha Explos\u00e3o Amor Caipira, de Palmas. O segundo lugar ficou com a Arrasta P\u00e9 do Liberdade, e o terceiro com a quadrilha Pizada da Botina, tamb\u00e9m da capital.<\/p>\n\n\n\n<p>A secret\u00e1ria de Cultura e Turismo, Liliane Pagliarini, destacou a import\u00e2ncia do evento e o trabalho da gest\u00e3o para fortalecer a cultura local.<\/p>\n\n\n\n<p>\u201cA prefeita Josi sempre foi muito decisiva na valoriza\u00e7\u00e3o cultural, e esse evento demonstra claramente o compromisso e a confian\u00e7a que a federa\u00e7\u00e3o teve na nossa estrutura e no nosso evento. Estamos muito felizes com o resultado e com a participa\u00e7\u00e3o do p\u00fablico\u201d, afirmou.<\/p>\n\n\n\n<figure class=\"wp-block-image size-large\"><img loading=\"lazy\" decoding=\"async\" width=\"1024\" height=\"576\" src=\"https:\/\/focotocantinense.com.br\/wp-content\/uploads\/2025\/06\/cccc-1024x576.jpeg\" alt=\"\" class=\"wp-image-10644\" srcset=\"https:\/\/focotocantinense.com.br\/wp-content\/uploads\/2025\/06\/cccc-1024x576.jpeg 1024w, https:\/\/focotocantinense.com.br\/wp-content\/uploads\/2025\/06\/cccc-300x169.jpeg 300w, https:\/\/focotocantinense.com.br\/wp-content\/uploads\/2025\/06\/cccc-768x432.jpeg 768w, https:\/\/focotocantinense.com.br\/wp-content\/uploads\/2025\/06\/cccc-1536x864.jpeg 1536w, https:\/\/focotocantinense.com.br\/wp-content\/uploads\/2025\/06\/cccc.jpeg 1600w\" sizes=\"auto, (max-width: 1024px) 100vw, 1024px\" \/><\/figure>\n\n\n\n<p>O sucesso do Arrai\u00e1 da Amizade reafirma o compromisso da gest\u00e3o municipal com a valoriza\u00e7\u00e3o da cultura, do turismo e das tradi\u00e7\u00f5es que movimentam a economia, fortalecem a identidade local e deixam um legado de alegria e uni\u00e3o para a comunidade.<\/p>\n\n\n\n<figure class=\"wp-block-image size-full is-resized\"><img loading=\"lazy\" decoding=\"async\" width=\"727\" height=\"184\" src=\"https:\/\/focotocantinense.com.br\/wp-content\/uploads\/2025\/06\/SHOW-DE-HUMOR-DE-VINICIUS-MARTINS-4.jpeg\" alt=\"\" class=\"wp-image-10633\" style=\"width:840px;height:auto\" srcset=\"https:\/\/focotocantinense.com.br\/wp-content\/uploads\/2025\/06\/SHOW-DE-HUMOR-DE-VINICIUS-MARTINS-4.jpeg 727w, https:\/\/focotocantinense.com.br\/wp-content\/uploads\/2025\/06\/SHOW-DE-HUMOR-DE-VINICIUS-MARTINS-4-300x76.jpeg 300w\" sizes=\"auto, (max-width: 727px) 100vw, 727px\" \/><\/figure>\n","protected":false},"excerpt":{"rendered":"<p>O Arrai\u00e1 da Amizade se despediu do p\u00fablico neste domingo (22) com um verdadeiro espet\u00e1culo de cores, ritmos e muita tradi\u00e7\u00e3o. No estacionamento do Shopping, as seis \u00faltimas quadrilhas se apresentaram, encerrando com chave de ouro uma das maiores festas culturais da cidade. O p\u00fablico p\u00f4de se encantar com bel\u00edssimas apresenta\u00e7\u00f5es que trouxeram temas ricos &hellip;<\/p>\n","protected":false},"author":5,"featured_media":10640,"comment_status":"open","ping_status":"open","sticky":false,"template":"","format":"standard","meta":{"footnotes":""},"categories":[1],"tags":[],"class_list":["post-10639","post","type-post","status-publish","format-standard","has-post-thumbnail","","category-sem-categoria"],"_links":{"self":[{"href":"https:\/\/focotocantinense.com.br\/index.php?rest_route=\/wp\/v2\/posts\/10639","targetHints":{"allow":["GET"]}}],"collection":[{"href":"https:\/\/focotocantinense.com.br\/index.php?rest_route=\/wp\/v2\/posts"}],"about":[{"href":"https:\/\/focotocantinense.com.br\/index.php?rest_route=\/wp\/v2\/types\/post"}],"author":[{"embeddable":true,"href":"https:\/\/focotocantinense.com.br\/index.php?rest_route=\/wp\/v2\/users\/5"}],"replies":[{"embeddable":true,"href":"https:\/\/focotocantinense.com.br\/index.php?rest_route=%2Fwp%2Fv2%2Fcomments&post=10639"}],"version-history":[{"count":2,"href":"https:\/\/focotocantinense.com.br\/index.php?rest_route=\/wp\/v2\/posts\/10639\/revisions"}],"predecessor-version":[{"id":10645,"href":"https:\/\/focotocantinense.com.br\/index.php?rest_route=\/wp\/v2\/posts\/10639\/revisions\/10645"}],"wp:featuredmedia":[{"embeddable":true,"href":"https:\/\/focotocantinense.com.br\/index.php?rest_route=\/wp\/v2\/media\/10640"}],"wp:attachment":[{"href":"https:\/\/focotocantinense.com.br\/index.php?rest_route=%2Fwp%2Fv2%2Fmedia&parent=10639"}],"wp:term":[{"taxonomy":"category","embeddable":true,"href":"https:\/\/focotocantinense.com.br\/index.php?rest_route=%2Fwp%2Fv2%2Fcategories&post=10639"},{"taxonomy":"post_tag","embeddable":true,"href":"https:\/\/focotocantinense.com.br\/index.php?rest_route=%2Fwp%2Fv2%2Ftags&post=10639"}],"curies":[{"name":"wp","href":"https:\/\/api.w.org\/{rel}","templated":true}]}}