{"id":10635,"date":"2025-06-23T20:15:17","date_gmt":"2025-06-23T23:15:17","guid":{"rendered":"https:\/\/focotocantinense.com.br\/?p=10635"},"modified":"2025-06-23T20:16:46","modified_gmt":"2025-06-23T23:16:46","slug":"instituto-umbandista-promove-palestra-com-cafe-literario-para-compartilhar-conhecimento","status":"publish","type":"post","link":"https:\/\/focotocantinense.com.br\/?p=10635","title":{"rendered":"Instituto Umbandista promove palestra com caf\u00e9 liter\u00e1rio para compartilhar conhecimento"},"content":{"rendered":"\n<figure class=\"wp-block-image size-full is-resized\"><img loading=\"lazy\" decoding=\"async\" width=\"429\" height=\"767\" src=\"https:\/\/focotocantinense.com.br\/wp-content\/uploads\/2025\/06\/Palestra-Publica-1.jpeg\" alt=\"\" class=\"wp-image-10636\" style=\"width:355px;height:auto\" srcset=\"https:\/\/focotocantinense.com.br\/wp-content\/uploads\/2025\/06\/Palestra-Publica-1.jpeg 429w, https:\/\/focotocantinense.com.br\/wp-content\/uploads\/2025\/06\/Palestra-Publica-1-168x300.jpeg 168w\" sizes=\"auto, (max-width: 429px) 100vw, 429px\" \/><\/figure>\n\n\n\n<p><\/p>\n\n\n\n<p><strong>Informa\u00e7\u00e3o \u00e9 a base do evento com o objetivo de quebrar preconceito e mistifica\u00e7\u00e3o da Umbanda<\/strong><\/p>\n\n\n\n<p>Nesta quinta-feira, 26 de julho, \u00e1s 19h, o Instituto Umbandista A Tenda do Caboclo realizar\u00e1 um momento de estudo e conhecimento com uma palestra p\u00fablica que ser\u00e1 ministrada pelo Sacerdote e escritor Gildener Sousa.&nbsp; A palestra ser\u00e1 acompanhada de um caf\u00e9 liter\u00e1rio comunit\u00e1rio e disponibiliza\u00e7\u00e3o de guias de prote\u00e7\u00e3o consagradas.<\/p>\n\n\n\n<p>O evento acontecer\u00e1 na sede do Instituto, na quadra Arse 61 (604 Sul) Alameda 12, Lote 23; e \u00e9 aberto \u00e0 popula\u00e7\u00e3o em geral. Para participar basta contribuir com 1 kg de alimento n\u00e3o perec\u00edvel que ser\u00e1 doado em cestas b\u00e1sicas \u00e0 fam\u00edlias em situa\u00e7\u00e3o de vulnerabilidade.<\/p>\n\n\n\n<p>A proposta do Instituto Umbandista A Tenda do Caboclo \u00e9 promover um momento de compartilhamento e aprendizado coletivo. \u201cN\u00f3s idealizamos esse encontro para poder mostrar para \u00e0 sociedade a verdadeira forma\u00e7\u00e3o da Umbanda, que \u00e9 uma religi\u00e3o Crist\u00e3, como qualquer outra\u201d, ressaltou o dirigente do instituto, Sacerdote Gildener Sousa.<\/p>\n\n\n\n<p>Ele explica que, \u201ccom a resist\u00eancia e o medo, somados ao preconceito, a Umbanda \u00e9 adicionada a coisas negativas, o que n\u00e3o \u00e9 a realidade.\u201d&nbsp; O Sacerdote umbandista tamb\u00e9m enfatiza que esse encontro visa aproximar a sociedade dos ritos de Umbanda sem medo, sem press\u00e3o e trazendo para dentro dos que participarem a quebra de paradigmas e a desmitifica\u00e7\u00e3o da religi\u00e3o.<\/p>\n\n\n\n<p>Todos s\u00e3o convidados, sem distin\u00e7\u00e3o de idade ou cren\u00e7a, pois Gildener aponta que \u00e9 mostrando a partir do conhecimento leve, descontra\u00eddo, feliz, natural, sem medo e sem press\u00e3o que a Umbanda \u00e9 uma religi\u00e3o brasileira crist\u00e3 e que pratica a caridade, humildade e promove a unidade entre os irm\u00e3os.<\/p>\n\n\n\n<figure class=\"wp-block-image size-full is-resized\"><img loading=\"lazy\" decoding=\"async\" width=\"727\" height=\"184\" src=\"https:\/\/focotocantinense.com.br\/wp-content\/uploads\/2025\/06\/SHOW-DE-HUMOR-DE-VINICIUS-MARTINS-4.jpeg\" alt=\"\" class=\"wp-image-10633\" style=\"width:840px;height:auto\" srcset=\"https:\/\/focotocantinense.com.br\/wp-content\/uploads\/2025\/06\/SHOW-DE-HUMOR-DE-VINICIUS-MARTINS-4.jpeg 727w, https:\/\/focotocantinense.com.br\/wp-content\/uploads\/2025\/06\/SHOW-DE-HUMOR-DE-VINICIUS-MARTINS-4-300x76.jpeg 300w\" sizes=\"auto, (max-width: 727px) 100vw, 727px\" \/><\/figure>\n","protected":false},"excerpt":{"rendered":"<p>Informa\u00e7\u00e3o \u00e9 a base do evento com o objetivo de quebrar preconceito e mistifica\u00e7\u00e3o da Umbanda Nesta quinta-feira, 26 de julho, \u00e1s 19h, o Instituto Umbandista A Tenda do Caboclo realizar\u00e1 um momento de estudo e conhecimento com uma palestra p\u00fablica que ser\u00e1 ministrada pelo Sacerdote e escritor Gildener Sousa.&nbsp; A palestra ser\u00e1 acompanhada de &hellip;<\/p>\n","protected":false},"author":5,"featured_media":10636,"comment_status":"open","ping_status":"open","sticky":false,"template":"","format":"standard","meta":{"footnotes":""},"categories":[37,1],"tags":[],"class_list":["post-10635","post","type-post","status-publish","format-standard","has-post-thumbnail","","category-palmas","category-sem-categoria"],"_links":{"self":[{"href":"https:\/\/focotocantinense.com.br\/index.php?rest_route=\/wp\/v2\/posts\/10635","targetHints":{"allow":["GET"]}}],"collection":[{"href":"https:\/\/focotocantinense.com.br\/index.php?rest_route=\/wp\/v2\/posts"}],"about":[{"href":"https:\/\/focotocantinense.com.br\/index.php?rest_route=\/wp\/v2\/types\/post"}],"author":[{"embeddable":true,"href":"https:\/\/focotocantinense.com.br\/index.php?rest_route=\/wp\/v2\/users\/5"}],"replies":[{"embeddable":true,"href":"https:\/\/focotocantinense.com.br\/index.php?rest_route=%2Fwp%2Fv2%2Fcomments&post=10635"}],"version-history":[{"count":2,"href":"https:\/\/focotocantinense.com.br\/index.php?rest_route=\/wp\/v2\/posts\/10635\/revisions"}],"predecessor-version":[{"id":10638,"href":"https:\/\/focotocantinense.com.br\/index.php?rest_route=\/wp\/v2\/posts\/10635\/revisions\/10638"}],"wp:featuredmedia":[{"embeddable":true,"href":"https:\/\/focotocantinense.com.br\/index.php?rest_route=\/wp\/v2\/media\/10636"}],"wp:attachment":[{"href":"https:\/\/focotocantinense.com.br\/index.php?rest_route=%2Fwp%2Fv2%2Fmedia&parent=10635"}],"wp:term":[{"taxonomy":"category","embeddable":true,"href":"https:\/\/focotocantinense.com.br\/index.php?rest_route=%2Fwp%2Fv2%2Fcategories&post=10635"},{"taxonomy":"post_tag","embeddable":true,"href":"https:\/\/focotocantinense.com.br\/index.php?rest_route=%2Fwp%2Fv2%2Ftags&post=10635"}],"curies":[{"name":"wp","href":"https:\/\/api.w.org\/{rel}","templated":true}]}}