{"id":10629,"date":"2025-06-23T20:05:47","date_gmt":"2025-06-23T23:05:47","guid":{"rendered":"https:\/\/focotocantinense.com.br\/?p=10629"},"modified":"2025-06-23T20:07:00","modified_gmt":"2025-06-23T23:07:00","slug":"comite-de-cultura-no-tocantins-promove-forum-em-araguaina-sobre-identidade-e-comunicacao","status":"publish","type":"post","link":"https:\/\/focotocantinense.com.br\/?p=10629","title":{"rendered":"Comit\u00ea de Cultura no Tocantins promove f\u00f3rum em Aragua\u00edna sobre identidade e comunica\u00e7\u00e3o"},"content":{"rendered":"\n<figure class=\"wp-block-gallery has-nested-images columns-default is-cropped wp-block-gallery-1 is-layout-flex wp-block-gallery-is-layout-flex\">\n<figure class=\"wp-block-image size-large\"><img loading=\"lazy\" decoding=\"async\" width=\"819\" height=\"1024\" data-id=\"10631\" src=\"https:\/\/focotocantinense.com.br\/wp-content\/uploads\/2025\/06\/Forum_TecendoRedesCultivandoRaizes-1-819x1024.jpeg\" alt=\"\" class=\"wp-image-10631\" srcset=\"https:\/\/focotocantinense.com.br\/wp-content\/uploads\/2025\/06\/Forum_TecendoRedesCultivandoRaizes-1-819x1024.jpeg 819w, https:\/\/focotocantinense.com.br\/wp-content\/uploads\/2025\/06\/Forum_TecendoRedesCultivandoRaizes-1-240x300.jpeg 240w, https:\/\/focotocantinense.com.br\/wp-content\/uploads\/2025\/06\/Forum_TecendoRedesCultivandoRaizes-1-768x960.jpeg 768w, https:\/\/focotocantinense.com.br\/wp-content\/uploads\/2025\/06\/Forum_TecendoRedesCultivandoRaizes-1-1229x1536.jpeg 1229w, https:\/\/focotocantinense.com.br\/wp-content\/uploads\/2025\/06\/Forum_TecendoRedesCultivandoRaizes-1.jpeg 1280w\" sizes=\"auto, (max-width: 819px) 100vw, 819px\" \/><\/figure>\n<\/figure>\n\n\n\n<p>&#8230;<\/p>\n\n\n\n<p><strong>Por Rodrigo Martins<\/strong><\/p>\n\n\n\n<p>Com o objetivo de fortalecer redes culturais e promover o di\u00e1logo entre agentes culturais, estudantes e comunidades tradicionais, o Comit\u00ea de Cultura no Tocantins, com articula\u00e7\u00e3o da Federa\u00e7\u00e3o Tocantinense de Artes C\u00eanicas (FETAC),&nbsp; e o Instituto Isca realiza o F\u00f3rum Cultural \u201cTecendo Redes, Cultivando Ra\u00edzes\u201d, no dia 24 de junho, em Aragua\u00edna. A programa\u00e7\u00e3o inclui palestra, painel tem\u00e1tico e oficina formativa, com \u00eanfase nas pol\u00edticas p\u00fablicas voltadas aos povos de terreiro e nas estrat\u00e9gias de comunica\u00e7\u00e3o para organiza\u00e7\u00f5es culturais.<\/p>\n\n\n\n<p>\u201cA atua\u00e7\u00e3o do Comit\u00ea de Cultura e da FETAC tem sido essencial para fomentar pol\u00edticas culturais inclusivas e acess\u00edveis no Tocantins, especialmente em territ\u00f3rios onde h\u00e1 grande presen\u00e7a de comunidades tradicionais\u201d, afirma Kak\u00e1 Nogueira, coordenador geral do Comit\u00ea de Cultura no estado.<\/p>\n\n\n\n<p>A atividade integra as a\u00e7\u00f5es de forma\u00e7\u00e3o promovidas pela FETAC em parceria com institui\u00e7\u00f5es de ensino e coletivos culturais, reafirmando o compromisso da Federa\u00e7\u00e3o com o desenvolvimento das pol\u00edticas culturais no Tocantins. O evento ocorrer\u00e1 a partir das 18h, no Anfiteatro do Instituto Social e Cultural Araguaia (ISCA), com certifica\u00e7\u00e3o de horas para atividades complementares e inscri\u00e7\u00f5es gratuitas.<\/p>\n\n\n\n<p>Abrindo o evento, a palestra e o painel \u201cPol\u00edtica Nacional para os Povos e Comunidades Tradicionais de Terreiro e de Matriz Africana \u2013 Desafios Locais\u201d abordar\u00e3o a implementa\u00e7\u00e3o do Decreto n\u00ba 12.278\/2024, com a participa\u00e7\u00e3o do ministrante Pai Cl\u00e9zio Ax\u00e9 (Cl\u00e9zio de Sousa Ribeiro) e media\u00e7\u00e3o de Deise dos Anjos. O momento visa ampliar o entendimento sobre os direitos e desafios enfrentados por essas comunidades, al\u00e9m de estimular o fortalecimento das a\u00e7\u00f5es afirmativas no estado.<\/p>\n\n\n\n<p>Na sequ\u00eancia, a oficina \u201cComunica\u00e7\u00e3o na Cultura: Gest\u00e3o de Redes Sociais, Engajamento e Monitoramento\u201d, ministrada pela&nbsp;influencer&nbsp;digital Maria Clarah Primo, discutir\u00e1 pr\u00e1ticas contempor\u00e2neas de divulga\u00e7\u00e3o cultural, com foco na import\u00e2ncia do portf\u00f3lio do artista e no uso estrat\u00e9gico das m\u00eddias sociais. A forma\u00e7\u00e3o se prop\u00f5e a contribuir para a profissionaliza\u00e7\u00e3o dos agentes culturais, ampliando o alcance de suas a\u00e7\u00f5es e projetos.<\/p>\n\n\n\n<p>Com apresenta\u00e7\u00f5es culturais do grupo Tucanas, o f\u00f3rum se prop\u00f5e a ser um espa\u00e7o de escuta, aprendizado e articula\u00e7\u00e3o entre os diversos segmentos da cultura regional. A realiza\u00e7\u00e3o do evento refor\u00e7a o protagonismo da FETAC e do Comit\u00ea de Cultura na mobiliza\u00e7\u00e3o por pol\u00edticas inclusivas e na promo\u00e7\u00e3o de espa\u00e7os de forma\u00e7\u00e3o continuada para o setor cultural tocantinense.<\/p>\n\n\n\n<p>A a\u00e7\u00e3o conta ainda com o apoio da Associa\u00e7\u00e3o Gurupiense de Artes\u00e3os (AGA), do Instituto Social e Cultural Araguaia (ISCA) e de outros parceiros. A FETAC \u00e9 respons\u00e1vel pela coordena\u00e7\u00e3o do Comit\u00ea de Cultura no Tocantins, que atua em colabora\u00e7\u00e3o com o MinC por meio do Programa Nacional dos Comit\u00eas de Cultura (PNCC).<\/p>\n\n\n\n<figure class=\"wp-block-image size-full is-resized\"><img loading=\"lazy\" decoding=\"async\" width=\"727\" height=\"184\" src=\"https:\/\/focotocantinense.com.br\/wp-content\/uploads\/2025\/06\/SHOW-DE-HUMOR-DE-VINICIUS-MARTINS-4.jpeg\" alt=\"\" class=\"wp-image-10633\" style=\"width:840px;height:auto\" srcset=\"https:\/\/focotocantinense.com.br\/wp-content\/uploads\/2025\/06\/SHOW-DE-HUMOR-DE-VINICIUS-MARTINS-4.jpeg 727w, https:\/\/focotocantinense.com.br\/wp-content\/uploads\/2025\/06\/SHOW-DE-HUMOR-DE-VINICIUS-MARTINS-4-300x76.jpeg 300w\" sizes=\"auto, (max-width: 727px) 100vw, 727px\" \/><\/figure>\n","protected":false},"excerpt":{"rendered":"<p>&#8230; Por Rodrigo Martins Com o objetivo de fortalecer redes culturais e promover o di\u00e1logo entre agentes culturais, estudantes e comunidades tradicionais, o Comit\u00ea de Cultura no Tocantins, com articula\u00e7\u00e3o da Federa\u00e7\u00e3o Tocantinense de Artes C\u00eanicas (FETAC),&nbsp; e o Instituto Isca realiza o F\u00f3rum Cultural \u201cTecendo Redes, Cultivando Ra\u00edzes\u201d, no dia 24 de junho, em &hellip;<\/p>\n","protected":false},"author":5,"featured_media":10630,"comment_status":"open","ping_status":"open","sticky":false,"template":"","format":"standard","meta":{"footnotes":""},"categories":[45],"tags":[],"class_list":["post-10629","post","type-post","status-publish","format-standard","has-post-thumbnail","","category-araguaina"],"_links":{"self":[{"href":"https:\/\/focotocantinense.com.br\/index.php?rest_route=\/wp\/v2\/posts\/10629","targetHints":{"allow":["GET"]}}],"collection":[{"href":"https:\/\/focotocantinense.com.br\/index.php?rest_route=\/wp\/v2\/posts"}],"about":[{"href":"https:\/\/focotocantinense.com.br\/index.php?rest_route=\/wp\/v2\/types\/post"}],"author":[{"embeddable":true,"href":"https:\/\/focotocantinense.com.br\/index.php?rest_route=\/wp\/v2\/users\/5"}],"replies":[{"embeddable":true,"href":"https:\/\/focotocantinense.com.br\/index.php?rest_route=%2Fwp%2Fv2%2Fcomments&post=10629"}],"version-history":[{"count":2,"href":"https:\/\/focotocantinense.com.br\/index.php?rest_route=\/wp\/v2\/posts\/10629\/revisions"}],"predecessor-version":[{"id":10634,"href":"https:\/\/focotocantinense.com.br\/index.php?rest_route=\/wp\/v2\/posts\/10629\/revisions\/10634"}],"wp:featuredmedia":[{"embeddable":true,"href":"https:\/\/focotocantinense.com.br\/index.php?rest_route=\/wp\/v2\/media\/10630"}],"wp:attachment":[{"href":"https:\/\/focotocantinense.com.br\/index.php?rest_route=%2Fwp%2Fv2%2Fmedia&parent=10629"}],"wp:term":[{"taxonomy":"category","embeddable":true,"href":"https:\/\/focotocantinense.com.br\/index.php?rest_route=%2Fwp%2Fv2%2Fcategories&post=10629"},{"taxonomy":"post_tag","embeddable":true,"href":"https:\/\/focotocantinense.com.br\/index.php?rest_route=%2Fwp%2Fv2%2Ftags&post=10629"}],"curies":[{"name":"wp","href":"https:\/\/api.w.org\/{rel}","templated":true}]}}