{"id":10624,"date":"2025-06-23T18:12:27","date_gmt":"2025-06-23T21:12:27","guid":{"rendered":"https:\/\/focotocantinense.com.br\/?p=10624"},"modified":"2025-06-23T18:13:51","modified_gmt":"2025-06-23T21:13:51","slug":"iran-franca-recebe-convite-de-vicentinho-junior-para-que-entre-na-disputa-por-uma-vaga-de-deputado-estadual","status":"publish","type":"post","link":"https:\/\/focotocantinense.com.br\/?p=10624","title":{"rendered":"Iran Fran\u00e7a recebe convite de Vicentinho J\u00fanior para que entre na disputa por uma vaga de deputado estadual\u00a0"},"content":{"rendered":"\n<p><strong>Por Zacarias Martins<\/strong><\/p>\n\n\n\n<p>O jornalista e radialista Iran Fran\u00e7a, de Gurupi,&nbsp; que preside&nbsp; o Partido &nbsp;Progressista na Cidade, ap\u00f3s ouvir sua base eleitoral, colocou o seu nome &nbsp;para a dire\u00e7\u00e3o do partido, externando &nbsp;sua pr\u00e9-candidatura a deputado estadual.<\/p>\n\n\n\n<p>Iran Fran\u00e7a tem rodado o Estado \u2013 principalmente as regi\u00f5es Sul e Sudeste \u2013 e promovido debates com lideran\u00e7as pol\u00edticas e empresariais, al\u00e9m de simpatizantes da sua pr\u00e9-candidatura.<\/p>\n\n\n\n<p>\u201cEntendemos que as regi\u00f5es Sul e Sudeste do Tocantins, pela sua relev\u00e2ncia no cen\u00e1rio econ\u00f4mico do Estado, precisa ampliar a sua representatividade na Assembleia Legislativa e, dessa forma, atender aos anseios da popula\u00e7\u00e3o&nbsp; que aqui vive. Por isso foi que colocamos o nosso nome \u00e0 disposi\u00e7\u00e3o do partido nessa pr\u00e9-candidatura a deputado estadual. Disposi\u00e7\u00e3o para o trabalho \u00e9 o que n\u00e3o nos falta\u201d, destacou Iran Fran\u00e7a.<\/p>\n\n\n\n<figure class=\"wp-block-image size-full is-resized\"><img loading=\"lazy\" decoding=\"async\" width=\"963\" height=\"616\" src=\"https:\/\/focotocantinense.com.br\/wp-content\/uploads\/2025\/06\/aaaaaaaaaaaaaaaaaaaaaaaaaaaaaaaaaaaaaaaaaaaa.jpeg\" alt=\"\" class=\"wp-image-10625\" style=\"width:382px;height:auto\" srcset=\"https:\/\/focotocantinense.com.br\/wp-content\/uploads\/2025\/06\/aaaaaaaaaaaaaaaaaaaaaaaaaaaaaaaaaaaaaaaaaaaa.jpeg 963w, https:\/\/focotocantinense.com.br\/wp-content\/uploads\/2025\/06\/aaaaaaaaaaaaaaaaaaaaaaaaaaaaaaaaaaaaaaaaaaaa-300x192.jpeg 300w, https:\/\/focotocantinense.com.br\/wp-content\/uploads\/2025\/06\/aaaaaaaaaaaaaaaaaaaaaaaaaaaaaaaaaaaaaaaaaaaa-768x491.jpeg 768w\" sizes=\"auto, (max-width: 963px) 100vw, 963px\" \/><\/figure>\n\n\n\n<p><\/p>\n\n\n\n<p>Nesta semana, Iran Fran\u00e7a manteve conversa\u00e7\u00f5es com o <em>presidente<\/em>&nbsp;Regional do&nbsp;<em>Progressistas no Tocantins<\/em>, deputado federal Vicentinho J\u00fanior, que \u00e9 pr\u00e9-candidato a Senador. Na ocasi\u00e3o, Vicentinho convidou Iran Fran\u00e7a a colocar o seu nome como pr\u00e9-candidato a deputado&nbsp; estadual,&nbsp; que aceitou de pronto o &nbsp;convite.<\/p>\n\n\n\n<p>\u201cSou um soldado do partido e esse honroso&nbsp; convite do deputado federal Vicentinho me incentiva ainda mais a prosseguir na minha trajet\u00f3ria pol\u00edtica e contribuir ainda mais para o progresso do nosso querido Tocantins\u201d, finalizou Iran Fran\u00e7a.<\/p>\n\n\n\n<figure class=\"wp-block-image size-full is-resized\"><img loading=\"lazy\" decoding=\"async\" width=\"727\" height=\"184\" src=\"https:\/\/focotocantinense.com.br\/wp-content\/uploads\/2025\/06\/SHOW-DE-HUMOR-DE-VINICIUS-MARTINS-3.jpeg\" alt=\"\" class=\"wp-image-10581\" style=\"width:840px;height:auto\" srcset=\"https:\/\/focotocantinense.com.br\/wp-content\/uploads\/2025\/06\/SHOW-DE-HUMOR-DE-VINICIUS-MARTINS-3.jpeg 727w, https:\/\/focotocantinense.com.br\/wp-content\/uploads\/2025\/06\/SHOW-DE-HUMOR-DE-VINICIUS-MARTINS-3-300x76.jpeg 300w\" sizes=\"auto, (max-width: 727px) 100vw, 727px\" \/><\/figure>\n\n\n\n<p>.<\/p>\n","protected":false},"excerpt":{"rendered":"<p>Por Zacarias Martins O jornalista e radialista Iran Fran\u00e7a, de Gurupi,&nbsp; que preside&nbsp; o Partido &nbsp;Progressista na Cidade, ap\u00f3s ouvir sua base eleitoral, colocou o seu nome &nbsp;para a dire\u00e7\u00e3o do partido, externando &nbsp;sua pr\u00e9-candidatura a deputado estadual. Iran Fran\u00e7a tem rodado o Estado \u2013 principalmente as regi\u00f5es Sul e Sudeste \u2013 e promovido debates &hellip;<\/p>\n","protected":false},"author":5,"featured_media":10625,"comment_status":"open","ping_status":"open","sticky":false,"template":"","format":"standard","meta":{"footnotes":""},"categories":[40],"tags":[],"class_list":["post-10624","post","type-post","status-publish","format-standard","has-post-thumbnail","","category-politica"],"_links":{"self":[{"href":"https:\/\/focotocantinense.com.br\/index.php?rest_route=\/wp\/v2\/posts\/10624","targetHints":{"allow":["GET"]}}],"collection":[{"href":"https:\/\/focotocantinense.com.br\/index.php?rest_route=\/wp\/v2\/posts"}],"about":[{"href":"https:\/\/focotocantinense.com.br\/index.php?rest_route=\/wp\/v2\/types\/post"}],"author":[{"embeddable":true,"href":"https:\/\/focotocantinense.com.br\/index.php?rest_route=\/wp\/v2\/users\/5"}],"replies":[{"embeddable":true,"href":"https:\/\/focotocantinense.com.br\/index.php?rest_route=%2Fwp%2Fv2%2Fcomments&post=10624"}],"version-history":[{"count":3,"href":"https:\/\/focotocantinense.com.br\/index.php?rest_route=\/wp\/v2\/posts\/10624\/revisions"}],"predecessor-version":[{"id":10628,"href":"https:\/\/focotocantinense.com.br\/index.php?rest_route=\/wp\/v2\/posts\/10624\/revisions\/10628"}],"wp:featuredmedia":[{"embeddable":true,"href":"https:\/\/focotocantinense.com.br\/index.php?rest_route=\/wp\/v2\/media\/10625"}],"wp:attachment":[{"href":"https:\/\/focotocantinense.com.br\/index.php?rest_route=%2Fwp%2Fv2%2Fmedia&parent=10624"}],"wp:term":[{"taxonomy":"category","embeddable":true,"href":"https:\/\/focotocantinense.com.br\/index.php?rest_route=%2Fwp%2Fv2%2Fcategories&post=10624"},{"taxonomy":"post_tag","embeddable":true,"href":"https:\/\/focotocantinense.com.br\/index.php?rest_route=%2Fwp%2Fv2%2Ftags&post=10624"}],"curies":[{"name":"wp","href":"https:\/\/api.w.org\/{rel}","templated":true}]}}