{"id":10615,"date":"2025-06-22T11:34:16","date_gmt":"2025-06-22T14:34:16","guid":{"rendered":"https:\/\/focotocantinense.com.br\/?p=10615"},"modified":"2025-06-22T11:36:19","modified_gmt":"2025-06-22T14:36:19","slug":"tradicao-matuta-vence-o-24o-arraia-da-amizade-programacao-segue-com-a-competicao-estadual","status":"publish","type":"post","link":"https:\/\/focotocantinense.com.br\/?p=10615","title":{"rendered":"Tradi\u00e7\u00e3o Matuta vence o 24\u00ba Arrai\u00e1 da Amizade; programa\u00e7\u00e3o segue com a competi\u00e7\u00e3o estadual"},"content":{"rendered":"\n<p><\/p>\n\n\n\n<p>A segunda noite do 24\u00ba Arrai\u00e1 da Amizade, realizada nesta sexta-feira, 20, foi marcada por muita emo\u00e7\u00e3o, beleza c\u00eanica e riqueza cultural com as apresenta\u00e7\u00f5es das quadrilhas do grupo estilizado. O p\u00fablico lotou a arena montada no estacionamento do shopping de Gurupi para prestigiar os espet\u00e1culos que encantaram pela criatividade e qualidade art\u00edstica.<\/p>\n\n\n\n<figure class=\"wp-block-image size-large is-resized\"><img loading=\"lazy\" decoding=\"async\" width=\"1024\" height=\"685\" src=\"https:\/\/focotocantinense.com.br\/wp-content\/uploads\/2025\/06\/1-ARRAIA-EM-GURUPI-1024x685.jpeg\" alt=\"\" class=\"wp-image-10616\" style=\"width:377px;height:auto\" srcset=\"https:\/\/focotocantinense.com.br\/wp-content\/uploads\/2025\/06\/1-ARRAIA-EM-GURUPI-1024x685.jpeg 1024w, https:\/\/focotocantinense.com.br\/wp-content\/uploads\/2025\/06\/1-ARRAIA-EM-GURUPI-300x201.jpeg 300w, https:\/\/focotocantinense.com.br\/wp-content\/uploads\/2025\/06\/1-ARRAIA-EM-GURUPI-768x514.jpeg 768w, https:\/\/focotocantinense.com.br\/wp-content\/uploads\/2025\/06\/1-ARRAIA-EM-GURUPI-110x75.jpeg 110w, https:\/\/focotocantinense.com.br\/wp-content\/uploads\/2025\/06\/1-ARRAIA-EM-GURUPI.jpeg 1280w\" sizes=\"auto, (max-width: 1024px) 100vw, 1024px\" \/><\/figure>\n\n\n\n<p><\/p>\n\n\n\n<p>A primeira a se apresentar foi a junina Imp\u00e9rio Nordestina, com o espet\u00e1culo \u201cDo Ouro de Aluvi\u00e3o, se Reluz uma Paix\u00e3o\u201d. A narrativa&nbsp;retratou&nbsp;o ciclo do ouro na fict\u00edcia cidade de Marac\u00e1, onde um amor proibido nasce em meio \u00e0 opress\u00e3o dos garimpos liderados pelo autorit\u00e1rio Senhor Colombo. Isa\u00edas, um garimpeiro humilde, \u00e9 desafiado a escalar a temida Montanha de Marac\u00e1 e trazer ouro guardado pela m\u00edstica M\u00e3e do Ouro para ter o direito de viver seu amor com Helena, filha do comandante do garimpo. Um enredo que mistura resist\u00eancia, folclore e romantismo.<\/p>\n\n\n\n<p>Em seguida, foi a vez da junina Tradi\u00e7\u00e3o Matuta, que trouxe uma homenagem ao Rei do Bai\u00e3o com o tema \u201cSob o Luar do Sert\u00e3o, mem\u00f3rias dan\u00e7am \u00e0 volta do Rei do Bai\u00e3o\u201d. A hist\u00f3ria come\u00e7a com Karolina, que reza a Padre C\u00edcero para reviver a alegria do forr\u00f3. Em resposta, o museu de Luiz Gonzaga ganha vida e juntos eles dan\u00e7am e revivem o amor eterno sob o&nbsp;luar&nbsp;do sert\u00e3o. O ponto alto foi a transforma\u00e7\u00e3o simb\u00f3lica de &#8220;Assum Preto&#8221; em &#8220;Asa Branca&#8221;, culminando em um casamento aben\u00e7oado por figuras emblem\u00e1ticas como Lampi\u00e3o e Maria Bonita. Uma inova\u00e7\u00e3o do grupo foi a execu\u00e7\u00e3o ao vivo das m\u00fasicas, com uma banda acompanhando cada cena no palco.<\/p>\n\n\n\n<figure class=\"wp-block-image size-large\"><img loading=\"lazy\" decoding=\"async\" width=\"1024\" height=\"768\" src=\"https:\/\/focotocantinense.com.br\/wp-content\/uploads\/2025\/06\/2-ARRAIA-EM-GURUPI-1024x768.jpeg\" alt=\"\" class=\"wp-image-10619\" srcset=\"https:\/\/focotocantinense.com.br\/wp-content\/uploads\/2025\/06\/2-ARRAIA-EM-GURUPI-1024x768.jpeg 1024w, https:\/\/focotocantinense.com.br\/wp-content\/uploads\/2025\/06\/2-ARRAIA-EM-GURUPI-300x225.jpeg 300w, https:\/\/focotocantinense.com.br\/wp-content\/uploads\/2025\/06\/2-ARRAIA-EM-GURUPI-768x576.jpeg 768w, https:\/\/focotocantinense.com.br\/wp-content\/uploads\/2025\/06\/2-ARRAIA-EM-GURUPI-1536x1152.jpeg 1536w, https:\/\/focotocantinense.com.br\/wp-content\/uploads\/2025\/06\/2-ARRAIA-EM-GURUPI.jpeg 1600w\" sizes=\"auto, (max-width: 1024px) 100vw, 1024px\" \/><\/figure>\n\n\n\n<p><\/p>\n\n\n\n<p>Encerrando a noite, a junina do CEM Bom Jesus apresentou ao p\u00fablico \u201cConsci\u00eancia: uma voz de esperan\u00e7a\u201d, trazendo uma mensagem de alerta sobre a destrui\u00e7\u00e3o do meio ambiente causada pelo comportamento humano. Atrav\u00e9s da representa\u00e7\u00e3o dos elementos terra, \u00e1gua, fogo e ar, o grupo incentivou a reflex\u00e3o sobre empatia, respeito e responsabilidade ambiental.<\/p>\n\n\n\n<p>A prefeita Josi Nunes destacou a beleza e a profundidade das apresenta\u00e7\u00f5es e refor\u00e7ou o compromisso da gest\u00e3o municipal com a valoriza\u00e7\u00e3o da cultura. \u201cFoi uma noite inesquec\u00edvel! As quadrilhas trouxeram enredos fortes, emocionantes e bel\u00edssimos. Estamos vendo aqui o resultado de muito talento e dedica\u00e7\u00e3o. A cultura junina \u00e9 viva em Gurupi, e nossa gest\u00e3o tem investido para que ela seja cada vez mais valorizada. Ver esse p\u00fablico todo aqui nos alegra e mostra que o povo aprova e participa da festa\u201d, declarou.<\/p>\n\n\n\n<figure class=\"wp-block-image size-large\"><img loading=\"lazy\" decoding=\"async\" width=\"1024\" height=\"666\" src=\"https:\/\/focotocantinense.com.br\/wp-content\/uploads\/2025\/06\/3-ARRAIA-EM-GURUPI-1024x666.jpeg\" alt=\"\" class=\"wp-image-10620\" srcset=\"https:\/\/focotocantinense.com.br\/wp-content\/uploads\/2025\/06\/3-ARRAIA-EM-GURUPI-1024x666.jpeg 1024w, https:\/\/focotocantinense.com.br\/wp-content\/uploads\/2025\/06\/3-ARRAIA-EM-GURUPI-300x195.jpeg 300w, https:\/\/focotocantinense.com.br\/wp-content\/uploads\/2025\/06\/3-ARRAIA-EM-GURUPI-768x499.jpeg 768w, https:\/\/focotocantinense.com.br\/wp-content\/uploads\/2025\/06\/3-ARRAIA-EM-GURUPI.jpeg 1486w\" sizes=\"auto, (max-width: 1024px) 100vw, 1024px\" \/><\/figure>\n\n\n\n<p><\/p>\n\n\n\n<p>A secret\u00e1ria municipal de Cultura e Turismo, Liliane Pagliarini, comemorou o sucesso do evento e a expressiva participa\u00e7\u00e3o do p\u00fablico nas duas primeiras noites. \u201cEstamos extremamente felizes com o resultado. J\u00e1 batemos recorde de p\u00fablico, a organiza\u00e7\u00e3o tem sido elogiada e ainda temos mais duas noites pela frente. Neste s\u00e1bado e domingo, teremos a competi\u00e7\u00e3o estadual de quadrilhas, que pela primeira vez sai da capital e \u00e9 realizada aqui em Gurupi. Isso \u00e9 um marco para a nossa cidade e um reconhecimento da for\u00e7a da nossa cultura\u201d, destacou.<\/p>\n\n\n\n<figure class=\"wp-block-image size-large\"><img loading=\"lazy\" decoding=\"async\" width=\"1024\" height=\"685\" src=\"https:\/\/focotocantinense.com.br\/wp-content\/uploads\/2025\/06\/4-ARRAIA-EM-GURUPI-1024x685.jpeg\" alt=\"\" class=\"wp-image-10622\" srcset=\"https:\/\/focotocantinense.com.br\/wp-content\/uploads\/2025\/06\/4-ARRAIA-EM-GURUPI-1024x685.jpeg 1024w, https:\/\/focotocantinense.com.br\/wp-content\/uploads\/2025\/06\/4-ARRAIA-EM-GURUPI-300x201.jpeg 300w, https:\/\/focotocantinense.com.br\/wp-content\/uploads\/2025\/06\/4-ARRAIA-EM-GURUPI-768x514.jpeg 768w, https:\/\/focotocantinense.com.br\/wp-content\/uploads\/2025\/06\/4-ARRAIA-EM-GURUPI-110x75.jpeg 110w, https:\/\/focotocantinense.com.br\/wp-content\/uploads\/2025\/06\/4-ARRAIA-EM-GURUPI.jpeg 1280w\" sizes=\"auto, (max-width: 1024px) 100vw, 1024px\" \/><\/figure>\n\n\n\n<p><\/p>\n\n\n\n<p><strong>P\u00fablico aprova o evento<\/strong><\/p>\n\n\n\n<p>O estudante Fabiano Morais, que acompanhou as apresenta\u00e7\u00f5es, fez quest\u00e3o de destacar a organiza\u00e7\u00e3o e o n\u00edvel das juninas. \u201cEu sou apaixonado por festa junina, tenho ra\u00edzes nordestinas e ver espet\u00e1culos como esses me emociona. A organiza\u00e7\u00e3o est\u00e1 impec\u00e1vel, tudo muito bonito. J\u00e1 vim ontem e estarei presente nas quatro noites\u201d, disse.<\/p>\n\n\n\n<p>A nail designer Iris Fonseca tamb\u00e9m elogiou a estrutura e disse ter ficado encantada. \u201cFazia dois anos que eu n\u00e3o conseguia vir ao Arrai\u00e1, mas esse ano deu certo e estou maravilhada. A decis\u00e3o de fazer aqui no estacionamento do shopping foi perfeita. Est\u00e1 tudo muito bem organizado e acess\u00edvel\u201d, opinou.<\/p>\n\n\n\n<p>A aut\u00f4noma Cristina Soares destacou o valor cultural do evento. \u201c\u00c9 uma festa que resgata nossas ra\u00edzes, nossas tradi\u00e7\u00f5es. Cada quadrilha \u00e9 uma aula de hist\u00f3ria, arte e emo\u00e7\u00e3o. Fico feliz em ver Gurupi promovendo um evento t\u00e3o grandioso e bem feito\u201d, concluiu.<\/p>\n\n\n\n<p><strong>Resultados<\/strong><\/p>\n\n\n\n<p>Ap\u00f3s as apresenta\u00e7\u00f5es o p\u00fablico conheceu os vencedores das competi\u00e7\u00f5es individuais realizadas na quinta-feira, 19, e tamb\u00e9m das juninas.<\/p>\n\n\n\n<p><strong>Juninas de Acesso<\/strong><\/p>\n\n\n\n<p>1\u00ba Lugar &#8211; Flor de Pequi<\/p>\n\n\n\n<p>2\u00ba Cabroeira do Norte<\/p>\n\n\n\n<p><strong>Rainha Mirim<\/strong><\/p>\n\n\n\n<p>Lara Sophya &#8211; Tradi\u00e7\u00e3o Matuta<\/p>\n\n\n\n<p><strong>Casal Canga\u00e7o<\/strong><\/p>\n\n\n\n<p>Maria Eduarda e Vitor Gabriel &#8211; Imp\u00e9rio Nordestina<\/p>\n\n\n\n<p><strong>Rainha Diversidade<\/strong><\/p>\n\n\n\n<p>Ohana Barros &#8211; Imp\u00e9rio Nordestina<\/p>\n\n\n\n<p><strong>Casal de Noivos<\/strong><\/p>\n\n\n\n<p>Franciele Abreu e Murilo Henrique &#8211; Tradi\u00e7\u00e3o Matuta<\/p>\n\n\n\n<p><strong>Rainha<\/strong><\/p>\n\n\n\n<p>Camila Gomes &#8211; Tradi\u00e7\u00e3o Matuta<\/p>\n\n\n\n<p><strong>Marcador<\/strong><\/p>\n\n\n\n<p>Jhonny Macer &#8211; Imp\u00e9rio Nordestina<\/p>\n\n\n\n<p><em><strong>Juninas Estilizadas<\/strong><\/em><\/p>\n\n\n\n<p>1\u00ba Lugar &#8211; Tradi\u00e7\u00e3o Matuta<\/p>\n\n\n\n<p>2\u00ba Lugar &#8211; Imp\u00e9rio Nordestina<\/p>\n\n\n\n<p>3\u00ba Lugar &#8211; CEM Bom Jesus<\/p>\n\n\n\n<p>Al\u00e9m das competi\u00e7\u00f5es, o p\u00fablico ainda contou com os shows de Renato Leal, Fernando Guedes, Banda Black e Luciano Lins<\/p>\n\n\n\n<p><strong>Premia\u00e7\u00e3o<\/strong><\/p>\n\n\n\n<p>As tr\u00eas primeiras juninas colocadas no concurso nas modalidades: Quadrilhas Estilizadas e Quadrilhas Comunidade, receber\u00e3o a seguinte premia\u00e7\u00e3o:<\/p>\n\n\n\n<p><strong>GRUPO &#8220;A&#8221;- Quadrilhas Estilizadas<\/strong><\/p>\n\n\n\n<p>1\u00ba Lugar: 50% de 20 sal\u00e1rios m\u00ednimos + trof\u00e9u;<\/p>\n\n\n\n<p>2\u00ba Lugar: 30% de 20 sal\u00e1rios m\u00ednimos + trof\u00e9u;<\/p>\n\n\n\n<p>3\u00ba Lugar: 20% de 20 sal\u00e1rios m\u00ednimos + trof\u00e9u;<\/p>\n\n\n\n<p><strong>GRUPO &#8220;B&#8221; Quadrilhas Comunidade ou Grupo de Acesso.<\/strong><\/p>\n\n\n\n<p>1\u00ba Lugar: 50% de 10 sal\u00e1rios m\u00ednimos + trof\u00e9u;<\/p>\n\n\n\n<p>2\u00ba Lugar: 30% de 10 sal\u00e1rios m\u00ednimos + trof\u00e9u;<\/p>\n\n\n\n<p>3\u00ba Lugar: 20% de 10 sal\u00e1rios m\u00ednimos + trof\u00e9u.<\/p>\n\n\n\n<p><strong>Rainha do Arrai\u00e1 da Amizade<\/strong><\/p>\n\n\n\n<p>1\u00ba Lugar \u2013 Trof\u00e9u + 2 sal\u00e1rios m\u00ednimos<\/p>\n\n\n\n<p><strong>Marcador<\/strong><\/p>\n\n\n\n<p>1\u00ba Lugar \u2013 Trof\u00e9u + 2 sal\u00e1rios m\u00ednimos<\/p>\n\n\n\n<p><strong>Casal de Noivos<\/strong><\/p>\n\n\n\n<p>1\u00ba Lugar \u2013 Trof\u00e9u + 2 sal\u00e1rios m\u00ednimos<\/p>\n\n\n\n<p><strong>Rainha Mirim<\/strong><\/p>\n\n\n\n<p>1\u00ba Lugar \u2013 Trof\u00e9u + 2 sal\u00e1rios m\u00ednimos<\/p>\n\n\n\n<p><strong>Casal de Canga\u00e7o<\/strong><\/p>\n\n\n\n<p>1\u00ba Lugar \u2013 Trof\u00e9u + 2 sal\u00e1rios m\u00ednimos<\/p>\n\n\n\n<p><strong>Rainha G (diversidade)<\/strong><\/p>\n\n\n\n<p>1\u00b0 Lugar &#8211; Trof\u00e9u<\/p>\n\n\n\n<p><strong>Programa\u00e7\u00e3o:<\/strong><\/p>\n\n\n\n<p>A festa de S\u00e3o Jo\u00e3o de Gurupi segue neste s\u00e1bado com a competi\u00e7\u00e3o das quadrilhas estaduais, que pela primeira vez&nbsp;acontece&nbsp;fora da Capital. De Gurupi, as juninas Tradi\u00e7\u00e3o Matuta e Imp\u00e9rio Nordestina v\u00e3o competir e se apresentar\u00e3o no domingo, 22.<\/p>\n\n\n\n<p><strong>21 de junho (s\u00e1bado)<\/strong><\/p>\n\n\n\n<p>Concurso Estadual de Quadrilhas Juninas \u2013 FEQUAJUTO<\/p>\n\n\n\n<p>S\u00e3o Jo\u00e3o das Palmas (Palmas)<\/p>\n\n\n\n<p>Encanto Luar (Palmas)<\/p>\n\n\n\n<p>Matutos da Noite (Palmas)<\/p>\n\n\n\n<p>Encanto do Luar (Aragua\u00edna)<\/p>\n\n\n\n<p>Filhos da Boa Vista (Tocantin\u00f3polis)<\/p>\n\n\n\n<p>Arrasta-p\u00e9 do Liberdade (Palmas)<\/p>\n\n\n\n<p>Shows:&nbsp;Lambasaia, Deusa, Ka\u00e7ula MW, Forr\u00f3 Top 10<\/p>\n\n\n\n<p><strong>22 de junho (domingo)<\/strong><\/p>\n\n\n\n<p>Continua\u00e7\u00e3o do Concurso Estadual de Quadrilhas Juninas \u2013 FEQUAJUTO<\/p>\n\n\n\n<p>Tradi\u00e7\u00e3o Matura (Gurupi)<\/p>\n\n\n\n<p>Pizada da Butina (Palmas)<\/p>\n\n\n\n<p>Malacabados (Aragua\u00edna)<\/p>\n\n\n\n<p>Cafund\u00f3 do Brejo (Palmas)<\/p>\n\n\n\n<p>Imp\u00e9rio Nordestina (Gurupi)<\/p>\n\n\n\n<p>Explos\u00e3o do Amor Caipira (Palmas)<\/p>\n\n\n\n<p>Premia\u00e7\u00e3o do Campeonato Estadual de Juninas<\/p>\n\n\n\n<p>Shows: Mistura Nativa, Banda Skema do Brasil, Joan AlessandrO<\/p>\n\n\n\n<figure class=\"wp-block-image size-full is-resized\"><img loading=\"lazy\" decoding=\"async\" width=\"727\" height=\"184\" src=\"https:\/\/focotocantinense.com.br\/wp-content\/uploads\/2025\/06\/SHOW-DE-HUMOR-DE-VINICIUS-MARTINS-3.jpeg\" alt=\"\" class=\"wp-image-10581\" style=\"width:840px;height:auto\" srcset=\"https:\/\/focotocantinense.com.br\/wp-content\/uploads\/2025\/06\/SHOW-DE-HUMOR-DE-VINICIUS-MARTINS-3.jpeg 727w, https:\/\/focotocantinense.com.br\/wp-content\/uploads\/2025\/06\/SHOW-DE-HUMOR-DE-VINICIUS-MARTINS-3-300x76.jpeg 300w\" sizes=\"auto, (max-width: 727px) 100vw, 727px\" \/><\/figure>\n\n\n\n<p><\/p>\n","protected":false},"excerpt":{"rendered":"<p>A segunda noite do 24\u00ba Arrai\u00e1 da Amizade, realizada nesta sexta-feira, 20, foi marcada por muita emo\u00e7\u00e3o, beleza c\u00eanica e riqueza cultural com as apresenta\u00e7\u00f5es das quadrilhas do grupo estilizado. O p\u00fablico lotou a arena montada no estacionamento do shopping de Gurupi para prestigiar os espet\u00e1culos que encantaram pela criatividade e qualidade art\u00edstica. A primeira &hellip;<\/p>\n","protected":false},"author":5,"featured_media":10616,"comment_status":"open","ping_status":"open","sticky":false,"template":"","format":"standard","meta":{"footnotes":""},"categories":[38],"tags":[],"class_list":["post-10615","post","type-post","status-publish","format-standard","has-post-thumbnail","","category-gurupi"],"_links":{"self":[{"href":"https:\/\/focotocantinense.com.br\/index.php?rest_route=\/wp\/v2\/posts\/10615","targetHints":{"allow":["GET"]}}],"collection":[{"href":"https:\/\/focotocantinense.com.br\/index.php?rest_route=\/wp\/v2\/posts"}],"about":[{"href":"https:\/\/focotocantinense.com.br\/index.php?rest_route=\/wp\/v2\/types\/post"}],"author":[{"embeddable":true,"href":"https:\/\/focotocantinense.com.br\/index.php?rest_route=\/wp\/v2\/users\/5"}],"replies":[{"embeddable":true,"href":"https:\/\/focotocantinense.com.br\/index.php?rest_route=%2Fwp%2Fv2%2Fcomments&post=10615"}],"version-history":[{"count":3,"href":"https:\/\/focotocantinense.com.br\/index.php?rest_route=\/wp\/v2\/posts\/10615\/revisions"}],"predecessor-version":[{"id":10623,"href":"https:\/\/focotocantinense.com.br\/index.php?rest_route=\/wp\/v2\/posts\/10615\/revisions\/10623"}],"wp:featuredmedia":[{"embeddable":true,"href":"https:\/\/focotocantinense.com.br\/index.php?rest_route=\/wp\/v2\/media\/10616"}],"wp:attachment":[{"href":"https:\/\/focotocantinense.com.br\/index.php?rest_route=%2Fwp%2Fv2%2Fmedia&parent=10615"}],"wp:term":[{"taxonomy":"category","embeddable":true,"href":"https:\/\/focotocantinense.com.br\/index.php?rest_route=%2Fwp%2Fv2%2Fcategories&post=10615"},{"taxonomy":"post_tag","embeddable":true,"href":"https:\/\/focotocantinense.com.br\/index.php?rest_route=%2Fwp%2Fv2%2Ftags&post=10615"}],"curies":[{"name":"wp","href":"https:\/\/api.w.org\/{rel}","templated":true}]}}