{"id":10607,"date":"2025-06-19T21:15:57","date_gmt":"2025-06-20T00:15:57","guid":{"rendered":"https:\/\/focotocantinense.com.br\/?p=10607"},"modified":"2025-06-19T21:18:09","modified_gmt":"2025-06-20T00:18:09","slug":"em-tocantinia-eletiva-poetas-do-xodo-emociona-comunidade-escolar-com-culminancia-literaria-e-artistica","status":"publish","type":"post","link":"https:\/\/focotocantinense.com.br\/?p=10607","title":{"rendered":"Em Tocant\u00ednia, eletiva \u201cPoetas do Xod\u00f3\u201d emociona comunidade escolar com culmin\u00e2ncia liter\u00e1ria e art\u00edstica"},"content":{"rendered":"\n<p><strong>Por Zacarias Martins<\/strong><\/p>\n\n\n\n<p>No \u00faltimo dia 18 de junho, \u00e0s 8h da manh\u00e3, a Biblioteca Frei Ant\u00f4nio, no Centro Educacional F\u00e9 e Alegria Frei Ant\u00f4nio, foi palco de uma verdadeira celebra\u00e7\u00e3o da palavra po\u00e9tica. A culmin\u00e2ncia da eletiva comum&nbsp;<strong><em>\u201cPoetas do Xod\u00f3\u201d<\/em><\/strong>, componente curricular desenvolvido ao longo do semestre sob orienta\u00e7\u00e3o do professor Andr\u00e9 Goveia \u2014 poeta e escritor \u2014, emocionou os presentes com uma programa\u00e7\u00e3o sens\u00edvel, criativa e profundamente enraizada na hist\u00f3ria da pr\u00f3pria escola.<\/p>\n\n\n\n<p>O tema trabalhado durante o semestre foi a \u201c<strong><em>Poesia contempor\u00e2nea: hist\u00f3ria e vida do fundador da escola, Monsenhor Pedro Pereira Piagem<\/em><\/strong>\u201d, integrando viv\u00eancias po\u00e9ticas com a mem\u00f3ria institucional e afetiva. A culmin\u00e2ncia foi aberta ao p\u00fablico e reuniu alunos, educadores, funcion\u00e1rios e familiares em uma atmosfera de afeto, arte e pertencimento.<\/p>\n\n\n\n<figure class=\"wp-block-image size-large is-resized\"><img loading=\"lazy\" decoding=\"async\" width=\"1024\" height=\"576\" src=\"https:\/\/focotocantinense.com.br\/wp-content\/uploads\/2025\/06\/1-A-ESCOLA-DE-TOCANTINIA.jpeg.jpg-1024x576.jpeg\" alt=\"\" class=\"wp-image-10610\" style=\"width:386px;height:auto\" srcset=\"https:\/\/focotocantinense.com.br\/wp-content\/uploads\/2025\/06\/1-A-ESCOLA-DE-TOCANTINIA.jpeg.jpg-1024x576.jpeg 1024w, https:\/\/focotocantinense.com.br\/wp-content\/uploads\/2025\/06\/1-A-ESCOLA-DE-TOCANTINIA.jpeg.jpg-300x169.jpeg 300w, https:\/\/focotocantinense.com.br\/wp-content\/uploads\/2025\/06\/1-A-ESCOLA-DE-TOCANTINIA.jpeg.jpg-768x432.jpeg 768w, https:\/\/focotocantinense.com.br\/wp-content\/uploads\/2025\/06\/1-A-ESCOLA-DE-TOCANTINIA.jpeg.jpg-1536x864.jpeg 1536w, https:\/\/focotocantinense.com.br\/wp-content\/uploads\/2025\/06\/1-A-ESCOLA-DE-TOCANTINIA.jpeg.jpg-2048x1152.jpeg 2048w\" sizes=\"auto, (max-width: 1024px) 100vw, 1024px\" \/><\/figure>\n\n\n\n<p>Ao adentrar o evento, os visitantes foram recepcionados pela&nbsp;<strong><em>\u201cCortina de Poesias\u201d<\/em><\/strong>, instalada na entrada do hall da biblioteca, onde estrofes escritas pelos alunos pendiam delicadamente como um convite para atravessar os versos com o corpo e o cora\u00e7\u00e3o.<\/p>\n\n\n\n<figure class=\"wp-block-image is-resized\"><a href=\"https:\/\/blogger.googleusercontent.com\/img\/b\/R29vZ2xl\/AVvXsEhVLKd350IFBv25N49E6HPjiF26wnOMC8SOwPcZwR3aJQtQIPeJgIOSHRLKvVPpcR4UgmpdwNVZUrNpQSuF9_88UAF8ppSoojts3KGD9Cwg6RmjsveiqLryNtPJ9D9IVfNVEbLFMsYlbKUwqcuKSsiA0JEKWtKfOs7ZKD-1-f4F3SHY1E8C_EQjSznSnofc\/s4032\/2%20%20ESCOLA%20DE%20TOCANTINIA.jpeg.jpg.jpeg\"><img decoding=\"async\" src=\"https:\/\/blogger.googleusercontent.com\/img\/b\/R29vZ2xl\/AVvXsEhVLKd350IFBv25N49E6HPjiF26wnOMC8SOwPcZwR3aJQtQIPeJgIOSHRLKvVPpcR4UgmpdwNVZUrNpQSuF9_88UAF8ppSoojts3KGD9Cwg6RmjsveiqLryNtPJ9D9IVfNVEbLFMsYlbKUwqcuKSsiA0JEKWtKfOs7ZKD-1-f4F3SHY1E8C_EQjSznSnofc\/w480-h270\/2%20%20ESCOLA%20DE%20TOCANTINIA.jpeg.jpg.jpeg\" alt=\"\" style=\"width:398px;height:auto\"\/><\/a><\/figure>\n\n\n\n<p><strong><em>O professor Andr\u00e9 Goveia coordenou toda a a\u00e7\u00e3o desenvolvida pelos alunos.<\/em><\/strong><\/p>\n\n\n\n<p>Logo em seguida, uma das grandes atra\u00e7\u00f5es: um livro po\u00e9tico ilustrativo de um metro de altura, contendo cria\u00e7\u00f5es autorais dos estudantes. O percurso po\u00e9tico seguia com um encantador Varal de Poesias, que exibia a leveza e pluralidade das produ\u00e7\u00f5es, e murais com banners que uniam fotografias do fundador com poesias inspiradas em sua trajet\u00f3ria.<\/p>\n\n\n\n<p>Uma mesa de exposi\u00e7\u00e3o de cadernos de poesia dos alunos demonstrava a seriedade e o carinho dedicados \u00e0s cria\u00e7\u00f5es durante o semestre. J\u00e1 um mural especial destacava o rosto e a voz po\u00e9tica de cada participante: uma fotografia acompanhada de um poema autoral, com foco na autoimagem e identidade po\u00e9tica.<\/p>\n\n\n\n<figure class=\"wp-block-image is-resized\"><a href=\"https:\/\/blogger.googleusercontent.com\/img\/b\/R29vZ2xl\/AVvXsEhyp9acOqanxS4k7GTvGYYMWR-aGYHnhNLQ-TwZ34aW_8Gx7R0B7FHapoFwSEsa9MDlvdEVXuYjafZ2EAskYf2ZbevbLK3Qk48LJhGXdEq_Wxj2pL7C_4SNJhnVPKextWmZGRZS7PYhUNgeYJMdj_dYFvqX5_AscyTNpHCiPVs_O9z4moDpWaE48bxQZNQ0\/s1600\/3%20%20ESCOLA%20DE%20TOCANTINIA.jpeg\"><img decoding=\"async\" src=\"https:\/\/blogger.googleusercontent.com\/img\/b\/R29vZ2xl\/AVvXsEhyp9acOqanxS4k7GTvGYYMWR-aGYHnhNLQ-TwZ34aW_8Gx7R0B7FHapoFwSEsa9MDlvdEVXuYjafZ2EAskYf2ZbevbLK3Qk48LJhGXdEq_Wxj2pL7C_4SNJhnVPKextWmZGRZS7PYhUNgeYJMdj_dYFvqX5_AscyTNpHCiPVs_O9z4moDpWaE48bxQZNQ0\/w533-h300\/3%20%20ESCOLA%20DE%20TOCANTINIA.jpeg\" alt=\"\" style=\"width:840px;height:auto\"\/><\/a><\/figure>\n\n\n\n<p><\/p>\n\n\n\n<p><strong>Destaques<\/strong><\/p>\n\n\n\n<p>Entre os destaques interativos, uma mesa intitulada \u201cPoesia para um funcion\u00e1rio\u201d exibia envelopes personalizados, cada um contendo uma poesia dedicada a um membro da escola. J\u00e1 a \u201cPoesia no Vidro\u201d encantou pela originalidade: garrafas de vidro recicladas, pintadas artisticamente, continham em seu interior pergaminhos po\u00e9ticos amarrados por barbantes decorados com sementes de a\u00e7a\u00ed coloridas \u2014 um convite \u00e0 descoberta sens\u00edvel.<\/p>\n\n\n\n<p>Dentro da sala de leitura, um cen\u00e1rio cuidadosamente preparado relembrava a presen\u00e7a de Monsenhor Pedro por meio de um boneco art\u00edstico, um banner da eletiva e o quadro do fundador. Para cada grupo visitante, era exibido um v\u00eddeo com cenas das aulas do semestre, seguido por apresenta\u00e7\u00f5es ao vivo de declama\u00e7\u00f5es po\u00e9ticas dos alunos, incluindo uma poesia encenada sobre o fundador, embalada por m\u00fasicas em franc\u00eas e portugu\u00eas, l\u00ednguas que marcaram sua hist\u00f3ria.<\/p>\n\n\n\n<figure class=\"wp-block-image is-resized\"><a href=\"https:\/\/blogger.googleusercontent.com\/img\/b\/R29vZ2xl\/AVvXsEgQfwU-fILZxDHAeY5iIFRGFBogrBbT2iB_XFIQBJxqDSf05B5bdOP79UbnCLP9DeVnAbqyqICDGneUtEYMsVrwQsBBIEQPuCnaB12lNzPTmayKYWgrVrW-Kc_OlHR-6eQFYILJc2YD5psPrLSG-PdS2Lgeg95-lpU25P0LFw-qQvxmeOiaGeTYbcpixy7d\/s1600\/4%20%20%20ESCOLA%20DE%20TOCANTINIA.jpeg.jpg\"><img decoding=\"async\" src=\"https:\/\/blogger.googleusercontent.com\/img\/b\/R29vZ2xl\/AVvXsEgQfwU-fILZxDHAeY5iIFRGFBogrBbT2iB_XFIQBJxqDSf05B5bdOP79UbnCLP9DeVnAbqyqICDGneUtEYMsVrwQsBBIEQPuCnaB12lNzPTmayKYWgrVrW-Kc_OlHR-6eQFYILJc2YD5psPrLSG-PdS2Lgeg95-lpU25P0LFw-qQvxmeOiaGeTYbcpixy7d\/w496-h279\/4%20%20%20ESCOLA%20DE%20TOCANTINIA.jpeg.jpg\" alt=\"\" style=\"width:840px;height:auto\"\/><\/a><\/figure>\n\n\n\n<p><\/p>\n\n\n\n<p><strong>Mural coletivo<\/strong><\/p>\n\n\n\n<p>No encerramento, os visitantes eram convidados a interagir com um mural coletivo, deixando em post-its versos autorais sobre a experi\u00eancia vivida na eletiva \u2014 material que ser\u00e1 posteriormente utilizado na composi\u00e7\u00e3o de uma poesia coletiva dos alunos. Ao final, todos recebiam uma lembran\u00e7a po\u00e9tica: um l\u00e1pis e um poema fixado, como s\u00edmbolo da semente que a poesia pode ser.<\/p>\n\n\n\n<figure class=\"wp-block-image is-resized\"><a href=\"https:\/\/blogger.googleusercontent.com\/img\/b\/R29vZ2xl\/AVvXsEgocI32P_-JBU9NQ1Yvmg09xdEP1cTNJLSDCE0EcZVJ68-RVJdDlgJrZk1ezKCuv6STZJXAWxrt-UGRYUmqrsGvflXgtwGzqtwm0EwWMEGMRNmRkPRBFDFa-nTcLTa4bw-IksFHSIPxeNUUDONJuuh64gIbWE06-oBj0_zmjofsakh3ZqPK6eBFfsV2rDcn\/s4032\/6%20%20%20ESCOLA%20DE%20TOCANTINIA.jpeg\"><img decoding=\"async\" src=\"https:\/\/blogger.googleusercontent.com\/img\/b\/R29vZ2xl\/AVvXsEgocI32P_-JBU9NQ1Yvmg09xdEP1cTNJLSDCE0EcZVJ68-RVJdDlgJrZk1ezKCuv6STZJXAWxrt-UGRYUmqrsGvflXgtwGzqtwm0EwWMEGMRNmRkPRBFDFa-nTcLTa4bw-IksFHSIPxeNUUDONJuuh64gIbWE06-oBj0_zmjofsakh3ZqPK6eBFfsV2rDcn\/w476-h268\/6%20%20%20ESCOLA%20DE%20TOCANTINIA.jpeg\" alt=\"\" style=\"width:840px;height:auto\"\/><\/a><\/figure>\n\n\n\n<p>Para a diretora Rose Oliveira \u201c \u00c9 muito bom ver os alunos apresentando os conhecimentos da sua eletiva para os convidados. \u00c9 um momento de muita riqueza, protagonismo, criatividade, trocas de experi\u00eancias. \u00c9 o ensino e aprendizagem na pr\u00e1tica. Parab\u00e9ns Goveia com seus poetas e poetisas&#8230;\u201d&nbsp;<\/p>\n\n\n\n<p>Para o professor Andr\u00e9 Goveia: \u201cA culmin\u00e2ncia da eletiva \u201cPoetas do Xod\u00f3\u201d n\u00e3o foi apenas um evento de encerramento, mas sim uma celebra\u00e7\u00e3o viva da arte, da hist\u00f3ria e do protagonismo estudantil. Nas aulas por meio de uma condu\u00e7\u00e3o sens\u00edvel, a poesia deixou de ser apenas conte\u00fado did\u00e1tico e tornou-se experi\u00eancia, identidade e mem\u00f3ria.\u201d<\/p>\n\n\n\n<figure class=\"wp-block-image is-resized\"><a href=\"https:\/\/blogger.googleusercontent.com\/img\/b\/R29vZ2xl\/AVvXsEihPNx09IoRkO9Bv2Ybbu4cBiSWpwjM0IIUfFIjnEblX_QBUW-YhjL9s7Tw8jyLeglZhKJQMeZ61UbUnER833pFxbBgdAxaM0p4zsckn8WnUR6rz6abvgqOOB0hQOE6SKNSSX7hZ1CZD2YDbyPnMq8NjC9ZQt_-rlmezOYgpIq6_86qtg4RE10_1-wUJgUO\/s4160\/5%20%20%20ESCOLA%20DE%20TOCANTINIA.jpeg\"><img decoding=\"async\" src=\"https:\/\/blogger.googleusercontent.com\/img\/b\/R29vZ2xl\/AVvXsEihPNx09IoRkO9Bv2Ybbu4cBiSWpwjM0IIUfFIjnEblX_QBUW-YhjL9s7Tw8jyLeglZhKJQMeZ61UbUnER833pFxbBgdAxaM0p4zsckn8WnUR6rz6abvgqOOB0hQOE6SKNSSX7hZ1CZD2YDbyPnMq8NjC9ZQt_-rlmezOYgpIq6_86qtg4RE10_1-wUJgUO\/w508-h285\/5%20%20%20ESCOLA%20DE%20TOCANTINIA.jpeg\" alt=\"\" style=\"width:840px;height:auto\"\/><\/a><\/figure>\n\n\n\n<figure class=\"wp-block-image is-resized\"><a href=\"https:\/\/blogger.googleusercontent.com\/img\/b\/R29vZ2xl\/AVvXsEh6ahGmClZo6eBvDC4zlYIGZ4s3GlKPYFt0LvdVFwrshtFeyZoxD6X_cOkSimZvCw3_3Nio4JAuPUfPbIBETFqz1yHwnbNYo8-u0EGAEDthTo9B5H6idpaCPYLS_5wwhVpYmH0EftvShtok-179UxPXieursmKsywEAiIDcfDPmtxgCVicS-R8d2X1bW0uW\/s727\/SHOW%20DE%20HUMOR%20DE%20VINICIUS%20MARTINS.jpeg\"><img decoding=\"async\" src=\"https:\/\/blogger.googleusercontent.com\/img\/b\/R29vZ2xl\/AVvXsEh6ahGmClZo6eBvDC4zlYIGZ4s3GlKPYFt0LvdVFwrshtFeyZoxD6X_cOkSimZvCw3_3Nio4JAuPUfPbIBETFqz1yHwnbNYo8-u0EGAEDthTo9B5H6idpaCPYLS_5wwhVpYmH0EftvShtok-179UxPXieursmKsywEAiIDcfDPmtxgCVicS-R8d2X1bW0uW\/w549-h139\/SHOW%20DE%20HUMOR%20DE%20VINICIUS%20MARTINS.jpeg\" alt=\"\" style=\"width:840px;height:auto\"\/><\/a><\/figure>\n","protected":false},"excerpt":{"rendered":"<p>Por Zacarias Martins No \u00faltimo dia 18 de junho, \u00e0s 8h da manh\u00e3, a Biblioteca Frei Ant\u00f4nio, no Centro Educacional F\u00e9 e Alegria Frei Ant\u00f4nio, foi palco de uma verdadeira celebra\u00e7\u00e3o da palavra po\u00e9tica. A culmin\u00e2ncia da eletiva comum&nbsp;\u201cPoetas do Xod\u00f3\u201d, componente curricular desenvolvido ao longo do semestre sob orienta\u00e7\u00e3o do professor Andr\u00e9 Goveia \u2014 &hellip;<\/p>\n","protected":false},"author":5,"featured_media":10608,"comment_status":"open","ping_status":"open","sticky":false,"template":"","format":"standard","meta":{"footnotes":""},"categories":[78],"tags":[],"class_list":["post-10607","post","type-post","status-publish","format-standard","has-post-thumbnail","","category-tocantinia"],"_links":{"self":[{"href":"https:\/\/focotocantinense.com.br\/index.php?rest_route=\/wp\/v2\/posts\/10607","targetHints":{"allow":["GET"]}}],"collection":[{"href":"https:\/\/focotocantinense.com.br\/index.php?rest_route=\/wp\/v2\/posts"}],"about":[{"href":"https:\/\/focotocantinense.com.br\/index.php?rest_route=\/wp\/v2\/types\/post"}],"author":[{"embeddable":true,"href":"https:\/\/focotocantinense.com.br\/index.php?rest_route=\/wp\/v2\/users\/5"}],"replies":[{"embeddable":true,"href":"https:\/\/focotocantinense.com.br\/index.php?rest_route=%2Fwp%2Fv2%2Fcomments&post=10607"}],"version-history":[{"count":2,"href":"https:\/\/focotocantinense.com.br\/index.php?rest_route=\/wp\/v2\/posts\/10607\/revisions"}],"predecessor-version":[{"id":10612,"href":"https:\/\/focotocantinense.com.br\/index.php?rest_route=\/wp\/v2\/posts\/10607\/revisions\/10612"}],"wp:featuredmedia":[{"embeddable":true,"href":"https:\/\/focotocantinense.com.br\/index.php?rest_route=\/wp\/v2\/media\/10608"}],"wp:attachment":[{"href":"https:\/\/focotocantinense.com.br\/index.php?rest_route=%2Fwp%2Fv2%2Fmedia&parent=10607"}],"wp:term":[{"taxonomy":"category","embeddable":true,"href":"https:\/\/focotocantinense.com.br\/index.php?rest_route=%2Fwp%2Fv2%2Fcategories&post=10607"},{"taxonomy":"post_tag","embeddable":true,"href":"https:\/\/focotocantinense.com.br\/index.php?rest_route=%2Fwp%2Fv2%2Ftags&post=10607"}],"curies":[{"name":"wp","href":"https:\/\/api.w.org\/{rel}","templated":true}]}}