{"id":1060,"date":"2021-04-02T16:02:00","date_gmt":"2021-04-02T19:02:00","guid":{"rendered":"http:\/\/focotocantinense.com.br\/?p=1060"},"modified":"2021-04-02T16:09:43","modified_gmt":"2021-04-02T19:09:43","slug":"pagamento-dos-beneficiados-com-a-lei-aldir-blanc-foi-finalizado-nesta-quarta-feira-31","status":"publish","type":"post","link":"https:\/\/focotocantinense.com.br\/?p=1060","title":{"rendered":"Pagamento dos beneficiados com a Lei Aldir Blanc foi finalizado nesta quarta-feira, 31"},"content":{"rendered":"\n<p>A Secretaria Municipal de Cultura e Turismo (Secult) de Gurupi finalizou nesta quarta-feira, 31, o pagamento dos contemplados pela Lei Federal n\u00ba 14.017\/2020 \u2013 Lei Aldir Blanc. Um total de R$ 175.020,92. Os pagamentos foram iniciados no dia 25 de mar\u00e7o. S\u00e3o 35 artistas e espa\u00e7os de cultura da cidade beneficiados por meio da Lei.<\/p>\n\n\n\n<p>Todos os contemplados dever\u00e3o fazer a presta\u00e7\u00e3o de contas das a\u00e7\u00f5es executadas, etapa final a ser cumprida.<\/p>\n\n\n\n<p>No edital 001\/2020, que teve como objeto selecionar projetos para a manuten\u00e7\u00e3o de espa\u00e7os art\u00edsticos e culturais, cooperativas, institui\u00e7\u00f5es e organiza\u00e7\u00f5es culturais comunit\u00e1rias, foram contemplados 6 projetos.<\/p>\n\n\n\n<p>No Edital n\u00ba 002\/2020 \u2013 SECULT \u201cOcupa Gurupi com Arte de Rua\u201d foram contemplados 29 artistas.<\/p>\n\n\n\n<p>Em raz\u00e3o da pandemia de Covid-19, a Secult reorganizar\u00e1 o cronograma de a\u00e7\u00e3o dos contemplados bem como da contrapartida para os seis beneficiados no edital 001\/2020.<\/p>\n\n\n\n<p>O restante do recurso segue em conta, conforme orienta\u00e7\u00e3o do Minist\u00e9rio do Turismo, que estuda poss\u00edveis mudan\u00e7as na Medida Provis\u00f3ria n\u00ba 1019\/20, que altera a Lei n\u00ba 14.017, de 29 de junho de 2020, para dispor sobre a execu\u00e7\u00e3o e os prazos para realiza\u00e7\u00e3o das a\u00e7\u00f5es emergenciais destinadas ao setor cultural.<\/p>\n\n\n\n<p>A secret\u00e1ria de Cultura e Turismo, Lady Sakay afirmou que \u201ctem acompanhado e enviado sugest\u00f5es para que o restante do recurso possa ser liberado ainda este ano e novos editais sejam lan\u00e7ados, uma vez que a situa\u00e7\u00e3o de pandemia permanece e os setores da Cultura e do Turismo s\u00e3o os mais afetados\u201d, disse.<\/p>\n","protected":false},"excerpt":{"rendered":"<p>A Secretaria Municipal de Cultura e Turismo (Secult) de Gurupi finalizou nesta quarta-feira, 31, o pagamento dos contemplados pela Lei Federal n\u00ba 14.017\/2020 \u2013 Lei Aldir Blanc. Um total de R$ 175.020,92. Os pagamentos foram iniciados no dia 25 de mar\u00e7o. S\u00e3o 35 artistas e espa\u00e7os de cultura da cidade beneficiados por meio da Lei. &hellip;<\/p>\n","protected":false},"author":5,"featured_media":1063,"comment_status":"open","ping_status":"open","sticky":false,"template":"","format":"standard","meta":{"footnotes":""},"categories":[38,1],"tags":[],"class_list":["post-1060","post","type-post","status-publish","format-standard","has-post-thumbnail","","category-gurupi","category-sem-categoria"],"_links":{"self":[{"href":"https:\/\/focotocantinense.com.br\/index.php?rest_route=\/wp\/v2\/posts\/1060","targetHints":{"allow":["GET"]}}],"collection":[{"href":"https:\/\/focotocantinense.com.br\/index.php?rest_route=\/wp\/v2\/posts"}],"about":[{"href":"https:\/\/focotocantinense.com.br\/index.php?rest_route=\/wp\/v2\/types\/post"}],"author":[{"embeddable":true,"href":"https:\/\/focotocantinense.com.br\/index.php?rest_route=\/wp\/v2\/users\/5"}],"replies":[{"embeddable":true,"href":"https:\/\/focotocantinense.com.br\/index.php?rest_route=%2Fwp%2Fv2%2Fcomments&post=1060"}],"version-history":[{"count":1,"href":"https:\/\/focotocantinense.com.br\/index.php?rest_route=\/wp\/v2\/posts\/1060\/revisions"}],"predecessor-version":[{"id":1061,"href":"https:\/\/focotocantinense.com.br\/index.php?rest_route=\/wp\/v2\/posts\/1060\/revisions\/1061"}],"wp:featuredmedia":[{"embeddable":true,"href":"https:\/\/focotocantinense.com.br\/index.php?rest_route=\/wp\/v2\/media\/1063"}],"wp:attachment":[{"href":"https:\/\/focotocantinense.com.br\/index.php?rest_route=%2Fwp%2Fv2%2Fmedia&parent=1060"}],"wp:term":[{"taxonomy":"category","embeddable":true,"href":"https:\/\/focotocantinense.com.br\/index.php?rest_route=%2Fwp%2Fv2%2Fcategories&post=1060"},{"taxonomy":"post_tag","embeddable":true,"href":"https:\/\/focotocantinense.com.br\/index.php?rest_route=%2Fwp%2Fv2%2Ftags&post=1060"}],"curies":[{"name":"wp","href":"https:\/\/api.w.org\/{rel}","templated":true}]}}