{"id":10593,"date":"2025-06-18T21:06:54","date_gmt":"2025-06-19T00:06:54","guid":{"rendered":"https:\/\/focotocantinense.com.br\/?p=10593"},"modified":"2025-06-19T11:39:34","modified_gmt":"2025-06-19T14:39:34","slug":"jornalistas-e-comunicadores-vivenciam-experiencia-unica-na-rota-amazonia-atlantica","status":"publish","type":"post","link":"https:\/\/focotocantinense.com.br\/?p=10593","title":{"rendered":"Jornalistas e comunicadores vivenciam experi\u00eancia \u00fanica na Rota Amaz\u00f4nia Atl\u00e2ntica"},"content":{"rendered":"\n<p><strong><em>Munic\u00edpio de Augusto Corr\u00eaa, no Par\u00e1, recebeu grupo de participantes do II Congresso Brasileiro de Jornalistas e Comunicadores de Turismo<\/em><\/strong><\/p>\n\n\n\n<p><strong>Por Gil Correia&nbsp; &#8211;&nbsp;Fotos: Jo\u00e3o Ramid<\/strong><\/p>\n\n\n\n<p>Durante o II Congresso Brasileiro de Jornalistas e Comunicadores de Turismo, realizado em Bel\u00e9m do Par\u00e1, um grupo seleto de profissionais da comunica\u00e7\u00e3o teve a oportunidade de conhecer de perto as experi\u00eancias que fazem da <strong><a href=\"https:\/\/rotaamazoniaatlantica.com.br\/\" data-type=\"link\" data-id=\"https:\/\/rotaamazoniaatlantica.com.br\/\">Rota Amaz\u00f4nia Atl\u00e2ntica <\/a><\/strong>um verdadeiro exemplo de turismo sustent\u00e1vel, cultura viva e preserva\u00e7\u00e3o ambiental.<\/p>\n\n\n\n<p>No s\u00e1bado, 14, a comitiva iniciou sua jornada pelo S\u00edtio Raiz, em Augusto Corr\u00eaa, a cerca de 230 km de Bel\u00e9m, onde foram recepcionados pelos produtores que mant\u00eam viva a tradi\u00e7\u00e3o da fabrica\u00e7\u00e3o artesanal da famosa farinha de mandioca lavada, considerada uma das melhores do mundo. Al\u00e9m de acompanhar de perto todo o processo, desde o cultivo da mandioca at\u00e9 sua transforma\u00e7\u00e3o em farinha, os jornalistas puderam saborear a gastronomia regional oferecida no restaurante local, onde peixes, frutos do mar e hortali\u00e7as frescas comp\u00f5em um card\u00e1pio simples, mas riqu\u00edssimo em sabor e cultura.<\/p>\n\n\n\n<figure class=\"wp-block-image size-large is-resized\"><img loading=\"lazy\" decoding=\"async\" width=\"1024\" height=\"675\" src=\"https:\/\/focotocantinense.com.br\/wp-content\/uploads\/2025\/06\/1-FAZENDA-BURITI-MUNICIPIO-D-AUGUSTO-CORREIA-PARA-1024x675.jpeg\" alt=\"\" class=\"wp-image-10594\" style=\"width:413px;height:auto\" srcset=\"https:\/\/focotocantinense.com.br\/wp-content\/uploads\/2025\/06\/1-FAZENDA-BURITI-MUNICIPIO-D-AUGUSTO-CORREIA-PARA-1024x675.jpeg 1024w, https:\/\/focotocantinense.com.br\/wp-content\/uploads\/2025\/06\/1-FAZENDA-BURITI-MUNICIPIO-D-AUGUSTO-CORREIA-PARA-300x198.jpeg 300w, https:\/\/focotocantinense.com.br\/wp-content\/uploads\/2025\/06\/1-FAZENDA-BURITI-MUNICIPIO-D-AUGUSTO-CORREIA-PARA-768x506.jpeg 768w, https:\/\/focotocantinense.com.br\/wp-content\/uploads\/2025\/06\/1-FAZENDA-BURITI-MUNICIPIO-D-AUGUSTO-CORREIA-PARA-1536x1012.jpeg 1536w, https:\/\/focotocantinense.com.br\/wp-content\/uploads\/2025\/06\/1-FAZENDA-BURITI-MUNICIPIO-D-AUGUSTO-CORREIA-PARA-310x205.jpeg 310w, https:\/\/focotocantinense.com.br\/wp-content\/uploads\/2025\/06\/1-FAZENDA-BURITI-MUNICIPIO-D-AUGUSTO-CORREIA-PARA.jpeg 1600w\" sizes=\"auto, (max-width: 1024px) 100vw, 1024px\" \/><\/figure>\n\n\n\n<p><em><strong>Fazenda Bacuri prop\u00f5e uma imers\u00e3o na floresta e nos sabores amaz\u00f4nicos&nbsp;<\/strong><\/em><\/p>\n\n\n\n<p>Em seguida, o grupo partiu para a Fazenda Bacuri, refer\u00eancia internacional em sustentabilidade, gastronomia org\u00e2nica e preserva\u00e7\u00e3o da floresta amaz\u00f4nica. Com seus 64 hectares de floresta nativa preservada, a fazenda encantou os visitantes n\u00e3o apenas pelos sabores, com geleias, licores, frutas secas e mel org\u00e2nicos, certificados nacional e internacionalmente, mas tamb\u00e9m pelas experi\u00eancias que oferece.<\/p>\n\n\n\n<p>Um dos momentos mais marcantes foi o Micoturismo Noturno, uma caminhada pela floresta para observar o fen\u00f4meno da bioluminesc\u00eancia, quando fungos emitem luz natural, criando um espet\u00e1culo m\u00e1gico e raro. A experi\u00eancia sensibilizou os visitantes sobre a import\u00e2ncia da preserva\u00e7\u00e3o dos ecossistemas e do equil\u00edbrio natural.&nbsp;<\/p>\n\n\n\n<figure class=\"wp-block-image is-resized\"><a href=\"https:\/\/blogger.googleusercontent.com\/img\/b\/R29vZ2xl\/AVvXsEgonHXaKuhI0_3H_U1QSPUw4YPnuCrQ1BrVpGgGo63gL21vZUSUQ5MGZ6MET1T4Y5D1PIH0XwHfCJ8hdOMf556b79440R7t6_yhcNBA9mZ7Y7aF97IMAsu079V1WC4efvM91pdj8sdCW1bRc_mkTeFeyVC3lTFCB1rDkqRu736Ale32YvfvrZbr2fs5kA__\/s1600\/2%20SACACA%20PREPARANDO%20O%20PEIXE%20POR%20ELE%20PESCADO.jpeg\"><img decoding=\"async\" src=\"https:\/\/blogger.googleusercontent.com\/img\/b\/R29vZ2xl\/AVvXsEgonHXaKuhI0_3H_U1QSPUw4YPnuCrQ1BrVpGgGo63gL21vZUSUQ5MGZ6MET1T4Y5D1PIH0XwHfCJ8hdOMf556b79440R7t6_yhcNBA9mZ7Y7aF97IMAsu079V1WC4efvM91pdj8sdCW1bRc_mkTeFeyVC3lTFCB1rDkqRu736Ale32YvfvrZbr2fs5kA__\/w455-h303\/2%20SACACA%20PREPARANDO%20O%20PEIXE%20POR%20ELE%20PESCADO.jpeg\" alt=\"\" style=\"width:840px;height:auto\"\/><\/a><\/figure>\n\n\n\n<p><strong><em>Sacaca mostra o preparo do \u201cAvuado do Pescador\u201d, peixe assado na brasa e servido na folha de guarum\u00e3&nbsp;<\/em><\/strong><\/p>\n\n\n\n<p><strong>\u201cAvuado\u201d<\/strong><\/p>\n\n\n\n<p>Antes da caminhada, o grupo foi conduzido para a cozinha da fazenda, para uma imers\u00e3o na vida ribeirinha, conduzida pelo ic\u00f4nico Sr. Sacaca, pescador com mais de 50 anos de experi\u00eancia, conhecedor dos segredos dos manguezais.&nbsp;<\/p>\n\n\n\n<p>Al\u00e9m de compartilhar seu conhecimento sobre o bioma e as t\u00e9cnicas tradicionais de pesca, ele mostrou o preparo do famoso \u201cAvuado do Pescador\u201d, peixe assado na brasa, servido na folha de guarum\u00e3, acompanhado de cuscuz de farinha e sucos naturais. Uma verdadeira celebra\u00e7\u00e3o da culin\u00e1ria de subsist\u00eancia dos pescadores amaz\u00f4nicos.<\/p>\n\n\n\n<p>No ambiente acolhedor da pr\u00f3pria Fazenda Bacuri, os visitantes tamb\u00e9m puderam conhecer os produtos sustent\u00e1veis e os artesanatos ecol\u00f3gicos do projeto Ip\u00ea Por\u00e3, que transforma materiais descartados em pe\u00e7as de decora\u00e7\u00e3o, utilit\u00e1rios e acess\u00f3rios, refor\u00e7ando a proposta de economia circular e consumo consciente, al\u00e9m de fortalecer a cultura e a economia local.<\/p>\n\n\n\n<figure class=\"wp-block-image is-resized\"><a href=\"https:\/\/blogger.googleusercontent.com\/img\/b\/R29vZ2xl\/AVvXsEg-Vr8mSkT0ZyrpYoE9FPISNO13Y4qzcb-Wdjohsah_QpU4eOL6D7Se1nvAmIM7fSDf_5uST2O_3lfY8WElE9fNK-6K4ajrEE6u2Ubovn2BjhBJUkU8-cYZIz8hocYGBfSasubmTNGVuS_03BgIXW1Li2FYjI9CpeSCmS41Hh68PnUfaG2vWk3MeFsl8qMP\/s942\/3%20FABRICA%20DE%20FATINHA%20-%20SITIO%20RAIZ%20EM%20AGUSTO%20CORREIA%20PAR%C3%81.jpeg\"><img decoding=\"async\" src=\"https:\/\/blogger.googleusercontent.com\/img\/b\/R29vZ2xl\/AVvXsEg-Vr8mSkT0ZyrpYoE9FPISNO13Y4qzcb-Wdjohsah_QpU4eOL6D7Se1nvAmIM7fSDf_5uST2O_3lfY8WElE9fNK-6K4ajrEE6u2Ubovn2BjhBJUkU8-cYZIz8hocYGBfSasubmTNGVuS_03BgIXW1Li2FYjI9CpeSCmS41Hh68PnUfaG2vWk3MeFsl8qMP\/w460-h301\/3%20FABRICA%20DE%20FATINHA%20-%20SITIO%20RAIZ%20EM%20AGUSTO%20CORREIA%20PAR%C3%81.jpeg\" alt=\"\" style=\"width:840px;height:auto\"\/><\/a><\/figure>\n\n\n\n<p><strong><em>Participantes do II Congresso da Febtur durante visita ao S\u00edtio Raiz, em Augusto Corr\u00eaa&nbsp;<\/em><\/strong><\/p>\n\n\n\n<p><strong>Hist\u00f3rias e saberes<\/strong><\/p>\n\n\n\n<p>Para o diretor financeiro da Febtur, Benneh Amorin, estar em Augusto Correia, \u201cfoi uma das experi\u00eancias mais especiais da minha vida de viajante. Confesso que, em termos de destino, visitar Augusto Correia, especialmente a Rota Tur\u00edstica Amaz\u00f4nia Atl\u00e2ntica, foi espetacular\u201d, resumiu o jornalista.<\/p>\n\n\n\n<p>O encontro foi coroado com um jantar servido na fazenda, onde os sabores da Amaz\u00f4nia, preparados pelas m\u00e3os do pescador Sacaca, reuniram a todos em torno de uma mesa farta, cheia de hist\u00f3rias e saberes da floresta.<\/p>\n\n\n\n<p>Essa jornada pela Rota Amaz\u00f4nia Atl\u00e2ntica revelou n\u00e3o s\u00f3 a riqueza ambiental e cultural da regi\u00e3o, mas tamb\u00e9m a for\u00e7a do empreendedorismo sustent\u00e1vel que cresce de forma colaborativa. O munic\u00edpio de Augusto Corr\u00eaa, onde boa parte dessas experi\u00eancias acontece, come\u00e7a a compreender cada vez mais a import\u00e2ncia do turismo sustent\u00e1vel como vetor de desenvolvimento, gera\u00e7\u00e3o de emprego e preserva\u00e7\u00e3o do meio ambiente.<\/p>\n\n\n\n<figure class=\"wp-block-image is-resized\"><img decoding=\"async\" src=\"https:\/\/blogger.googleusercontent.com\/img\/b\/R29vZ2xl\/AVvXsEgwBGNsnIEIoWnCrlkGUYNwz_3LlgcrLh2VgwtzP-0NcgQxhZ0Ch41hAPrtarYx6r-rrU8hXTADqlRTEYwHB3i_ZqoCfCHP9GKk-IPbUzJhWXyMzZBgGBd88ogagYsoUC8vUc1tNE-9ihjK6SwR-6CXqO0D-QHWmoKOmjyRjE1mmJrInXh9H5aeP9lLqWqV\/w556-h252\/aaaaaaaaaaaaaaaaaaaaaaaaaaaaaaaaaaaaaaaaaaaa.jpeg\" alt=\"\" style=\"width:840px;height:auto\"\/><\/figure>\n\n\n\n<p><a href=\"https:\/\/blogger.googleusercontent.com\/img\/b\/R29vZ2xl\/AVvXsEgwBGNsnIEIoWnCrlkGUYNwz_3LlgcrLh2VgwtzP-0NcgQxhZ0Ch41hAPrtarYx6r-rrU8hXTADqlRTEYwHB3i_ZqoCfCHP9GKk-IPbUzJhWXyMzZBgGBd88ogagYsoUC8vUc1tNE-9ihjK6SwR-6CXqO0D-QHWmoKOmjyRjE1mmJrInXh9H5aeP9lLqWqV\/s4160\/aaaaaaaaaaaaaaaaaaaaaaaaaaaaaaaaaaaaaaaaaaaa.jpeg\"><\/a><strong><em>Comitiva de jornalistas que visitou a Fazena Bacuri<\/em><\/strong><\/p>\n\n\n\n<p>Para o presidente da Febtur Tocantins, Marco Aur\u00e9lio Jacob, foi uma honra e alegria vivenciar a Rota Amaz\u00f4nica, em Augusto Corr\u00eaa, antigo povoado de Urumaj\u00f3, a \u00fanica representante do Norte entre as 20 rotas estrat\u00e9gicas do Brasil.\u00a0<\/p>\n\n\n\n<p>\u201cFoi uma imers\u00e3o profunda &#8211; entre o sil\u00eancio e a escurid\u00e3o da floresta, a luminosidade do Micotirismo e os fungos que brilham com sua fotoluminesc\u00eancia ancestral e os sabores aut\u00eanticos da Amaz\u00f4nia. Uma experi\u00eancia transformadora, que merece ser vivida, divulgada e valorizada como exemplo de turismo com identidade e alma brasileira\u201d, enfatizou Jacob.<\/p>\n\n\n\n<p>A mesma opini\u00e3o tem o jornalista Zacarias Martins, que afirmou ter ficado entusiasmado e impressionado com a seriedade do trabalho e das pessoas envolvidas. \u201cA Rota Amaz\u00f4nia Atl\u00e2ntica n\u00e3o \u00e9 apenas um destino tur\u00edstico, mas uma aula viva de sustentabilidade, cultura e respeito \u00e0 natureza, que encantou jornalistas e comunicadores de turismo de todo o Brasil\u201d, ressaltou Martins.&nbsp;<\/p>\n\n\n\n<figure class=\"wp-block-image is-resized\"><a href=\"https:\/\/blogger.googleusercontent.com\/img\/b\/R29vZ2xl\/AVvXsEgNsiXT_2eczXcBqqya5_q-Y3FvRJr2H47LaxNRhbxVd0pjM2NsbQNeqUbid6qDj2G5DlOux7-qj4FWeuH_IE44PXcx3m5jhLOUJyCMrOWfqI4WXUgskCI3VxoZNPhvTGK7NzYPCnG7vuiFe5BMEG1DVqiklcaS9vjMw6ORk12j7Ja80O08dvpx693aUYxK\/s1600\/4%20%20BEIJU%20COM%20LEITE%20DE%20COCO%20ASSADO%20NA%20FOHA%20DA%20BANANEIRA.jfif\"><img decoding=\"async\" src=\"https:\/\/blogger.googleusercontent.com\/img\/b\/R29vZ2xl\/AVvXsEgNsiXT_2eczXcBqqya5_q-Y3FvRJr2H47LaxNRhbxVd0pjM2NsbQNeqUbid6qDj2G5DlOux7-qj4FWeuH_IE44PXcx3m5jhLOUJyCMrOWfqI4WXUgskCI3VxoZNPhvTGK7NzYPCnG7vuiFe5BMEG1DVqiklcaS9vjMw6ORk12j7Ja80O08dvpx693aUYxK\/w501-h346\/4%20%20BEIJU%20COM%20LEITE%20DE%20COCO%20ASSADO%20NA%20FOHA%20DA%20BANANEIRA.jfif\" alt=\"\" style=\"width:840px;height:auto\"\/><\/a><\/figure>\n\n\n\n<p><strong><em>Degusta\u00e7\u00e3o no S\u00edtio Raiz, beiju com leite de coco feito na folha de bananeira<\/em><\/strong><\/p>\n\n\n\n<p><strong>O Congresso<\/strong><\/p>\n\n\n\n<p>O II Congresso Brasileiro de Jornalistas e Comunicadores de Turismo foi realizado em Bel\u00e9m (PA), de 10 a 15 de junho e conta com o patroc\u00ednio do Minist\u00e9rio do Turismo, Sebrae Par\u00e1, Vale e Equatorial Energia, al\u00e9m do apoio do&nbsp; Governo do Estado do Par\u00e1, por meio das Secretarias de Turismo, Cultura e Comunica\u00e7\u00e3o, Prefeituras de Bel\u00e9m (por meio da Secretaria Municipal de Cultura e Turismo, Semcult), Augusto Correia e Salin\u00f3polis, Fecom\u00e9rcio\/PA, FBHA\/CNC, Superintend\u00eancia do Desenvolvimento da Amaz\u00f4nia (Sudam).<\/p>\n\n\n\n<p>Tamb\u00e9m foram parceiros na iniciativa: Hotel Beira Rio, Casa de Saulo, Carvalhos Tur, Henvil Transportes, Point do A\u00e7a\u00ed, Instituto Aupaba, Bel\u00e9m Convention &amp; Visitors Bureau, ABEOC Brasil, S\u00edtio Raiz, LocMil Turismo, VerdeMar e Zoe Solu\u00e7\u00f5es Digitais.<\/p>\n\n\n\n<figure class=\"wp-block-image is-resized\"><a href=\"https:\/\/blogger.googleusercontent.com\/img\/b\/R29vZ2xl\/AVvXsEjV41nZRSBM10XvDtvfbSUKpDgto-PdE0iFHIJhbSPdxlTjRI9kSMrjAszrJWz4PqxkWkKirpAJSd_MHc1A2v8WW2H2YrQxm3N2jg-EVrLWqlHzUcQlyg_ey4i9lJHTvamkwV32vPf80vaJTLl0EY3qnruKNmwbnIK2ka52bnpYjlepnACDgm_X1x0GlqIn\/s584\/PATROCINADORES%20FEBTUR.jpeg\"><img decoding=\"async\" src=\"https:\/\/blogger.googleusercontent.com\/img\/b\/R29vZ2xl\/AVvXsEjV41nZRSBM10XvDtvfbSUKpDgto-PdE0iFHIJhbSPdxlTjRI9kSMrjAszrJWz4PqxkWkKirpAJSd_MHc1A2v8WW2H2YrQxm3N2jg-EVrLWqlHzUcQlyg_ey4i9lJHTvamkwV32vPf80vaJTLl0EY3qnruKNmwbnIK2ka52bnpYjlepnACDgm_X1x0GlqIn\/w543-h308\/PATROCINADORES%20FEBTUR.jpeg\" alt=\"\" style=\"width:840px;height:auto\"\/><\/a><\/figure>\n\n\n\n<figure class=\"wp-block-image is-resized\"><a href=\"https:\/\/blogger.googleusercontent.com\/img\/b\/R29vZ2xl\/AVvXsEjiF2qbBY6rUYLaMaU-BHf832l7K70dAL8rqfOLDDBJwoejAtANx8n87I1nbjsUuXH8GO0RfNuHTW7nXhy5MRu4iadGywM2E_VoqnZTBjH-PZkYSB_4GY7dHVPn_wC-wuShyATJdAgBa7NCwDHChpHKKSk9y7ZDYmzc2_HMqkR51_VNrJnEUbldwA_zRYNW\/s727\/SHOW%20DE%20HUMOR%20DE%20VINICIUS%20MARTINS.jpeg\"><img decoding=\"async\" src=\"https:\/\/blogger.googleusercontent.com\/img\/b\/R29vZ2xl\/AVvXsEjiF2qbBY6rUYLaMaU-BHf832l7K70dAL8rqfOLDDBJwoejAtANx8n87I1nbjsUuXH8GO0RfNuHTW7nXhy5MRu4iadGywM2E_VoqnZTBjH-PZkYSB_4GY7dHVPn_wC-wuShyATJdAgBa7NCwDHChpHKKSk9y7ZDYmzc2_HMqkR51_VNrJnEUbldwA_zRYNW\/w546-h138\/SHOW%20DE%20HUMOR%20DE%20VINICIUS%20MARTINS.jpeg\" alt=\"\" style=\"width:840px;height:auto\"\/><\/a><\/figure>\n","protected":false},"excerpt":{"rendered":"<p>Munic\u00edpio de Augusto Corr\u00eaa, no Par\u00e1, recebeu grupo de participantes do II Congresso Brasileiro de Jornalistas e Comunicadores de Turismo Por Gil Correia&nbsp; &#8211;&nbsp;Fotos: Jo\u00e3o Ramid Durante o II Congresso Brasileiro de Jornalistas e Comunicadores de Turismo, realizado em Bel\u00e9m do Par\u00e1, um grupo seleto de profissionais da comunica\u00e7\u00e3o teve a oportunidade de conhecer de &hellip;<\/p>\n","protected":false},"author":5,"featured_media":10594,"comment_status":"open","ping_status":"open","sticky":false,"template":"","format":"standard","meta":{"footnotes":""},"categories":[103],"tags":[],"class_list":["post-10593","post","type-post","status-publish","format-standard","has-post-thumbnail","","category-brasil"],"_links":{"self":[{"href":"https:\/\/focotocantinense.com.br\/index.php?rest_route=\/wp\/v2\/posts\/10593","targetHints":{"allow":["GET"]}}],"collection":[{"href":"https:\/\/focotocantinense.com.br\/index.php?rest_route=\/wp\/v2\/posts"}],"about":[{"href":"https:\/\/focotocantinense.com.br\/index.php?rest_route=\/wp\/v2\/types\/post"}],"author":[{"embeddable":true,"href":"https:\/\/focotocantinense.com.br\/index.php?rest_route=\/wp\/v2\/users\/5"}],"replies":[{"embeddable":true,"href":"https:\/\/focotocantinense.com.br\/index.php?rest_route=%2Fwp%2Fv2%2Fcomments&post=10593"}],"version-history":[{"count":4,"href":"https:\/\/focotocantinense.com.br\/index.php?rest_route=\/wp\/v2\/posts\/10593\/revisions"}],"predecessor-version":[{"id":10602,"href":"https:\/\/focotocantinense.com.br\/index.php?rest_route=\/wp\/v2\/posts\/10593\/revisions\/10602"}],"wp:featuredmedia":[{"embeddable":true,"href":"https:\/\/focotocantinense.com.br\/index.php?rest_route=\/wp\/v2\/media\/10594"}],"wp:attachment":[{"href":"https:\/\/focotocantinense.com.br\/index.php?rest_route=%2Fwp%2Fv2%2Fmedia&parent=10593"}],"wp:term":[{"taxonomy":"category","embeddable":true,"href":"https:\/\/focotocantinense.com.br\/index.php?rest_route=%2Fwp%2Fv2%2Fcategories&post=10593"},{"taxonomy":"post_tag","embeddable":true,"href":"https:\/\/focotocantinense.com.br\/index.php?rest_route=%2Fwp%2Fv2%2Ftags&post=10593"}],"curies":[{"name":"wp","href":"https:\/\/api.w.org\/{rel}","templated":true}]}}