{"id":10580,"date":"2025-06-18T11:56:18","date_gmt":"2025-06-18T14:56:18","guid":{"rendered":"https:\/\/focotocantinense.com.br\/?p=10580"},"modified":"2025-06-18T12:08:55","modified_gmt":"2025-06-18T15:08:55","slug":"agora-somos-13","status":"publish","type":"post","link":"https:\/\/focotocantinense.com.br\/?p=10580","title":{"rendered":"\u201cAgora Somos 13\u201d"},"content":{"rendered":"\n<p><strong>Texto: Pastor Gilberto <\/strong>Silva &#8211; <strong>Fotos: Zacarias Martins<\/strong><\/p>\n\n\n\n<p>No cora\u00e7\u00e3o do Distrito de S\u00e3o Raimundo de Borralhos, zona rural de Santo Ant\u00f4nio do Tau\u00e1, situado na regi\u00e3o do Guam\u00e1, no estado do Par\u00e1, escondida entre matas, rios e hist\u00f3rias que o tempo n\u00e3o apaga, existe um peda\u00e7o de c\u00e9u chamado Vila dos Anjos. E l\u00e1, mora um anjo de carne, osso, alma e sorriso largo, a V\u00f3 Dina, como carinhosamente \u00e9 chamada dona Adinair, a matriarca de uma fam\u00edlia que carrega ra\u00edzes mais profundas que qualquer \u00e1rvore daquele lugar.<\/p>\n\n\n\n<p>Aos 87 anos, ela \u00e9 mais que uma testemunha viva da hist\u00f3ria. \u00c9 protagonista. Nunca saiu dali, nem precisou. O mundo inteiro parece ter vindo at\u00e9 ela, embalado nas risadas dos filhos, no corre-corre dos netos e no carinho dos bisnetos. Uma mulher que carrega no olhar a sabedoria dos que aprenderam que a vida vale mais quando se mede pelo amor e n\u00e3o pelo tempo.<\/p>\n\n\n\n<figure class=\"wp-block-image size-large is-resized\"><img loading=\"lazy\" decoding=\"async\" width=\"1024\" height=\"769\" src=\"https:\/\/focotocantinense.com.br\/wp-content\/uploads\/2025\/06\/gil-e-velhiha-1024x769.jpeg\" alt=\"\" class=\"wp-image-10583\" style=\"width:377px;height:auto\" srcset=\"https:\/\/focotocantinense.com.br\/wp-content\/uploads\/2025\/06\/gil-e-velhiha-1024x769.jpeg 1024w, https:\/\/focotocantinense.com.br\/wp-content\/uploads\/2025\/06\/gil-e-velhiha-300x225.jpeg 300w, https:\/\/focotocantinense.com.br\/wp-content\/uploads\/2025\/06\/gil-e-velhiha-768x576.jpeg 768w, https:\/\/focotocantinense.com.br\/wp-content\/uploads\/2025\/06\/gil-e-velhiha-1536x1153.jpeg 1536w, https:\/\/focotocantinense.com.br\/wp-content\/uploads\/2025\/06\/gil-e-velhiha.jpeg 1600w\" sizes=\"auto, (max-width: 1024px) 100vw, 1024px\" \/><\/figure>\n\n\n\n<p><strong><em>&nbsp;V\u00f3 Dina e o Pastor Gilberto  Silva, de Gurupi, no Tocantins<\/em><\/strong><\/p>\n\n\n\n<p>Tive o privil\u00e9gio &#8211; e n\u00e3o uso essa palavra por acaso &#8211; de conhecer V\u00f3 Dina, compromisso firmado com seu neto distante, Marcos Vinicius, mission\u00e1rio no SETECEB, h\u00e1 quase quatro anos, na cidade de An\u00e1polis. E conhecer V\u00f3 Dina n\u00e3o \u00e9 s\u00f3 apertar a m\u00e3o, ouvir um muito prazer e seguir adiante. Conhecer, nesse caso, foi se permitir ser tocado por uma simplicidade que n\u00e3o se encontra nas cidades grandes, nem nos livros, nem nas filosofias complicadas. Est\u00e1 ali, no gesto simples de quem acorda, agradece, trabalha, cuida e ama. E o que era uma breve visita, se transformou em um belo almo\u00e7o, visita \u00e0 casa de farinha no quintal, aos vizinhos, amigos e demais familiares residentes na vila. E claro, um verdadeiro banquete, preparado pelas m\u00e3os da m\u00e3e do Marcos, dona Edilena e da irm\u00e3, Carol.<\/p>\n\n\n\n<p>Cheguei forasteiro, sa\u00ed neto. Assim mesmo. Sem burocracia, sem formalidade, sem exig\u00eancia. Bastou um olhar, um sorriso, um abra\u00e7o apertado e uma frase que ficou marcada na mem\u00f3ria: &#8211; &#8220;Eu tenho doze netos&#8230;&#8221;<\/p>\n\n\n\n<p>\u2014 &#8220;Agora s\u00e3o treze, V\u00f3 Dina. Porque eu entrei na fam\u00edlia.&#8221;, disse eu, cheio de presun\u00e7\u00e3o.<\/p>\n\n\n\n<p>Ela sorriu, me puxou para perto e, naquele instante, selamos uma alian\u00e7a que nem o tempo, nem a dist\u00e2ncia, nem os quil\u00f4metros entre Tocantins e S\u00e3o Raimundo de Borralhos podem desfazer.<\/p>\n\n\n\n<figure class=\"wp-block-image is-resized\"><img decoding=\"async\" src=\"https:\/\/blogger.googleusercontent.com\/img\/b\/R29vZ2xl\/AVvXsEh5OFMUHe8sD_Vpx_1qdyfw-THh7jF05yqRAEZuN_-kA3UffmBd7mXPFSTamnXehvPl4PyLNRQcGnhU3Qcj3-oo578jTj7SFXTCQFtOJDtN1A-Dw9jhS5Zzlm77vlzUDYnNUMxE19NB_Z2do5-PdI2-CSsdWtop3la1Be8ZqtwvfBQ3cCE-Efm6cp2851jY\/w387-h291-rw\/9b3b8a40-97eb-4e89-a45e-0bdf11fe27a7.jpeg\" alt=\"\" style=\"width:840px;height:auto\"\/><\/figure>\n\n\n\n<p><strong><em>O Pastor Gilberto Silva foi colhido no seio da amilia de V\u00f3 Dina.<\/em><\/strong><\/p>\n\n\n\n<p>Viver essa experi\u00eancia foi entender que a vida n\u00e3o precisa ser complicada. Que felicidade n\u00e3o mora nos shoppings, nos apartamentos ou nas redes sociais. Mora ali, na lida di\u00e1ria, no cheiro do mato, no som do rio correndo, na roda de conversa sob a sombra da mangueira, no caf\u00e9 passado na hora, no p\u00e3o feito na m\u00e3o, no abra\u00e7o que acolhe sem perguntar de onde voc\u00ea veio.<\/p>\n\n\n\n<p>Sa\u00ed de l\u00e1 com uma certeza de que preciso voltar. Voltar n\u00e3o s\u00f3 para rever a v\u00f3, agora minha v\u00f3, mas para reencontrar aquele peda\u00e7o de mim que, por vezes, a vida moderna insiste em esconder. Aquele que sabe que as coisas simples s\u00e3o, na verdade, as mais valiosas.<\/p>\n\n\n\n<p>Na despedida, depois de ora\u00e7\u00e3o, entrega de p\u00e3o di\u00e1rio e muitos abra\u00e7os, carreguei comigo mais que lembran\u00e7as. Levei o privil\u00e9gio de ser adotado por uma fam\u00edlia que entende que amor n\u00e3o se divide, multiplica. E se me perguntarem hoje quantos netos V\u00f3 Dina tem, responderei com o peito cheio:<\/p>\n\n\n\n<p><strong><em>\u2014 Treze. E eu sou um deles.<\/em><\/strong><\/p>\n\n\n\n<figure class=\"wp-block-image size-full is-resized\"><img loading=\"lazy\" decoding=\"async\" width=\"727\" height=\"184\" src=\"https:\/\/focotocantinense.com.br\/wp-content\/uploads\/2025\/06\/SHOW-DE-HUMOR-DE-VINICIUS-MARTINS-3.jpeg\" alt=\"\" class=\"wp-image-10581\" style=\"width:840px;height:auto\" srcset=\"https:\/\/focotocantinense.com.br\/wp-content\/uploads\/2025\/06\/SHOW-DE-HUMOR-DE-VINICIUS-MARTINS-3.jpeg 727w, https:\/\/focotocantinense.com.br\/wp-content\/uploads\/2025\/06\/SHOW-DE-HUMOR-DE-VINICIUS-MARTINS-3-300x76.jpeg 300w\" sizes=\"auto, (max-width: 727px) 100vw, 727px\" \/><\/figure>\n","protected":false},"excerpt":{"rendered":"<p>Texto: Pastor Gilberto Silva &#8211; Fotos: Zacarias Martins No cora\u00e7\u00e3o do Distrito de S\u00e3o Raimundo de Borralhos, zona rural de Santo Ant\u00f4nio do Tau\u00e1, situado na regi\u00e3o do Guam\u00e1, no estado do Par\u00e1, escondida entre matas, rios e hist\u00f3rias que o tempo n\u00e3o apaga, existe um peda\u00e7o de c\u00e9u chamado Vila dos Anjos. E l\u00e1, &hellip;<\/p>\n","protected":false},"author":5,"featured_media":10583,"comment_status":"open","ping_status":"open","sticky":false,"template":"","format":"standard","meta":{"footnotes":""},"categories":[1],"tags":[],"class_list":["post-10580","post","type-post","status-publish","format-standard","has-post-thumbnail","","category-sem-categoria"],"_links":{"self":[{"href":"https:\/\/focotocantinense.com.br\/index.php?rest_route=\/wp\/v2\/posts\/10580","targetHints":{"allow":["GET"]}}],"collection":[{"href":"https:\/\/focotocantinense.com.br\/index.php?rest_route=\/wp\/v2\/posts"}],"about":[{"href":"https:\/\/focotocantinense.com.br\/index.php?rest_route=\/wp\/v2\/types\/post"}],"author":[{"embeddable":true,"href":"https:\/\/focotocantinense.com.br\/index.php?rest_route=\/wp\/v2\/users\/5"}],"replies":[{"embeddable":true,"href":"https:\/\/focotocantinense.com.br\/index.php?rest_route=%2Fwp%2Fv2%2Fcomments&post=10580"}],"version-history":[{"count":8,"href":"https:\/\/focotocantinense.com.br\/index.php?rest_route=\/wp\/v2\/posts\/10580\/revisions"}],"predecessor-version":[{"id":10592,"href":"https:\/\/focotocantinense.com.br\/index.php?rest_route=\/wp\/v2\/posts\/10580\/revisions\/10592"}],"wp:featuredmedia":[{"embeddable":true,"href":"https:\/\/focotocantinense.com.br\/index.php?rest_route=\/wp\/v2\/media\/10583"}],"wp:attachment":[{"href":"https:\/\/focotocantinense.com.br\/index.php?rest_route=%2Fwp%2Fv2%2Fmedia&parent=10580"}],"wp:term":[{"taxonomy":"category","embeddable":true,"href":"https:\/\/focotocantinense.com.br\/index.php?rest_route=%2Fwp%2Fv2%2Fcategories&post=10580"},{"taxonomy":"post_tag","embeddable":true,"href":"https:\/\/focotocantinense.com.br\/index.php?rest_route=%2Fwp%2Fv2%2Ftags&post=10580"}],"curies":[{"name":"wp","href":"https:\/\/api.w.org\/{rel}","templated":true}]}}