{"id":10573,"date":"2025-06-17T22:11:18","date_gmt":"2025-06-18T01:11:18","guid":{"rendered":"https:\/\/focotocantinense.com.br\/?p=10573"},"modified":"2025-06-17T22:12:06","modified_gmt":"2025-06-18T01:12:06","slug":"assembleia-da-febtur-aprova-encontros-em-2026-presta-contas-e-novas-iniciativas","status":"publish","type":"post","link":"https:\/\/focotocantinense.com.br\/?p=10573","title":{"rendered":"Assembleia da Febtur aprova encontros em 2026, presta contas e novas iniciativas"},"content":{"rendered":"\n<p><strong>Por Gilberto Silva<\/strong><\/p>\n\n\n\n<p><strong>Fotos: Eduardo Santana<\/strong><\/p>\n\n\n\n<p>A Assembleia Geral da Federa\u00e7\u00e3o Brasileira de Jornalistas e Comunicadores de Turismo (Febtur), realizada durante o Congresso Nacional da entidade, foi presidida pelo diretor administrativo nacional, jornalista Gilberto Silva, ap\u00f3s abertura do presidente nacional, Gorg\u00f4nio Loureiro, no audit\u00f3rio da Federa\u00e7\u00e3o do Com\u00e9rcio de Bel\u00e9m, com aprova\u00e7\u00e3o de importantes encaminhamentos para o bi\u00eanio 2025-2026.<a><\/a><\/p>\n\n\n\n<p>Entre os assuntos tratados e aprovados, destacou-se a presta\u00e7\u00e3o de contas da entidade referente aos meses de mar\u00e7o e abril de 2025, al\u00e9m da aprova\u00e7\u00e3o de dois eventos institucionais para 2026, com inscri\u00e7\u00f5es formais apresentadas por dois associados.<\/p>\n\n\n\n<p>O jornalista Ant\u00f4nio Coca, associado da Febtur Tocantins e natural do Mato Grosso do Sul, prop\u00f4s a realiza\u00e7\u00e3o do II Encontro Nacional da Febtur na regi\u00e3o da Serra da Bodoquena, tendo como sede principal a cidade de Bonito (MS). A proposta sugere que o evento ocorra em maio de 2026.<\/p>\n\n\n\n<p>J\u00e1 o jornalista Jacobo Malowany, do Uruguai, apresentou a proposta para sediar o I Encontro \u00cdbero-Americano de Comunicadores de Turismo na cidade ou distrito de Canelones, no Uruguai, tamb\u00e9m em 2026, mas para ser realizado em outubro ou novembro. Ambas as propostas foram encaminhadas e aprovadas, com a recomenda\u00e7\u00e3o de defini\u00e7\u00e3o das datas o mais breve poss\u00edvel para facilitar o planejamento, ficando definida na Assembleia como data final para o cumprimento dos encargos dos encontros, a data de 31 de agosto deste ano.&nbsp;&nbsp;<\/p>\n\n\n\n<p>Outro ponto relevante da Assembleia foi a aprova\u00e7\u00e3o da cria\u00e7\u00e3o do Conselho de Editora\u00e7\u00e3o da Febtur, que ser\u00e1 respons\u00e1vel pela organiza\u00e7\u00e3o e publica\u00e7\u00e3o dos materiais produzidos pela entidade, com produ\u00e7\u00e3o, edi\u00e7\u00e3o e revis\u00e3o de todo material.&nbsp;&nbsp;Durante o Congresso, foi apresentado o Manual de Reda\u00e7\u00e3o de Turismo da Febtur, produzido pelo diretor de comunica\u00e7\u00e3o da Febtur nacional e presidente da Febtur Tocantins, Marco Aur\u00e9lio Jacob, que estar\u00e1 dispon\u00edvel aos associados e interessados dentro de 30 dias.<\/p>\n\n\n\n<p>Tamb\u00e9m foi apresentado o projeto &#8220;Integre-se&#8221;, elaborado pela jornalista Cassandra Theodoro, da Febtur de Sergipe, com foco na capacita\u00e7\u00e3o dos associados, especialmente no uso de ferramentas de comunica\u00e7\u00e3o digital.<\/p>\n\n\n\n<p>&nbsp;No que se refere ao processo eleitoral da entidade, Gilberto Silva esclareceu que o edital das elei\u00e7\u00f5es ser\u00e1 lan\u00e7ado no in\u00edcio de outubro, conforme previsto no regimento e estatuto da Febtur, respeitando o prazo m\u00ednimo de 60 dias antes do pleito. A elei\u00e7\u00e3o est\u00e1 inicialmente marcada para 19 de dezembro, com posse prevista para o dia 9 de janeiro de 2026, podendo ser antecipada mediante nova delibera\u00e7\u00e3o em assembleia.<\/p>\n\n\n\n<p>Durante a Assembleia, tamb\u00e9m foram entregues 45 carteirinhas nacionais aos associados adimplentes com as regionais. Os demais associados adimplentes dever\u00e3o enviar os dados solicitados pela diretoria administrativa que ser\u00e3o confeccionadas e enviadas no decorrer do segundo semestre.<\/p>\n\n\n\n<p>O Congresso Nacional da Febtur conta com o patroc\u00ednio do Minist\u00e9rio do Turismo, Sebrae Par\u00e1, Vale e Equatorial Energia, al\u00e9m do apoio do Governo do Estado do Par\u00e1, por meio das secretarias de Turismo, Cultura e Comunica\u00e7\u00e3o, das Prefeituras de Bel\u00e9m, Augusto Corr\u00eaa e Salin\u00f3polis, Fecom\u00e9rcio\/PA, FBHA\/CNC, Sudam, Hotel Beira Rio, Casa de Saulo, Carvalhos Tur, Henvil Transportes, Point do A\u00e7a\u00ed, Instituto Aupaba, Monotour Turismo, Bel\u00e9m Convention &amp; Visitors Bureau, ABEOC Brasil, S\u00edtio Raiz, LocMil Turismo, VerdeMar e Zoe Solu\u00e7\u00f5es Digitais.<\/p>\n\n\n\n<figure class=\"wp-block-image is-resized\"><a href=\"https:\/\/blogger.googleusercontent.com\/img\/b\/R29vZ2xl\/AVvXsEgmE1Bzl0TQLwlmN5HaC5e4tUdf_RnMF_zTU-IWZ1pJHWzX5oSzbnBbax_G87knrenIVh0Fn9-9PuYDIwJyOkam-FplRtuDpxNTXiOwT36vp3w38CMSkYW-0k6Jv8CHIhbMRzgDwVrkdsKWR8B2ulZwNos31p18xQdE_gJfJSQ8m3Y7GgVV7HQLxdUrIfr-\/s1040\/Jacobo.jpeg\"><img decoding=\"async\" src=\"https:\/\/blogger.googleusercontent.com\/img\/b\/R29vZ2xl\/AVvXsEgmE1Bzl0TQLwlmN5HaC5e4tUdf_RnMF_zTU-IWZ1pJHWzX5oSzbnBbax_G87knrenIVh0Fn9-9PuYDIwJyOkam-FplRtuDpxNTXiOwT36vp3w38CMSkYW-0k6Jv8CHIhbMRzgDwVrkdsKWR8B2ulZwNos31p18xQdE_gJfJSQ8m3Y7GgVV7HQLxdUrIfr-\/w455-h425\/Jacobo.jpeg\" alt=\"\" style=\"width:840px;height:auto\"\/><\/a><\/figure>\n\n\n\n<p><strong><em>Jacobo Malowany apresentou proposta  do I Ibero-Americano de Comunica\u00e7\u00e3o na regi\u00e3o de Canelones, no Uruguai<\/em><\/strong><\/p>\n\n\n\n<figure class=\"wp-block-image is-resized\"><a href=\"https:\/\/blogger.googleusercontent.com\/img\/b\/R29vZ2xl\/AVvXsEjPd_du13hCnqbvOHLyXG5QMcMe5QdQ2EORoBZWqRi7XY6r9TLfK3wU02wcH_HKLdekWI6vWb566xUo5QPjS_EXTBZK3Q-05NVFCZa5KOhXhcpLYBc5LRIA2-qv33sxnxQkEDgQunN81Fz0WsRfBPl8VT4Gxc11Vq5ZRMLoossItkXRF_uO3vB3dR-AYF5a\/s1600\/Coca.jpeg\"><img decoding=\"async\" src=\"https:\/\/blogger.googleusercontent.com\/img\/b\/R29vZ2xl\/AVvXsEjPd_du13hCnqbvOHLyXG5QMcMe5QdQ2EORoBZWqRi7XY6r9TLfK3wU02wcH_HKLdekWI6vWb566xUo5QPjS_EXTBZK3Q-05NVFCZa5KOhXhcpLYBc5LRIA2-qv33sxnxQkEDgQunN81Fz0WsRfBPl8VT4Gxc11Vq5ZRMLoossItkXRF_uO3vB3dR-AYF5a\/w475-h633\/Coca.jpeg\" alt=\"\" style=\"width:840px;height:auto\"\/><\/a><\/figure>\n\n\n\n<p><strong><em>Antonio Coca apresentou proposta de realiza\u00e7\u00e3o do II Encontro Nacional em Mato Grosso do Sul<\/em><\/strong><\/p>\n\n\n\n<figure class=\"wp-block-image size-large\"><img loading=\"lazy\" decoding=\"async\" width=\"1024\" height=\"556\" src=\"https:\/\/focotocantinense.com.br\/wp-content\/uploads\/2025\/06\/ASSEMBLEIA-GERAL-FEBTUR-1068x580-foto-Eduardo-Santana-1024x556.jpeg\" alt=\"\" class=\"wp-image-10574\" srcset=\"https:\/\/focotocantinense.com.br\/wp-content\/uploads\/2025\/06\/ASSEMBLEIA-GERAL-FEBTUR-1068x580-foto-Eduardo-Santana-1024x556.jpeg 1024w, https:\/\/focotocantinense.com.br\/wp-content\/uploads\/2025\/06\/ASSEMBLEIA-GERAL-FEBTUR-1068x580-foto-Eduardo-Santana-300x163.jpeg 300w, https:\/\/focotocantinense.com.br\/wp-content\/uploads\/2025\/06\/ASSEMBLEIA-GERAL-FEBTUR-1068x580-foto-Eduardo-Santana-768x417.jpeg 768w, https:\/\/focotocantinense.com.br\/wp-content\/uploads\/2025\/06\/ASSEMBLEIA-GERAL-FEBTUR-1068x580-foto-Eduardo-Santana.jpeg 1068w\" sizes=\"auto, (max-width: 1024px) 100vw, 1024px\" \/><\/figure>\n\n\n\n<p><\/p>\n\n\n\n<figure class=\"wp-block-image is-resized\"><a href=\"https:\/\/blogger.googleusercontent.com\/img\/b\/R29vZ2xl\/AVvXsEjOOr1RcmRXrAOD5_3YHdpV35gFW7pDI7UgOUwqpu9SRixUJOiecoelN-YeUGd-mJFiHAoE4acKdfXSukhC8P18F8immknuQLRHrjQ5BXCCe4SN50HRcJRVvhS3BoMBR8C_YmhcRaLYVRMEswPi8XkAl6RXsoPtCqPF12uk-ycz0qvQ4MdP04LAN9YmMPCo\/s584\/PATROCINADORES%20FEBTUR.jpeg\"><img decoding=\"async\" src=\"https:\/\/blogger.googleusercontent.com\/img\/b\/R29vZ2xl\/AVvXsEjOOr1RcmRXrAOD5_3YHdpV35gFW7pDI7UgOUwqpu9SRixUJOiecoelN-YeUGd-mJFiHAoE4acKdfXSukhC8P18F8immknuQLRHrjQ5BXCCe4SN50HRcJRVvhS3BoMBR8C_YmhcRaLYVRMEswPi8XkAl6RXsoPtCqPF12uk-ycz0qvQ4MdP04LAN9YmMPCo\/w477-h271\/PATROCINADORES%20FEBTUR.jpeg\" alt=\"\" style=\"width:840px;height:auto\"\/><\/a><\/figure>\n\n\n\n<figure class=\"wp-block-image is-resized\"><a href=\"https:\/\/blogger.googleusercontent.com\/img\/b\/R29vZ2xl\/AVvXsEj1UyMRxoFHxes2TJwH-vdF8wlKr495iDQ0niC5_ht7zEf63uSUrDLSnrvNgORTV4Bkj3_Acv1dKzNgpDtfy_wYLfxCW8zlQ_jZ0QtuHIaf7Vha4n_pYytcUJeP9NCmbkiTShvZWyKYfGrynWSQsFU2nxoZBOmKYLC7poLFx7q5j4Y20-D5Kl6qPa6UEsh-\/s727\/SHOW%20DE%20HUMOR%20DE%20VINICIUS%20MARTINS.jpeg\"><img decoding=\"async\" src=\"https:\/\/blogger.googleusercontent.com\/img\/b\/R29vZ2xl\/AVvXsEj1UyMRxoFHxes2TJwH-vdF8wlKr495iDQ0niC5_ht7zEf63uSUrDLSnrvNgORTV4Bkj3_Acv1dKzNgpDtfy_wYLfxCW8zlQ_jZ0QtuHIaf7Vha4n_pYytcUJeP9NCmbkiTShvZWyKYfGrynWSQsFU2nxoZBOmKYLC7poLFx7q5j4Y20-D5Kl6qPa6UEsh-\/w515-h130\/SHOW%20DE%20HUMOR%20DE%20VINICIUS%20MARTINS.jpeg\" alt=\"\" style=\"width:840px;height:auto\"\/><\/a><\/figure>\n","protected":false},"excerpt":{"rendered":"<p>Por Gilberto Silva Fotos: Eduardo Santana A Assembleia Geral da Federa\u00e7\u00e3o Brasileira de Jornalistas e Comunicadores de Turismo (Febtur), realizada durante o Congresso Nacional da entidade, foi presidida pelo diretor administrativo nacional, jornalista Gilberto Silva, ap\u00f3s abertura do presidente nacional, Gorg\u00f4nio Loureiro, no audit\u00f3rio da Federa\u00e7\u00e3o do Com\u00e9rcio de Bel\u00e9m, com aprova\u00e7\u00e3o de importantes encaminhamentos &hellip;<\/p>\n","protected":false},"author":5,"featured_media":10574,"comment_status":"open","ping_status":"open","sticky":false,"template":"","format":"standard","meta":{"footnotes":""},"categories":[1],"tags":[],"class_list":["post-10573","post","type-post","status-publish","format-standard","has-post-thumbnail","","category-sem-categoria"],"_links":{"self":[{"href":"https:\/\/focotocantinense.com.br\/index.php?rest_route=\/wp\/v2\/posts\/10573","targetHints":{"allow":["GET"]}}],"collection":[{"href":"https:\/\/focotocantinense.com.br\/index.php?rest_route=\/wp\/v2\/posts"}],"about":[{"href":"https:\/\/focotocantinense.com.br\/index.php?rest_route=\/wp\/v2\/types\/post"}],"author":[{"embeddable":true,"href":"https:\/\/focotocantinense.com.br\/index.php?rest_route=\/wp\/v2\/users\/5"}],"replies":[{"embeddable":true,"href":"https:\/\/focotocantinense.com.br\/index.php?rest_route=%2Fwp%2Fv2%2Fcomments&post=10573"}],"version-history":[{"count":2,"href":"https:\/\/focotocantinense.com.br\/index.php?rest_route=\/wp\/v2\/posts\/10573\/revisions"}],"predecessor-version":[{"id":10576,"href":"https:\/\/focotocantinense.com.br\/index.php?rest_route=\/wp\/v2\/posts\/10573\/revisions\/10576"}],"wp:featuredmedia":[{"embeddable":true,"href":"https:\/\/focotocantinense.com.br\/index.php?rest_route=\/wp\/v2\/media\/10574"}],"wp:attachment":[{"href":"https:\/\/focotocantinense.com.br\/index.php?rest_route=%2Fwp%2Fv2%2Fmedia&parent=10573"}],"wp:term":[{"taxonomy":"category","embeddable":true,"href":"https:\/\/focotocantinense.com.br\/index.php?rest_route=%2Fwp%2Fv2%2Fcategories&post=10573"},{"taxonomy":"post_tag","embeddable":true,"href":"https:\/\/focotocantinense.com.br\/index.php?rest_route=%2Fwp%2Fv2%2Ftags&post=10573"}],"curies":[{"name":"wp","href":"https:\/\/api.w.org\/{rel}","templated":true}]}}