{"id":10565,"date":"2025-06-17T22:01:23","date_gmt":"2025-06-18T01:01:23","guid":{"rendered":"https:\/\/focotocantinense.com.br\/?p=10565"},"modified":"2025-06-17T22:05:49","modified_gmt":"2025-06-18T01:05:49","slug":"arraia-da-amizade-montagem-da-estrutura-segue-a-todo-vapor-com-expectativa-de-receber-grande-publico","status":"publish","type":"post","link":"https:\/\/focotocantinense.com.br\/?p=10565","title":{"rendered":"Arrai\u00e1 da Amizade: Montagem da estrutura segue a todo vapor com expectativa de receber grande p\u00fablico"},"content":{"rendered":"\n<p>Est\u00e1 chegando o Arrai\u00e1 da Amizade 2025 e com ele o clima junino j\u00e1 come\u00e7a a tomar conta da Capital da Amizade. A Prefeitura de Gurupi, por meio da Secretaria Municipal de Cultura e Turismo, iniciou a montagem da estrutura da 24\u00aa edi\u00e7\u00e3o da festa, que ser\u00e1 realizada entre os dias 19 e 22 de junho, no p\u00e1tio do Shopping Araguaia. Este ano, o evento promete ser o maior da hist\u00f3ria, tanto pela programa\u00e7\u00e3o diversificada quanto pela grandiosidade da estrutura que est\u00e1 sendo preparada para acolher milhares de visitantes com conforto, seguran\u00e7a e muita anima\u00e7\u00e3o.<\/p>\n\n\n\n<p>A estrutura deste ano contar\u00e1 com uma arquibancada de 110 metros de extens\u00e3o, com capacidade para acomodar at\u00e9 3 mil pessoas, garantindo mais visibilidade e conforto ao p\u00fablico durante as apresenta\u00e7\u00f5es juninas. O tablado para as apresenta\u00e7\u00f5es tamb\u00e9m foi ampliado e ter\u00e1 22&#215;40 metros, oferecendo espa\u00e7o adequado para as performances das quadrilhas, tanto as municipais, quanto as de outras cidades que vir\u00e3o para a disputa do Campeonato Estadual de Juninas, que acontece pela primeira vez fora da capital Palmas, sendo integrado \u00e0 programa\u00e7\u00e3o do Arrai\u00e1 da Amizade.<\/p>\n\n\n\n<p>A pra\u00e7a de alimenta\u00e7\u00e3o tamb\u00e9m foi refor\u00e7ada e contar\u00e1 com 34 estandes, al\u00e9m de espa\u00e7os reservados para os ambulantes de bebidas, atendendo \u00e0 demanda de quem vai ao evento em busca das del\u00edcias t\u00edpicas das festas juninas.<\/p>\n\n\n\n<p>Pensando na comodidade dos visitantes, a organiza\u00e7\u00e3o disponibilizar\u00e1 30 banheiros qu\u00edmicos espalhados pelo local. J\u00e1 as quadrilhas participantes contar\u00e3o com um camarim exclusivo para organiza\u00e7\u00e3o e prepara\u00e7\u00e3o antes das apresenta\u00e7\u00f5es. O palco principal receber\u00e1 as atra\u00e7\u00f5es musicais nacionais e regionais que v\u00e3o animar as quatro noites de festa.<\/p>\n\n\n\n<p>Outro destaque \u00e9 o espa\u00e7o Arena, que receber\u00e1 toda a programa\u00e7\u00e3o cultural e as competi\u00e7\u00f5es das juninas, com decora\u00e7\u00e3o t\u00edpica que promete transformar o local em um verdadeiro cen\u00e1rio junino, repleto de cores, bandeirolas e elementos que remetem \u00e0s tradi\u00e7\u00f5es nordestinas.<\/p>\n\n\n\n<p><\/p>\n\n\n\n<p>A secret\u00e1ria Municipal de Cultura e Turismo, Liliane Pagliarini, destacou que a equipe est\u00e1 empenhada em entregar uma estrutura \u00e0 altura da import\u00e2ncia que o Arrai\u00e1 da Amizade conquistou ao longo dos anos. \u201cEstamos preparando a maior estrutura j\u00e1 realizada para o Arrai\u00e1 da Amizade. Al\u00e9m da amplia\u00e7\u00e3o dos espa\u00e7os de p\u00fablico e das \u00e1reas de apresenta\u00e7\u00f5es, tamb\u00e9m refor\u00e7amos os pontos de alimenta\u00e7\u00e3o e os servi\u00e7os de apoio como banheiros e seguran\u00e7a. Este ano, com a realiza\u00e7\u00e3o do Campeonato Estadual de Juninas em Gurupi, esperamos receber um p\u00fablico ainda maior, e por isso todo o nosso cuidado est\u00e1 voltado para oferecer conforto, seguran\u00e7a e uma experi\u00eancia inesquec\u00edvel para os visitantes e participantes\u201d, afirmou.<\/p>\n\n\n\n<p><\/p>\n\n\n\n<p><strong>Programa\u00e7\u00e3o<\/strong><\/p>\n\n\n\n<p><strong>19 de junho (quinta-feira)<\/strong><\/p>\n\n\n\n<p>\u2022 Abertura oficial \u00e0s 20h<\/p>\n\n\n\n<p>\u2022 Apresenta\u00e7\u00f5es: Junina da APAE e Junina Melhor Idade<\/p>\n\n\n\n<p>\u2022 Concursos individuais: Casal de Noivos, Casal Canga\u00e7o, Rainha Mirim, Rainha G e Rainha do Arrai\u00e1<\/p>\n\n\n\n<p>\u2022 Concurso das Juninas de Acesso<\/p>\n\n\n\n<p>\u2022 Abertura do Encontro de Sanfoneiros \u00e0s 19h<\/p>\n\n\n\n<p>\u2022 Shows: Silon Santos, Chico Chokolate, Z\u00e9 Ricardo e Thiago<\/p>\n\n\n\n<p><strong>20 de junho (sexta-feira)<\/strong><\/p>\n\n\n\n<p>\u2022 Concurso de Juninas \u2013 Grupo Estilizado<\/p>\n\n\n\n<p>\u2022 Premia\u00e7\u00e3o do Arrai\u00e1 da Amizade<\/p>\n\n\n\n<p>\u2022 Shows: Renato Leal, Fernando Guedes, Banda Black, Luciano Lins<\/p>\n\n\n\n<p><strong>21 de junho (s\u00e1bado)<\/strong><\/p>\n\n\n\n<p>\u2022 Concurso Estadual de Quadrilhas Juninas \u2013 FEQUAJUTO<\/p>\n\n\n\n<p>\u2022 Shows: Lambasaia, Deusa, Ka\u00e7ula MW, Forr\u00f3 Top 10<\/p>\n\n\n\n<p><strong>22 de junho (domingo)<\/strong><\/p>\n\n\n\n<p>\u2022 Continua\u00e7\u00e3o do Concurso Estadual de Quadrilhas Juninas \u2013 FEQUAJUTO<\/p>\n\n\n\n<p>\u2022 Premia\u00e7\u00e3o do Campeonato Estadual de Juninas<\/p>\n\n\n\n<p>\u2022 Shows: Mistura Nativa, Banda Skema do Brasil, Joan Alessandro<\/p>\n\n\n\n<figure class=\"wp-block-image size-large\"><img loading=\"lazy\" decoding=\"async\" width=\"1024\" height=\"576\" src=\"https:\/\/focotocantinense.com.br\/wp-content\/uploads\/2025\/06\/xxxxxxxxxxxxxxxxxxxxxxx-1-1024x576.jpeg\" alt=\"\" class=\"wp-image-10571\" srcset=\"https:\/\/focotocantinense.com.br\/wp-content\/uploads\/2025\/06\/xxxxxxxxxxxxxxxxxxxxxxx-1-1024x576.jpeg 1024w, https:\/\/focotocantinense.com.br\/wp-content\/uploads\/2025\/06\/xxxxxxxxxxxxxxxxxxxxxxx-1-300x169.jpeg 300w, https:\/\/focotocantinense.com.br\/wp-content\/uploads\/2025\/06\/xxxxxxxxxxxxxxxxxxxxxxx-1-768x432.jpeg 768w, https:\/\/focotocantinense.com.br\/wp-content\/uploads\/2025\/06\/xxxxxxxxxxxxxxxxxxxxxxx-1-1536x864.jpeg 1536w, https:\/\/focotocantinense.com.br\/wp-content\/uploads\/2025\/06\/xxxxxxxxxxxxxxxxxxxxxxx-1.jpeg 1600w\" sizes=\"auto, (max-width: 1024px) 100vw, 1024px\" \/><\/figure>\n\n\n\n<p><\/p>\n\n\n\n<figure class=\"wp-block-image is-resized\"><img decoding=\"async\" src=\"http:\/\/n1to.com.br\/img\/uploads\/SHOW_DE_HUMOR_DE_VINICIUS_MARTINS_19.jpeg\" alt=\"\" style=\"width:840px;height:auto\"\/><\/figure>\n","protected":false},"excerpt":{"rendered":"<p>Est\u00e1 chegando o Arrai\u00e1 da Amizade 2025 e com ele o clima junino j\u00e1 come\u00e7a a tomar conta da Capital da Amizade. A Prefeitura de Gurupi, por meio da Secretaria Municipal de Cultura e Turismo, iniciou a montagem da estrutura da 24\u00aa edi\u00e7\u00e3o da festa, que ser\u00e1 realizada entre os dias 19 e 22 de &hellip;<\/p>\n","protected":false},"author":5,"featured_media":10566,"comment_status":"open","ping_status":"open","sticky":false,"template":"","format":"standard","meta":{"footnotes":""},"categories":[38],"tags":[],"class_list":["post-10565","post","type-post","status-publish","format-standard","has-post-thumbnail","","category-gurupi"],"_links":{"self":[{"href":"https:\/\/focotocantinense.com.br\/index.php?rest_route=\/wp\/v2\/posts\/10565","targetHints":{"allow":["GET"]}}],"collection":[{"href":"https:\/\/focotocantinense.com.br\/index.php?rest_route=\/wp\/v2\/posts"}],"about":[{"href":"https:\/\/focotocantinense.com.br\/index.php?rest_route=\/wp\/v2\/types\/post"}],"author":[{"embeddable":true,"href":"https:\/\/focotocantinense.com.br\/index.php?rest_route=\/wp\/v2\/users\/5"}],"replies":[{"embeddable":true,"href":"https:\/\/focotocantinense.com.br\/index.php?rest_route=%2Fwp%2Fv2%2Fcomments&post=10565"}],"version-history":[{"count":4,"href":"https:\/\/focotocantinense.com.br\/index.php?rest_route=\/wp\/v2\/posts\/10565\/revisions"}],"predecessor-version":[{"id":10572,"href":"https:\/\/focotocantinense.com.br\/index.php?rest_route=\/wp\/v2\/posts\/10565\/revisions\/10572"}],"wp:featuredmedia":[{"embeddable":true,"href":"https:\/\/focotocantinense.com.br\/index.php?rest_route=\/wp\/v2\/media\/10566"}],"wp:attachment":[{"href":"https:\/\/focotocantinense.com.br\/index.php?rest_route=%2Fwp%2Fv2%2Fmedia&parent=10565"}],"wp:term":[{"taxonomy":"category","embeddable":true,"href":"https:\/\/focotocantinense.com.br\/index.php?rest_route=%2Fwp%2Fv2%2Fcategories&post=10565"},{"taxonomy":"post_tag","embeddable":true,"href":"https:\/\/focotocantinense.com.br\/index.php?rest_route=%2Fwp%2Fv2%2Ftags&post=10565"}],"curies":[{"name":"wp","href":"https:\/\/api.w.org\/{rel}","templated":true}]}}