{"id":10559,"date":"2025-06-17T14:03:45","date_gmt":"2025-06-17T17:03:45","guid":{"rendered":"https:\/\/focotocantinense.com.br\/?p=10559"},"modified":"2025-06-20T07:53:49","modified_gmt":"2025-06-20T10:53:49","slug":"com-ampla-participacao-e-apoio-institucional-ii-congresso-da-febtur-cumpre-sua-missao-e-deixa-legado-para-a-comunicacao-turistica","status":"publish","type":"post","link":"https:\/\/focotocantinense.com.br\/?p=10559","title":{"rendered":"Com ampla participa\u00e7\u00e3o e apoio institucional, II Congresso da Febtur cumpre sua miss\u00e3o e deixa legado para a comunica\u00e7\u00e3o tur\u00edstica"},"content":{"rendered":"\n<p><strong><em>Por Seleucia&nbsp; Fontes<\/em><\/strong><\/p>\n\n\n\n<p>A capital paraense se consolidou como epicentro da comunica\u00e7\u00e3o tur\u00edstica no Brasil ao sediar, entre os dias 10 e 15 de junho, o II Congresso Brasileiro de Jornalistas e Comunicadores de Turismo, promovido pela Federa\u00e7\u00e3o Brasileira de Jornalistas e Comunicadores de Turismo (Febtur). Com o tema \u201cSustentabilidade tamb\u00e9m se faz com informa\u00e7\u00e3o\u201d, o evento reuniu mais de 100 profissionais da comunica\u00e7\u00e3o de todas as regi\u00f5es do pa\u00eds, al\u00e9m de convidados do Uruguai e da Espanha, em uma programa\u00e7\u00e3o t\u00e9cnica e vivencial marcada pela diversidade de olhares e experi\u00eancias.<\/p>\n\n\n\n<figure class=\"wp-block-image is-resized\"><a href=\"https:\/\/blogger.googleusercontent.com\/img\/b\/R29vZ2xl\/AVvXsEgyRX8IqEXvGjAryl2_9RAC8DBqONZOXyaoHQSlke6o-cunmtHDhkdT9BYldu7KxaiZP1wbKvS2pNOHuZEWFmSJm0vQ4vrCpXvlff-4NWOIXsHqvJ6lMriAyQwwCB5Ym_kVkkyZsGQzpibobaRgaqJ6pm_TGcAYFsp-HVhTu4TjycTN0FvLTxzvXmS9gFCt\/s1600\/ilha%20do%20combu.jpg\"><img decoding=\"async\" src=\"https:\/\/blogger.googleusercontent.com\/img\/b\/R29vZ2xl\/AVvXsEgyRX8IqEXvGjAryl2_9RAC8DBqONZOXyaoHQSlke6o-cunmtHDhkdT9BYldu7KxaiZP1wbKvS2pNOHuZEWFmSJm0vQ4vrCpXvlff-4NWOIXsHqvJ6lMriAyQwwCB5Ym_kVkkyZsGQzpibobaRgaqJ6pm_TGcAYFsp-HVhTu4TjycTN0FvLTxzvXmS9gFCt\/w489-h652\/ilha%20do%20combu.jpg\" alt=\"\" style=\"width:379px;height:auto\"\/><\/a><\/figure>\n\n\n\n<p><em><strong>Na programa\u00e7\u00e3o do II Congresso Brasileiro da FEBTUR &#8211; Federa\u00e7\u00e3o dos Jornalistas e Comunicadores de Turismo do Brasil realizado em Bel\u00e9m do Par\u00e1, a comitiva&nbsp; de jornalistas esteve&nbsp; na Ilha do Combu, e conheceu a bela unidade agroflorestal de dona Nena com sua famosa f\u00e1brica de chocolate org\u00e2nico.&nbsp; Encantado com a floresta ali existente, o jornalista tocantinense Zacarias Martins fez quest\u00e3o de fazer um registro especial ao lado dessa suma\u00fama, que \u00e9 uma \u00e1rvore gigante da Amaz\u00f4nia, considerada sagrada por povos ind\u00edgenas e ribeirinhas.<\/strong><\/em><\/p>\n\n\n\n<figure class=\"wp-block-image is-resized\"><a href=\"https:\/\/blogger.googleusercontent.com\/img\/b\/R29vZ2xl\/AVvXsEhuUeMFjY7Y3aXI_XUV20RntWwxPuO3BZUZxxgi4MAbE0BXy_sZarfWCX2Gm5tm5HXi4oMdfgnEtp_OLsY4beNUMCJOcUVb760oP6AeadlJKJ2oXAbv53bvay6bl6XxAscL4k2n9m6oBx4BuVq8tAzh5fStMFOSp0xK35T9QKbeMb3g6GFxFeq-MVw2-qgw\/s1536\/Visita-ao-Mangal-das-Garcas-com-plantio-de-mudas-Eduardo-Santana-1536x1023.jpeg\"><img decoding=\"async\" src=\"https:\/\/blogger.googleusercontent.com\/img\/b\/R29vZ2xl\/AVvXsEhuUeMFjY7Y3aXI_XUV20RntWwxPuO3BZUZxxgi4MAbE0BXy_sZarfWCX2Gm5tm5HXi4oMdfgnEtp_OLsY4beNUMCJOcUVb760oP6AeadlJKJ2oXAbv53bvay6bl6XxAscL4k2n9m6oBx4BuVq8tAzh5fStMFOSp0xK35T9QKbeMb3g6GFxFeq-MVw2-qgw\/w497-h330\/Visita-ao-Mangal-das-Garcas-com-plantio-de-mudas-Eduardo-Santana-1536x1023.jpeg\" alt=\"\" style=\"width:840px;height:auto\"\/><\/a><\/figure>\n\n\n\n<p><strong><em>Visita ao Mangal das Gar\u00e7as, para&nbsp; a solenidade do plantio de \u00e1rvores da flora regional<\/em><\/strong><\/p>\n\n\n\n<p>Segundo Christina Hayne, presidente da Febtur Par\u00e1, o congresso inovou na parte t\u00e9cnica ao adotar um formato din\u00e2mico e participativo, com destaque para as mesas tem\u00e1ticas e pain\u00e9is que trataram de comunica\u00e7\u00e3o, diversidade, inclus\u00e3o e sustentabilidade sob diferentes perspectivas. \u201cAcredito que esse foi o ponto forte do evento. Tivemos convidados com vis\u00f5es muito ricas, e a apresenta\u00e7\u00e3o da nova plataforma da Febtur, com o guia de reda\u00e7\u00e3o para jornalistas de turismo, foi um marco\u201d, afirmou.<\/p>\n\n\n\n<p>Os participantes puderam acompanhar palestras com especialistas em turismo cultural, oficinas sobre o uso da imagem na promo\u00e7\u00e3o de destinos, e mesas que trouxeram debates potentes sobre temas urgentes, como o papel da mulher negra no turismo, inclus\u00e3o de pessoas com defici\u00eancia e estrat\u00e9gias de comunica\u00e7\u00e3o para engajamento social.<\/p>\n\n\n\n<figure class=\"wp-block-image is-resized\"><a href=\"https:\/\/blogger.googleusercontent.com\/img\/b\/R29vZ2xl\/AVvXsEjhyphenhyphenAkBTJYJVz43dx-RIPHCV1VfFyq-eHOuQB8PsX7xcj_WjQoahEdT5VtDzggmOEeFelkYvx1nWNqKj6V9q3LCMMfxj6F-T0GlQii-vhoSAVnnnXZAuLbxoMaTKQ5G6S8B1Oi2A7lWloij3VqrV-a3ImgwDrT7q70LK6W2Ox5uHybpqR-UQhAJM95Ph7_o\/s1536\/Visita-a-fabrica-de-chocolates-artesanais-Filha-do-Combu-Eduardo-Santana--1536x1061.jpeg\"><img decoding=\"async\" src=\"https:\/\/blogger.googleusercontent.com\/img\/b\/R29vZ2xl\/AVvXsEjhyphenhyphenAkBTJYJVz43dx-RIPHCV1VfFyq-eHOuQB8PsX7xcj_WjQoahEdT5VtDzggmOEeFelkYvx1nWNqKj6V9q3LCMMfxj6F-T0GlQii-vhoSAVnnnXZAuLbxoMaTKQ5G6S8B1Oi2A7lWloij3VqrV-a3ImgwDrT7q70LK6W2Ox5uHybpqR-UQhAJM95Ph7_o\/w501-h346\/Visita-a-fabrica-de-chocolates-artesanais-Filha-do-Combu-Eduardo-Santana--1536x1061.jpeg\" alt=\"\" style=\"width:840px;height:auto\"\/><\/a><\/figure>\n\n\n\n<p><strong><em>Visita \u00e0 f\u00e1brica de chocolates artesanais localizada num belo projeto de agrofloesta na ilha do Combu<\/em><\/strong><\/p>\n\n\n\n<p>Para o presidente nacional da Febtur, Gorg\u00f4nio Loureiro, o evento superou as expectativas. \u201cValeu a pena fazer o congresso em Bel\u00e9m. Conseguimos realizar um encontro recheado de atra\u00e7\u00f5es e conte\u00fado relevante, com a presen\u00e7a de profissionais experientes e novos comunicadores comprometidos com o turismo respons\u00e1vel. Isso s\u00f3 foi poss\u00edvel gra\u00e7as \u00e0 mobiliza\u00e7\u00e3o conjunta de patrocinadores, apoiadores e volunt\u00e1rios.\u201d<\/p>\n\n\n\n<figure class=\"wp-block-image is-resized\"><a href=\"https:\/\/blogger.googleusercontent.com\/img\/b\/R29vZ2xl\/AVvXsEi5NS6QcWwKo-kGDIu3qV4hvpJ3z82AIMBxOKRurzvLPt1TbUBhzayPWixzStwKj8e1X9smsc1IGzmpWKPylJqI2Wed5eQaz5FC4d4QTYYxreyIr1-IDjzKcy4KNCRw13hywpi845jfdF3c-LKYVdnyUkIojRn8fL8NqsOSkfrOqAfKHJVxOtHTGL-zT3-7\/s4160\/FAZENDA%20BACURI%20EM%20ALGUSTO%20%20CORREIA.jpeg\"><img decoding=\"async\" src=\"https:\/\/blogger.googleusercontent.com\/img\/b\/R29vZ2xl\/AVvXsEi5NS6QcWwKo-kGDIu3qV4hvpJ3z82AIMBxOKRurzvLPt1TbUBhzayPWixzStwKj8e1X9smsc1IGzmpWKPylJqI2Wed5eQaz5FC4d4QTYYxreyIr1-IDjzKcy4KNCRw13hywpi845jfdF3c-LKYVdnyUkIojRn8fL8NqsOSkfrOqAfKHJVxOtHTGL-zT3-7\/w536-h243\/FAZENDA%20BACURI%20EM%20ALGUSTO%20%20CORREIA.jpeg\" alt=\"\" style=\"width:840px;height:auto\"\/><\/a><\/figure>\n\n\n\n<p><strong><em>Uma comitiva de jornalistas especializados em turismo tamb\u00e9m eseve na&nbsp; Fazenda Bacuri, localizada na Rodovia Bragan\u00e7a\/Augusto Correia. Essa fazenda&nbsp; \u00e9 conhecida por sua produ\u00e7\u00e3o agroindustrial familiar e artesanal de alimentos, incluindo frutas da biodiversidade local, e tamb\u00e9m por oferecer turismo de experi\u00eancia. A fazenda, que se dedica \u00e0 produ\u00e7\u00e3o org\u00e2nica de alimentos, est\u00e1 inserida na rota tur\u00edstica Amaz\u00f4nia Atl\u00e2ntica e \u00e9 um exemplo de empreendimento sustent\u00e1vel.<\/em><\/strong><\/p>\n\n\n\n<p><strong>Imers\u00f5es t\u00e9cnicas e viv\u00eancias<\/strong><\/p>\n\n\n\n<p>Um dos destaques do evento foram as visitas t\u00e9cnicas a destinos tur\u00edsticos da regi\u00e3o, que proporcionaram aos congressistas uma imers\u00e3o pr\u00e1tica no turismo sustent\u00e1vel da Amaz\u00f4nia. Os roteiros inclu\u00edram Bel\u00e9m (continental e insular), Augusto Corr\u00eaa\/Bragan\u00e7a, Salin\u00f3polis e Mosqueiro, onde os participantes conheceram iniciativas de turismo comunit\u00e1rio, projetos culturais e a\u00e7\u00f5es de valoriza\u00e7\u00e3o da gastronomia e das tradi\u00e7\u00f5es locais.<\/p>\n\n\n\n<p>Christina Hayne destaca a visita a Mosqueiro como uma das mais emocionantes. \u201cFoi um momento de conex\u00e3o com a comunidade, com destaque para a religiosidade, a cultura local e a culin\u00e1ria paraense, que esteve presente em toda a programa\u00e7\u00e3o.\u201d<\/p>\n\n\n\n<figure class=\"wp-block-image is-resized\"><a href=\"https:\/\/blogger.googleusercontent.com\/img\/b\/R29vZ2xl\/AVvXsEj2Ac7yEx4ueC77bcUp2xCPmIC-T-7boHWsS-jilXhbMORDUXckRGz99V8PwWiNw-TAMbDCDbLr_w23hY2_56T86DRpJbpIHDJQdmwtlGnifRcGXIzrcrO0B5rnNffjXKf9VDLMjOnKPTfMynHeLDGe-WHHogBhSdHhGmYPeJwSd9tBwk6PNRuQHHnDhSe5\/s1536\/Passagem-pelo-Parque-do-Utinga-Helio-Costa-1536x691.jpeg\"><img decoding=\"async\" src=\"https:\/\/blogger.googleusercontent.com\/img\/b\/R29vZ2xl\/AVvXsEj2Ac7yEx4ueC77bcUp2xCPmIC-T-7boHWsS-jilXhbMORDUXckRGz99V8PwWiNw-TAMbDCDbLr_w23hY2_56T86DRpJbpIHDJQdmwtlGnifRcGXIzrcrO0B5rnNffjXKf9VDLMjOnKPTfMynHeLDGe-WHHogBhSdHhGmYPeJwSd9tBwk6PNRuQHHnDhSe5\/w510-h229\/Passagem-pelo-Parque-do-Utinga-Helio-Costa-1536x691.jpeg\" alt=\"\" style=\"width:840px;height:auto\"\/><\/a><\/figure>\n\n\n\n<p><strong>Hospitalidade, cultura e saboress<\/strong><\/p>\n\n\n\n<p>Logo na abertura, realizada na Casa das 11 Janelas, o chef Saulo Jennings, embaixador da ONU para o Turismo Gastron\u00f4mico, deu o tom da experi\u00eancia sensorial que acompanharia todo o evento. Ao longo da semana, a cultura, a m\u00fasica e os sabores do Par\u00e1 foram celebrados em almo\u00e7os e jantares tem\u00e1ticos, com apoio de institui\u00e7\u00f5es como o Senac e participa\u00e7\u00e3o de chefs locais. \u201cA gastronomia foi, sem d\u00favida, uma das formas mais vivas de comunica\u00e7\u00e3o do congresso\u201d, comentou um dos participantes.<\/p>\n\n\n\n<figure class=\"wp-block-image size-large\"><img loading=\"lazy\" decoding=\"async\" width=\"1024\" height=\"556\" src=\"https:\/\/focotocantinense.com.br\/wp-content\/uploads\/2025\/06\/1-congress-1024x556.jpeg\" alt=\"\" class=\"wp-image-10563\" srcset=\"https:\/\/focotocantinense.com.br\/wp-content\/uploads\/2025\/06\/1-congress-1024x556.jpeg 1024w, https:\/\/focotocantinense.com.br\/wp-content\/uploads\/2025\/06\/1-congress-300x163.jpeg 300w, https:\/\/focotocantinense.com.br\/wp-content\/uploads\/2025\/06\/1-congress-768x417.jpeg 768w, https:\/\/focotocantinense.com.br\/wp-content\/uploads\/2025\/06\/1-congress.jpeg 1068w\" sizes=\"auto, (max-width: 1024px) 100vw, 1024px\" \/><\/figure>\n\n\n\n<p><\/p>\n\n\n\n<p><strong>Reconhecimento e gratid\u00e3o<\/strong><\/p>\n\n\n\n<p>Em nome da delega\u00e7\u00e3o da Bahia e demais participantes, o jornalista Benneh Amorin agradeceu a equipe organizadora do Par\u00e1 pelo carinho e compet\u00eancia com que conduziram o congresso. \u201cCristina Hayne e seu time foram incans\u00e1veis. Obrigado tamb\u00e9m aos hot\u00e9is, guias, produtores, fot\u00f3grafos, videomakers, motoristas e apoiadores que tornaram essa experi\u00eancia poss\u00edvel.\u201d<\/p>\n\n\n\n<p><strong>Parceiros<\/strong><\/p>\n\n\n\n<p>O evento contou com patroc\u00ednio do Minist\u00e9rio do Turismo, Sebrae Par\u00e1, Vale e Equatorial Energia, al\u00e9m de dezenas de parceiros locais, entre eles a Prefeitura de Bel\u00e9m, o Governo do Par\u00e1, a Fecom\u00e9rcio\/PA, a Sudam, e empresas do setor tur\u00edstico como Carvalho Tur, Casa de Saulo, Henvil Transportes, Point do A\u00e7a\u00ed, e Bel\u00e9m Convention &amp; Visitors Bureau.<\/p>\n\n\n\n<figure class=\"wp-block-image is-resized\"><a href=\"https:\/\/blogger.googleusercontent.com\/img\/b\/R29vZ2xl\/AVvXsEhaGTyCBh3liwZ_QuNmK3T0rvA0hP0w-jiBxUmj_m-Z2NTg_iZtnlQ_LDsMPH6PwdoJbw-5sV3Uj70A6Wp5rg7aqfJXL5fEQ95dZuJHNxidFxD1nra3FwpNJ4ez_oEi9QUPVd8MSPfHjc-aVnEi_3xY_kOoWi8XIl_6MCimVH9auNaoEghPq-_fxxPRZx9F\/s1599\/2%20%20balneario%20mata%20burra.jpg\"><img decoding=\"async\" src=\"https:\/\/blogger.googleusercontent.com\/img\/b\/R29vZ2xl\/AVvXsEhaGTyCBh3liwZ_QuNmK3T0rvA0hP0w-jiBxUmj_m-Z2NTg_iZtnlQ_LDsMPH6PwdoJbw-5sV3Uj70A6Wp5rg7aqfJXL5fEQ95dZuJHNxidFxD1nra3FwpNJ4ez_oEi9QUPVd8MSPfHjc-aVnEi_3xY_kOoWi8XIl_6MCimVH9auNaoEghPq-_fxxPRZx9F\/w497-h373\/2%20%20balneario%20mata%20burra.jpg\" alt=\"\" style=\"width:840px;height:auto\"\/><\/a><\/figure>\n\n\n\n<p><em><strong>Os jornalistas Zacarias Martins, Marco Jacob e Gilberto Silva, com a esposa Elizete, deram uma parada no Balne\u00e1rio do Mata Burra,\u00a0 em Santa Maria do Par\u00e1, e saborearam uma deliciosa caldeirada de Dourada, comida t\u00edpica local<\/strong><\/em>.<\/p>\n\n\n\n<p><strong>Miss\u00e3o cumprida<\/strong><\/p>\n\n\n\n<p>Apesar dos desafios enfrentados, o congresso cumpriu seu papel: foi um espa\u00e7o de aprendizado, trocas, visibilidade e mobiliza\u00e7\u00e3o em torno de um turismo mais consciente e comunicativo. Como resume Christina Hayne, \u201ctivemos novos ensinamentos, mas tamb\u00e9m a certeza de que estamos no caminho certo. O evento cumpriu sua miss\u00e3o\u201d.<\/p>\n\n\n\n<figure class=\"wp-block-image size-full is-resized\"><img loading=\"lazy\" decoding=\"async\" width=\"584\" height=\"333\" src=\"https:\/\/focotocantinense.com.br\/wp-content\/uploads\/2025\/06\/PATROCINADORES-FEBTUR.jpeg\" alt=\"\" class=\"wp-image-10578\" style=\"width:840px;height:auto\" srcset=\"https:\/\/focotocantinense.com.br\/wp-content\/uploads\/2025\/06\/PATROCINADORES-FEBTUR.jpeg 584w, https:\/\/focotocantinense.com.br\/wp-content\/uploads\/2025\/06\/PATROCINADORES-FEBTUR-300x171.jpeg 300w\" sizes=\"auto, (max-width: 584px) 100vw, 584px\" \/><\/figure>\n\n\n\n<figure class=\"wp-block-image is-resized\"><a href=\"https:\/\/blogger.googleusercontent.com\/img\/b\/R29vZ2xl\/AVvXsEhQtPuolarR7wx8iCk9dTlkeBnGQNbJirtM6BBWuvQ5K88uSgFTWU348IVoPPky0Eu_i4qPAMtjLrQife-M14qYC2Aqm3axUUVdbt_ERU0kuTkxyHgcnA_g9iIvVq06SQ393rk0UDM4PUM94Zk-pRprm9XR57y40e0vnWqU0-0DRMpBCex4PB-0qAs8FjY0\/s727\/SHOW%20DE%20HUMOR%20DE%20VINICIUS%20MARTINS.jpeg\"><img decoding=\"async\" src=\"https:\/\/blogger.googleusercontent.com\/img\/b\/R29vZ2xl\/AVvXsEhQtPuolarR7wx8iCk9dTlkeBnGQNbJirtM6BBWuvQ5K88uSgFTWU348IVoPPky0Eu_i4qPAMtjLrQife-M14qYC2Aqm3axUUVdbt_ERU0kuTkxyHgcnA_g9iIvVq06SQ393rk0UDM4PUM94Zk-pRprm9XR57y40e0vnWqU0-0DRMpBCex4PB-0qAs8FjY0\/w494-h125\/SHOW%20DE%20HUMOR%20DE%20VINICIUS%20MARTINS.jpeg\" alt=\"\" style=\"width:840px;height:auto\"\/><\/a><\/figure>\n","protected":false},"excerpt":{"rendered":"<p>Por Seleucia&nbsp; Fontes A capital paraense se consolidou como epicentro da comunica\u00e7\u00e3o tur\u00edstica no Brasil ao sediar, entre os dias 10 e 15 de junho, o II Congresso Brasileiro de Jornalistas e Comunicadores de Turismo, promovido pela Federa\u00e7\u00e3o Brasileira de Jornalistas e Comunicadores de Turismo (Febtur). Com o tema \u201cSustentabilidade tamb\u00e9m se faz com informa\u00e7\u00e3o\u201d, &hellip;<\/p>\n","protected":false},"author":5,"featured_media":10560,"comment_status":"open","ping_status":"open","sticky":false,"template":"","format":"standard","meta":{"footnotes":""},"categories":[103],"tags":[],"class_list":["post-10559","post","type-post","status-publish","format-standard","has-post-thumbnail","","category-brasil"],"_links":{"self":[{"href":"https:\/\/focotocantinense.com.br\/index.php?rest_route=\/wp\/v2\/posts\/10559","targetHints":{"allow":["GET"]}}],"collection":[{"href":"https:\/\/focotocantinense.com.br\/index.php?rest_route=\/wp\/v2\/posts"}],"about":[{"href":"https:\/\/focotocantinense.com.br\/index.php?rest_route=\/wp\/v2\/types\/post"}],"author":[{"embeddable":true,"href":"https:\/\/focotocantinense.com.br\/index.php?rest_route=\/wp\/v2\/users\/5"}],"replies":[{"embeddable":true,"href":"https:\/\/focotocantinense.com.br\/index.php?rest_route=%2Fwp%2Fv2%2Fcomments&post=10559"}],"version-history":[{"count":5,"href":"https:\/\/focotocantinense.com.br\/index.php?rest_route=\/wp\/v2\/posts\/10559\/revisions"}],"predecessor-version":[{"id":10614,"href":"https:\/\/focotocantinense.com.br\/index.php?rest_route=\/wp\/v2\/posts\/10559\/revisions\/10614"}],"wp:featuredmedia":[{"embeddable":true,"href":"https:\/\/focotocantinense.com.br\/index.php?rest_route=\/wp\/v2\/media\/10560"}],"wp:attachment":[{"href":"https:\/\/focotocantinense.com.br\/index.php?rest_route=%2Fwp%2Fv2%2Fmedia&parent=10559"}],"wp:term":[{"taxonomy":"category","embeddable":true,"href":"https:\/\/focotocantinense.com.br\/index.php?rest_route=%2Fwp%2Fv2%2Fcategories&post=10559"},{"taxonomy":"post_tag","embeddable":true,"href":"https:\/\/focotocantinense.com.br\/index.php?rest_route=%2Fwp%2Fv2%2Ftags&post=10559"}],"curies":[{"name":"wp","href":"https:\/\/api.w.org\/{rel}","templated":true}]}}