{"id":10551,"date":"2025-06-12T17:07:39","date_gmt":"2025-06-12T20:07:39","guid":{"rendered":"https:\/\/focotocantinense.com.br\/?p=10551"},"modified":"2025-06-12T17:10:17","modified_gmt":"2025-06-12T20:10:17","slug":"comite-de-cultura-no-tocantins-presente-na-solenidade-do-pagamento-de-premiacao-aos-pontos-de-cultura-em-gurupi","status":"publish","type":"post","link":"https:\/\/focotocantinense.com.br\/?p=10551","title":{"rendered":"Comit\u00ea de Cultura no Tocantins presente na solenidade do pagamento de premia\u00e7\u00e3o aos Pontos de Cultura em Gurupi"},"content":{"rendered":"\n<p>Representantes da regional sul e sudeste do Comit\u00ea de Cultura no Tocantins estiveram presentes, nesta&nbsp; quarta-feira, 11, na solenidade do pagamento da premia\u00e7\u00e3o aos coletivos culturais contemplados no Chamamento P\u00fablico 01\/2025 \u2013 Rede Municipal de Pontos e Pont\u00f5es de Cultura de Gurupi-TO \u2013 \u201cCultura Viva do Tamanho do Brasil!\u201d.<\/p>\n\n\n\n<p>O evento foi uma iniciativa da Prefeitura de Gurupi, por meio da Secretaria Municipal de Cultura e Turismo, visando fortalecer a produ\u00e7\u00e3o cultural local e reconhece grupos que atuam diretamente com a comunidade. Cada coletivo recebeu R$ 14.069,23 como premia\u00e7\u00e3o e ser\u00e1 certificado pelo Minist\u00e9rio da Cultura como \u201cPonto de Cultura\u201d.<\/p>\n\n\n\n<figure class=\"wp-block-image size-large is-resized\"><img loading=\"lazy\" decoding=\"async\" width=\"1024\" height=\"576\" src=\"https:\/\/focotocantinense.com.br\/wp-content\/uploads\/2025\/06\/2-SOCORRO-1-1024x576.jpeg\" alt=\"\" class=\"wp-image-10554\" style=\"width:414px;height:auto\" srcset=\"https:\/\/focotocantinense.com.br\/wp-content\/uploads\/2025\/06\/2-SOCORRO-1-1024x576.jpeg 1024w, https:\/\/focotocantinense.com.br\/wp-content\/uploads\/2025\/06\/2-SOCORRO-1-300x169.jpeg 300w, https:\/\/focotocantinense.com.br\/wp-content\/uploads\/2025\/06\/2-SOCORRO-1-768x432.jpeg 768w, https:\/\/focotocantinense.com.br\/wp-content\/uploads\/2025\/06\/2-SOCORRO-1.jpeg 1280w\" sizes=\"auto, (max-width: 1024px) 100vw, 1024px\" \/><\/figure>\n\n\n\n<p><\/p>\n\n\n\n<p><strong>Parceria com o munic\u00edpio<\/strong><\/p>\n\n\n\n<p>A coordenadora do Comit\u00ea de Cultura na regi\u00e3o e presidente da Associa\u00e7\u00e3o Gurupiense de Artes\u00e3os (AGA), , Maria do Socorro Souza Barros, explicou que o recurso \u00e9 fruto da parceria entre o Governo Federal, por meio do Minist\u00e9rio da Cultura (MinC) e o Munic\u00edpio de Gurupi, tendo origem na &nbsp;Pol\u00edtica Nacional Aldir Blanc de Fomento \u00e0 Cultura (PNAB), que destina recursos ao Fundo Nacional da Cultura para fomentar o setor em todo o pa\u00eds.<\/p>\n\n\n\n<p>Socorro destacou ainda que a Pol\u00edtica Nacional de Cultura Viva (PNCV) \u00e9 uma das principais iniciativas contempladas pela PNAB, promovendo o desenvolvimento cultural em diversos territ\u00f3rios, especialmente junto a grupos comunit\u00e1rios e populares.<\/p>\n\n\n\n<figure class=\"wp-block-image size-large\"><img loading=\"lazy\" decoding=\"async\" width=\"1024\" height=\"576\" src=\"https:\/\/focotocantinense.com.br\/wp-content\/uploads\/2025\/06\/2-SOCORRO-1024x576.jpeg\" alt=\"\" class=\"wp-image-10552\" srcset=\"https:\/\/focotocantinense.com.br\/wp-content\/uploads\/2025\/06\/2-SOCORRO-1024x576.jpeg 1024w, https:\/\/focotocantinense.com.br\/wp-content\/uploads\/2025\/06\/2-SOCORRO-300x169.jpeg 300w, https:\/\/focotocantinense.com.br\/wp-content\/uploads\/2025\/06\/2-SOCORRO-768x432.jpeg 768w, https:\/\/focotocantinense.com.br\/wp-content\/uploads\/2025\/06\/2-SOCORRO-1536x864.jpeg 1536w, https:\/\/focotocantinense.com.br\/wp-content\/uploads\/2025\/06\/2-SOCORRO.jpeg 1600w\" sizes=\"auto, (max-width: 1024px) 100vw, 1024px\" \/><\/figure>\n\n\n\n<p><\/p>\n\n\n\n<p><strong>Reconhecimento p\u00fablico<\/strong><\/p>\n\n\n\n<p>A secret\u00e1ria municipal de Cultura e Turismo, Liliane Pagliarini, falou sobre a import\u00e2ncia da a\u00e7\u00e3o para a valoriza\u00e7\u00e3o dos fazedores de cultura locais. \u201cEstamos consolidando uma pol\u00edtica p\u00fablica que reconhece o trabalho de base, os fazedores de cultura, mestres e detentores dos saberes da cultura popular e tradicional, que fazem com que a cultura chegue em todos os territ\u00f3rios e comunidades\u201d, afirmou.<\/p>\n\n\n\n<p><strong>Premia\u00e7\u00e3o<\/strong><\/p>\n\n\n\n<p>Os premiados foram selecionados por meio de edital e s\u00e3o reconhecidos por sua atua\u00e7\u00e3o cont\u00ednua e relevante na cena cultural de Gurupi. Entre os contemplados est\u00e3o o Coletivo Cultural Cia Lambrequins, a Associa\u00e7\u00e3o Gurupiense de Artes\u00e3os (AGA), a Associa\u00e7\u00e3o dos Compositores e M\u00fasicos de Gurupi (ASCOMG), o Coletivo Cidade das Artes, o grupo Luand\u00ea Capoeira, a Associa\u00e7\u00e3o Cultural Imp\u00e9rio Nordestina, o Espa\u00e7o Amer\u00edndia \u2013 M\u00e3os que Criam e Curam, o Grupo Junino Flor de Pequi e o Grupo de Dan\u00e7a Impacto Urbano.<\/p>\n\n\n\n<p>O repasse garante n\u00e3o apenas reconhecimento simb\u00f3lico, mas tamb\u00e9m condi\u00e7\u00f5es reais para a continuidade das atividades culturais desenvolvidas pelos coletivos. Os grupos j\u00e1 planejam investir os recursos em oficinas, apresenta\u00e7\u00f5es, capacita\u00e7\u00f5es, compra de materiais e amplia\u00e7\u00e3o de suas a\u00e7\u00f5es junto \u00e0 popula\u00e7\u00e3o.<\/p>\n\n\n\n<p>A prefeita Josi Nunes destacou que a a\u00e7\u00e3o refor\u00e7a o compromisso da gest\u00e3o municipal com a valoriza\u00e7\u00e3o da cultura como ferramenta de transforma\u00e7\u00e3o social. \u201cAo valorizar quem produz cultura, aproximamos as comunidades, geramos oportunidades e mantemos viva a identidade gurupiense\u201d, afirmou.<\/p>\n\n\n\n<p><strong>Sobre o Comit\u00ea de Cultura<\/strong><\/p>\n\n\n\n<p>O Comit\u00ea de Cultura no Tocantins \u00e9 resultado de uma parceria entre a Federa\u00e7\u00e3o Tocantinense de Artes C\u00eanicas (FETAC), a Associa\u00e7\u00e3o Gurupiense de Artes\u00e3os (AGA) e o Instituto Social Cultural Araguaia (ISCA). Com sede em Palmas, sob a coordena\u00e7\u00e3o geral do produtor cultural &nbsp;Kak\u00e1 Nogueira e uma equipe gestora, o comit\u00ea faz parte do Programa Nacional de Comit\u00eas de Cultura do Minist\u00e9rio da Cultura (MinC), e conta com representa\u00e7\u00f5es regionais: uma em Gurupi, que cobre as regi\u00f5es sul e sudeste do estado, e outra em Aragua\u00edna, respons\u00e1vel pela atua\u00e7\u00e3o no norte do Tocantins.<\/p>\n\n\n\n<figure class=\"wp-block-image size-full is-resized\"><img loading=\"lazy\" decoding=\"async\" width=\"727\" height=\"184\" src=\"https:\/\/focotocantinense.com.br\/wp-content\/uploads\/2025\/06\/SHOW-DE-HUMOR-DE-VINICIUS-MARTINS-2.jpeg\" alt=\"\" class=\"wp-image-10520\" style=\"width:840px;height:auto\" srcset=\"https:\/\/focotocantinense.com.br\/wp-content\/uploads\/2025\/06\/SHOW-DE-HUMOR-DE-VINICIUS-MARTINS-2.jpeg 727w, https:\/\/focotocantinense.com.br\/wp-content\/uploads\/2025\/06\/SHOW-DE-HUMOR-DE-VINICIUS-MARTINS-2-300x76.jpeg 300w\" sizes=\"auto, (max-width: 727px) 100vw, 727px\" \/><\/figure>\n","protected":false},"excerpt":{"rendered":"<p>Representantes da regional sul e sudeste do Comit\u00ea de Cultura no Tocantins estiveram presentes, nesta&nbsp; quarta-feira, 11, na solenidade do pagamento da premia\u00e7\u00e3o aos coletivos culturais contemplados no Chamamento P\u00fablico 01\/2025 \u2013 Rede Municipal de Pontos e Pont\u00f5es de Cultura de Gurupi-TO \u2013 \u201cCultura Viva do Tamanho do Brasil!\u201d. O evento foi uma iniciativa da &hellip;<\/p>\n","protected":false},"author":5,"featured_media":10552,"comment_status":"open","ping_status":"open","sticky":false,"template":"","format":"standard","meta":{"footnotes":""},"categories":[38],"tags":[],"class_list":["post-10551","post","type-post","status-publish","format-standard","has-post-thumbnail","","category-gurupi"],"_links":{"self":[{"href":"https:\/\/focotocantinense.com.br\/index.php?rest_route=\/wp\/v2\/posts\/10551","targetHints":{"allow":["GET"]}}],"collection":[{"href":"https:\/\/focotocantinense.com.br\/index.php?rest_route=\/wp\/v2\/posts"}],"about":[{"href":"https:\/\/focotocantinense.com.br\/index.php?rest_route=\/wp\/v2\/types\/post"}],"author":[{"embeddable":true,"href":"https:\/\/focotocantinense.com.br\/index.php?rest_route=\/wp\/v2\/users\/5"}],"replies":[{"embeddable":true,"href":"https:\/\/focotocantinense.com.br\/index.php?rest_route=%2Fwp%2Fv2%2Fcomments&post=10551"}],"version-history":[{"count":3,"href":"https:\/\/focotocantinense.com.br\/index.php?rest_route=\/wp\/v2\/posts\/10551\/revisions"}],"predecessor-version":[{"id":10556,"href":"https:\/\/focotocantinense.com.br\/index.php?rest_route=\/wp\/v2\/posts\/10551\/revisions\/10556"}],"wp:featuredmedia":[{"embeddable":true,"href":"https:\/\/focotocantinense.com.br\/index.php?rest_route=\/wp\/v2\/media\/10552"}],"wp:attachment":[{"href":"https:\/\/focotocantinense.com.br\/index.php?rest_route=%2Fwp%2Fv2%2Fmedia&parent=10551"}],"wp:term":[{"taxonomy":"category","embeddable":true,"href":"https:\/\/focotocantinense.com.br\/index.php?rest_route=%2Fwp%2Fv2%2Fcategories&post=10551"},{"taxonomy":"post_tag","embeddable":true,"href":"https:\/\/focotocantinense.com.br\/index.php?rest_route=%2Fwp%2Fv2%2Ftags&post=10551"}],"curies":[{"name":"wp","href":"https:\/\/api.w.org\/{rel}","templated":true}]}}