{"id":10545,"date":"2025-06-11T21:55:15","date_gmt":"2025-06-12T00:55:15","guid":{"rendered":"https:\/\/focotocantinense.com.br\/?p=10545"},"modified":"2025-06-11T21:56:46","modified_gmt":"2025-06-12T00:56:46","slug":"jornalistas-da-setur-representam-o-tocantins-em-congresso-nacional-de-comunicacao-para-o-turismo","status":"publish","type":"post","link":"https:\/\/focotocantinense.com.br\/?p=10545","title":{"rendered":"Jornalistas da Setur representam o Tocantins em congresso nacional de comunica\u00e7\u00e3o para o turismo"},"content":{"rendered":"\n<p><\/p>\n\n\n\n<p>Os jornalistas Henrique Lopes e Seleucia Fontes, da Secretaria do Turismo do Tocantins (Setur), participam do II Congresso Brasileiro de Jornalistas e Comunicadores de Turismo, realizado em Belem do Par\u00e1. Durante o evento, eles apresentaram as experi\u00eancias exitosas do Estado na comunica\u00e7\u00e3o tur\u00edstica, compartilhando com profissionais de todo o pa\u00eds como a Setur Tocantins tem estruturado sua estrat\u00e9gia de comunica\u00e7\u00e3o, com foco no uso da informa\u00e7\u00e3o como ferramenta de valoriza\u00e7\u00e3o dos destinos, promo\u00e7\u00e3o da identidade local e incentivo ao turismo sustent\u00e1vel.<\/p>\n\n\n\n<figure class=\"wp-block-image size-large is-resized\"><img loading=\"lazy\" decoding=\"async\" width=\"1024\" height=\"630\" src=\"https:\/\/focotocantinense.com.br\/wp-content\/uploads\/2025\/06\/IMG-20250611-WA0613-1024x630.jpg\" alt=\"\" class=\"wp-image-10546\" style=\"width:391px;height:auto\" srcset=\"https:\/\/focotocantinense.com.br\/wp-content\/uploads\/2025\/06\/IMG-20250611-WA0613-1024x630.jpg 1024w, https:\/\/focotocantinense.com.br\/wp-content\/uploads\/2025\/06\/IMG-20250611-WA0613-300x185.jpg 300w, https:\/\/focotocantinense.com.br\/wp-content\/uploads\/2025\/06\/IMG-20250611-WA0613-768x472.jpg 768w, https:\/\/focotocantinense.com.br\/wp-content\/uploads\/2025\/06\/IMG-20250611-WA0613-1536x945.jpg 1536w, https:\/\/focotocantinense.com.br\/wp-content\/uploads\/2025\/06\/IMG-20250611-WA0613.jpg 1600w\" sizes=\"auto, (max-width: 1024px) 100vw, 1024px\" \/><\/figure>\n\n\n\n<p><\/p>\n\n\n\n<figure class=\"wp-block-image size-full is-resized\"><img loading=\"lazy\" decoding=\"async\" width=\"722\" height=\"92\" src=\"https:\/\/focotocantinense.com.br\/wp-content\/uploads\/2025\/06\/Regua-ok.jpg\" alt=\"\" class=\"wp-image-10529\" style=\"width:840px;height:auto\" srcset=\"https:\/\/focotocantinense.com.br\/wp-content\/uploads\/2025\/06\/Regua-ok.jpg 722w, https:\/\/focotocantinense.com.br\/wp-content\/uploads\/2025\/06\/Regua-ok-300x38.jpg 300w\" sizes=\"auto, (max-width: 722px) 100vw, 722px\" \/><\/figure>\n\n\n\n<figure class=\"wp-block-image size-full is-resized\"><img loading=\"lazy\" decoding=\"async\" width=\"727\" height=\"184\" src=\"https:\/\/focotocantinense.com.br\/wp-content\/uploads\/2025\/06\/SHOW-DE-HUMOR-DE-VINICIUS-MARTINS-1.jpeg\" alt=\"\" class=\"wp-image-10502\" style=\"width:840px;height:auto\" srcset=\"https:\/\/focotocantinense.com.br\/wp-content\/uploads\/2025\/06\/SHOW-DE-HUMOR-DE-VINICIUS-MARTINS-1.jpeg 727w, https:\/\/focotocantinense.com.br\/wp-content\/uploads\/2025\/06\/SHOW-DE-HUMOR-DE-VINICIUS-MARTINS-1-300x76.jpeg 300w\" sizes=\"auto, (max-width: 727px) 100vw, 727px\" \/><\/figure>\n\n\n\n<p><\/p>\n","protected":false},"excerpt":{"rendered":"<p>Os jornalistas Henrique Lopes e Seleucia Fontes, da Secretaria do Turismo do Tocantins (Setur), participam do II Congresso Brasileiro de Jornalistas e Comunicadores de Turismo, realizado em Belem do Par\u00e1. Durante o evento, eles apresentaram as experi\u00eancias exitosas do Estado na comunica\u00e7\u00e3o tur\u00edstica, compartilhando com profissionais de todo o pa\u00eds como a Setur Tocantins tem &hellip;<\/p>\n","protected":false},"author":5,"featured_media":10546,"comment_status":"open","ping_status":"open","sticky":false,"template":"","format":"standard","meta":{"footnotes":""},"categories":[1],"tags":[],"class_list":["post-10545","post","type-post","status-publish","format-standard","has-post-thumbnail","","category-sem-categoria"],"_links":{"self":[{"href":"https:\/\/focotocantinense.com.br\/index.php?rest_route=\/wp\/v2\/posts\/10545","targetHints":{"allow":["GET"]}}],"collection":[{"href":"https:\/\/focotocantinense.com.br\/index.php?rest_route=\/wp\/v2\/posts"}],"about":[{"href":"https:\/\/focotocantinense.com.br\/index.php?rest_route=\/wp\/v2\/types\/post"}],"author":[{"embeddable":true,"href":"https:\/\/focotocantinense.com.br\/index.php?rest_route=\/wp\/v2\/users\/5"}],"replies":[{"embeddable":true,"href":"https:\/\/focotocantinense.com.br\/index.php?rest_route=%2Fwp%2Fv2%2Fcomments&post=10545"}],"version-history":[{"count":2,"href":"https:\/\/focotocantinense.com.br\/index.php?rest_route=\/wp\/v2\/posts\/10545\/revisions"}],"predecessor-version":[{"id":10549,"href":"https:\/\/focotocantinense.com.br\/index.php?rest_route=\/wp\/v2\/posts\/10545\/revisions\/10549"}],"wp:featuredmedia":[{"embeddable":true,"href":"https:\/\/focotocantinense.com.br\/index.php?rest_route=\/wp\/v2\/media\/10546"}],"wp:attachment":[{"href":"https:\/\/focotocantinense.com.br\/index.php?rest_route=%2Fwp%2Fv2%2Fmedia&parent=10545"}],"wp:term":[{"taxonomy":"category","embeddable":true,"href":"https:\/\/focotocantinense.com.br\/index.php?rest_route=%2Fwp%2Fv2%2Fcategories&post=10545"},{"taxonomy":"post_tag","embeddable":true,"href":"https:\/\/focotocantinense.com.br\/index.php?rest_route=%2Fwp%2Fv2%2Ftags&post=10545"}],"curies":[{"name":"wp","href":"https:\/\/api.w.org\/{rel}","templated":true}]}}