{"id":10540,"date":"2025-06-11T21:42:14","date_gmt":"2025-06-12T00:42:14","guid":{"rendered":"https:\/\/focotocantinense.com.br\/?p=10540"},"modified":"2025-06-11T21:42:55","modified_gmt":"2025-06-12T00:42:55","slug":"governo-esclarece-duvidas-de-produtores-do-sul-e-sudeste-do-estado-sobre-o-programa-redd-e-colhe-sugestoes","status":"publish","type":"post","link":"https:\/\/focotocantinense.com.br\/?p=10540","title":{"rendered":"Governo esclarece d\u00favidas de produtores do Sul e Sudeste do Estado sobre o Programa REDD+ e colhe sugest\u00f5es"},"content":{"rendered":"\n<p>As audi\u00eancias p\u00fablicas realizadas pelo Governo do Tocantins para discutir o Programa Jurisdicional de Redu\u00e7\u00e3o de Emiss\u00f5es de Gases do Efeito Estufa (GEE) por Desmatamento e Degrada\u00e7\u00e3o Florestal (REDD+) no Tocantins t\u00eam promovido um espa\u00e7o aberto de escuta e constru\u00e7\u00e3o coletiva entre governo, setor produtivo e institui\u00e7\u00f5es acad\u00eamicas. A iniciativa tem como foco esclarecer d\u00favidas, acolher demandas e alinhar expectativas em torno da preserva\u00e7\u00e3o ambiental com desenvolvimento sustent\u00e1vel. Nesta segunda (9), os debates aconteceram em Gurupi abrangendo produtores das regi\u00f5es Sul e Sudeste do Estado.&nbsp;<\/p>\n\n\n\n<p>Para o secret\u00e1rio de Meio Ambiente e Recursos H\u00eddricos, Marcello L\u00e9lis, os debates t\u00eam sido marcados por discuss\u00f5es e escuta ativa. \u201c\u00c9 um debate verdadeiro, n\u00e3o baseado em fake news. As pessoas est\u00e3o ouvindo, questionando e compreendendo as inten\u00e7\u00f5es do Programa. O REDD+ respeita a legisla\u00e7\u00e3o brasileira e oferece benef\u00edcios concretos para comunidades, o agroneg\u00f3cio e a gest\u00e3o p\u00fablica\u201d, afirmou.&nbsp;<\/p>\n\n\n\n<figure class=\"wp-block-image size-large is-resized\"><img loading=\"lazy\" decoding=\"async\" width=\"1024\" height=\"576\" src=\"https:\/\/focotocantinense.com.br\/wp-content\/uploads\/2025\/06\/REDD_Gurupi_setor_produtivo-2-1024x576.jpeg\" alt=\"\" class=\"wp-image-10541\" style=\"width:409px;height:auto\" srcset=\"https:\/\/focotocantinense.com.br\/wp-content\/uploads\/2025\/06\/REDD_Gurupi_setor_produtivo-2-1024x576.jpeg 1024w, https:\/\/focotocantinense.com.br\/wp-content\/uploads\/2025\/06\/REDD_Gurupi_setor_produtivo-2-300x169.jpeg 300w, https:\/\/focotocantinense.com.br\/wp-content\/uploads\/2025\/06\/REDD_Gurupi_setor_produtivo-2-768x432.jpeg 768w, https:\/\/focotocantinense.com.br\/wp-content\/uploads\/2025\/06\/REDD_Gurupi_setor_produtivo-2-1536x864.jpeg 1536w, https:\/\/focotocantinense.com.br\/wp-content\/uploads\/2025\/06\/REDD_Gurupi_setor_produtivo-2.jpeg 1600w\" sizes=\"auto, (max-width: 1024px) 100vw, 1024px\" \/><\/figure>\n\n\n\n<p><\/p>\n\n\n\n<p>Segundo ele, at\u00e9 mesmo questionamentos fora do escopo direto do programa contribuem para um entendimento mais amplo sobre os desafios da sustentabilidade. \u201cO agroneg\u00f3cio est\u00e1 cada vez mais consciente de que s\u00f3 h\u00e1 um caminho: produzir com respeito \u00e0s regras ambientais\u201d, ressaltou. Na avalia\u00e7\u00e3o do presidente do Sindicato Rural de Gurupi, Jo\u00e3o V\u00edtor Stival, os encontros s\u00e3o essenciais para esclarecer d\u00favidas da classe produtiva. \u201cEssas reuni\u00f5es s\u00e3o fundamentais para elucidar as quest\u00f5es do REDD+ e as pol\u00edticas ambientais do Estado, como a preven\u00e7\u00e3o de inc\u00eandios. A cada audi\u00eancia, os produtores v\u00e3o compreendendo melhor o Programa, com apoio t\u00e9cnico da Secretaria\u201d, destacou.<\/p>\n\n\n\n<p>A presidente do Sindicato Rural de Natividade, Fl\u00e1via Germendorff, tamb\u00e9m enfatizou a relev\u00e2ncia da participa\u00e7\u00e3o ativa dos produtores do sudeste e sul do Estado. \u201cAinda h\u00e1 d\u00favidas, o que \u00e9 natural, mas as explana\u00e7\u00f5es t\u00eam sido importantes para entendermos o que \u00e9, de fato, o REDD+. Precisamos acompanhar de perto, participar, trazer nossas preocupa\u00e7\u00f5es e garantir que o projeto potencialize o crescimento do Tocantins, sem frear o desenvolvimento do Estado, que tem um enorme potencial\u201d, refor\u00e7ou.<\/p>\n\n\n\n<p>J\u00e1 o professor doutor Rubens Ribeiro, da Universidade Federal do Tocantins (UFT), destacou que os debates v\u00eam desconstruindo percep\u00e7\u00f5es equivocadas sobre o programa. \u201cHavia uma vis\u00e3o de que o REDD+ barraria o avan\u00e7o da produ\u00e7\u00e3o agropecu\u00e1ria, mas ficou claro que a proposta \u00e9 conservar \u00e1reas j\u00e1 preservadas e transformar isso em ativo ambiental. Os recursos poder\u00e3o ser reinvestidos em infraestrutura p\u00fablica e no fortalecimento das associa\u00e7\u00f5es e sindicatos\u201d, explicou.<\/p>\n\n\n\n<p><strong>\u00a0Demandas<\/strong><\/p>\n\n\n\n<p>Durante a reuni\u00e3o em Gurupi foram apresentadas demandas da classe para a destina\u00e7\u00e3o dos recursos do Subprograma Agroprodutivo e onde eles poder\u00e3o ser aplicados. Entre as a\u00e7\u00f5es mencionadas est\u00e3o a compra de avi\u00e3o especializado no combate a inc\u00eandios florestais, a cria\u00e7\u00e3o de uma sala de situa\u00e7\u00e3o para coordenar a\u00e7\u00f5es emergenciais e a regulariza\u00e7\u00e3o fundi\u00e1ria em parceria com o Incra e o Itertins. Essas propostas buscam estruturar melhor o setor ambiental e produtivo, promovendo seguran\u00e7a jur\u00eddica e preven\u00e7\u00e3o a desastres clim\u00e1ticos.<\/p>\n\n\n\n<figure class=\"wp-block-image size-full is-resized\"><img loading=\"lazy\" decoding=\"async\" width=\"727\" height=\"184\" src=\"https:\/\/focotocantinense.com.br\/wp-content\/uploads\/2025\/06\/SHOW-DE-HUMOR-DE-VINICIUS-MARTINS-1.jpeg\" alt=\"\" class=\"wp-image-10502\" style=\"width:840px;height:auto\" srcset=\"https:\/\/focotocantinense.com.br\/wp-content\/uploads\/2025\/06\/SHOW-DE-HUMOR-DE-VINICIUS-MARTINS-1.jpeg 727w, https:\/\/focotocantinense.com.br\/wp-content\/uploads\/2025\/06\/SHOW-DE-HUMOR-DE-VINICIUS-MARTINS-1-300x76.jpeg 300w\" sizes=\"auto, (max-width: 727px) 100vw, 727px\" \/><\/figure>\n","protected":false},"excerpt":{"rendered":"<p>As audi\u00eancias p\u00fablicas realizadas pelo Governo do Tocantins para discutir o Programa Jurisdicional de Redu\u00e7\u00e3o de Emiss\u00f5es de Gases do Efeito Estufa (GEE) por Desmatamento e Degrada\u00e7\u00e3o Florestal (REDD+) no Tocantins t\u00eam promovido um espa\u00e7o aberto de escuta e constru\u00e7\u00e3o coletiva entre governo, setor produtivo e institui\u00e7\u00f5es acad\u00eamicas. A iniciativa tem como foco esclarecer d\u00favidas, &hellip;<\/p>\n","protected":false},"author":5,"featured_media":10541,"comment_status":"open","ping_status":"open","sticky":false,"template":"","format":"standard","meta":{"footnotes":""},"categories":[114,39,38],"tags":[],"class_list":["post-10540","post","type-post","status-publish","format-standard","has-post-thumbnail","","category-agronegocio","category-estado","category-gurupi"],"_links":{"self":[{"href":"https:\/\/focotocantinense.com.br\/index.php?rest_route=\/wp\/v2\/posts\/10540","targetHints":{"allow":["GET"]}}],"collection":[{"href":"https:\/\/focotocantinense.com.br\/index.php?rest_route=\/wp\/v2\/posts"}],"about":[{"href":"https:\/\/focotocantinense.com.br\/index.php?rest_route=\/wp\/v2\/types\/post"}],"author":[{"embeddable":true,"href":"https:\/\/focotocantinense.com.br\/index.php?rest_route=\/wp\/v2\/users\/5"}],"replies":[{"embeddable":true,"href":"https:\/\/focotocantinense.com.br\/index.php?rest_route=%2Fwp%2Fv2%2Fcomments&post=10540"}],"version-history":[{"count":2,"href":"https:\/\/focotocantinense.com.br\/index.php?rest_route=\/wp\/v2\/posts\/10540\/revisions"}],"predecessor-version":[{"id":10544,"href":"https:\/\/focotocantinense.com.br\/index.php?rest_route=\/wp\/v2\/posts\/10540\/revisions\/10544"}],"wp:featuredmedia":[{"embeddable":true,"href":"https:\/\/focotocantinense.com.br\/index.php?rest_route=\/wp\/v2\/media\/10541"}],"wp:attachment":[{"href":"https:\/\/focotocantinense.com.br\/index.php?rest_route=%2Fwp%2Fv2%2Fmedia&parent=10540"}],"wp:term":[{"taxonomy":"category","embeddable":true,"href":"https:\/\/focotocantinense.com.br\/index.php?rest_route=%2Fwp%2Fv2%2Fcategories&post=10540"},{"taxonomy":"post_tag","embeddable":true,"href":"https:\/\/focotocantinense.com.br\/index.php?rest_route=%2Fwp%2Fv2%2Ftags&post=10540"}],"curies":[{"name":"wp","href":"https:\/\/api.w.org\/{rel}","templated":true}]}}