{"id":10534,"date":"2025-06-11T21:18:43","date_gmt":"2025-06-12T00:18:43","guid":{"rendered":"https:\/\/focotocantinense.com.br\/?p=10534"},"modified":"2025-06-11T21:20:00","modified_gmt":"2025-06-12T00:20:00","slug":"cenaberta-abre-selecao-de-elenco-para-o-filme-sobre-dora-e-dores-e-confirma-filmagem-em-marianopolis-do-tocantins","status":"publish","type":"post","link":"https:\/\/focotocantinense.com.br\/?p=10534","title":{"rendered":"Cenaberta abre sele\u00e7\u00e3o de elenco para o filme \u201cSobre Dora e Dores\u201d e confirma filmagem em Marian\u00f3polis do Tocantins"},"content":{"rendered":"\n<p><strong>Por Cinthia Abreu<\/strong><\/p>\n\n\n\n<p>Est\u00e1 aberta a sele\u00e7\u00e3o de elenco principal para o longa-metragem de fic\u00e7\u00e3o \u201cSobre Dora e Dores\u201d, da Cenaberta Filmes. A dire\u00e7\u00e3o e roteiro s\u00e3o de Kak\u00e1 Nogueira e Bell Gama, baseado na obra hom\u00f4nima da escritora Lita Maria.<\/p>\n\n\n\n<p>O drama ser\u00e1 protagonizado por Marc\u00e9lia Cartaxo, a primeira brasileira a ganhar o Urso de Prata de melhor atriz no Festival de Cinema de Berlim, em 1986 por \u201cA Hora da Estrela. A realiza\u00e7\u00e3o \u00e9 da Cenaberta Produ\u00e7\u00f5es Culturais, com Apoio Cultural da Secretaria da Cultura do Estado do Tocantins\/Minist\u00e9rio da Cultura, com recursos da Lei Paulo Gustavo (Lei Complementar n\u00ba 195, de 08 de julho de 2022).<\/p>\n\n\n\n<figure class=\"wp-block-image size-large is-resized\"><img loading=\"lazy\" decoding=\"async\" width=\"1024\" height=\"682\" src=\"https:\/\/focotocantinense.com.br\/wp-content\/uploads\/2025\/06\/cena-aberta-1024x682.jpg\" alt=\"\" class=\"wp-image-10535\" style=\"width:399px;height:auto\" srcset=\"https:\/\/focotocantinense.com.br\/wp-content\/uploads\/2025\/06\/cena-aberta-1024x682.jpg 1024w, https:\/\/focotocantinense.com.br\/wp-content\/uploads\/2025\/06\/cena-aberta-300x200.jpg 300w, https:\/\/focotocantinense.com.br\/wp-content\/uploads\/2025\/06\/cena-aberta-768x512.jpg 768w, https:\/\/focotocantinense.com.br\/wp-content\/uploads\/2025\/06\/cena-aberta-310x205.jpg 310w, https:\/\/focotocantinense.com.br\/wp-content\/uploads\/2025\/06\/cena-aberta.jpg 1280w\" sizes=\"auto, (max-width: 1024px) 100vw, 1024px\" \/><\/figure>\n\n\n\n<p><\/p>\n\n\n\n<p><strong>Sele\u00e7\u00e3o<\/strong><\/p>\n\n\n\n<p>A produ\u00e7\u00e3o abre o primeiro chamamento para selecionar o ator que far\u00e1 o personagem \u201cDed\u00e9 da Pinhola\u201d, um papel de grande import\u00e2ncia e significado para a obra. Podem se inscrever atores entre 22 e 28 anos de idade interessados em participar da sele\u00e7\u00e3o podem acessar o link dispon\u00edvel na bio do Instagram @<a href=\"http:\/\/cenaberta.com.br\/\" target=\"_blank\" rel=\"noreferrer noopener\">cenaberta.com.br<\/a>, onde cont\u00e9m todas as informa\u00e7\u00f5es e o formul\u00e1rio de inscri\u00e7\u00e3o.<\/p>\n\n\n\n<p>O filme ser\u00e1 gravado cerca de 80% no munic\u00edpio de Marian\u00f3polis do Tocantins, previsto para o m\u00eas de setembro deste ano de 2025.&nbsp; O prefeito Saulo Barbosa, a primeira-dama e Secret\u00e1ria de Assist\u00eancia Social, S\u00f4nia e o Secret\u00e1rio de Cultura Pablo receberam a produ\u00e7\u00e3o com muito entusiasmo. \u201c\u00c9 uma novidade para n\u00f3s e uma grande alegria receber essa produ\u00e7\u00e3o aqui no munic\u00edpio de Marian\u00f3polis. A nossa gest\u00e3o j\u00e1 \u00e9 parceira do filme \u201cSobre Dora e Doras\u201d que j\u00e1 est\u00e1 fazendo hist\u00f3ria aqui na nossa regi\u00e3o, e temos certeza de que esse movimento do cinema enriquecer\u00e1 ainda mais a nossa cultura.\u201d<\/p>\n\n\n\n<p><strong>Sinopse<\/strong><\/p>\n\n\n\n<p>Dona Cota \u00e9 uma benzedeira e carpideira, que na velhice se torna m\u00e3e por ado\u00e7\u00e3o de Dora, uma pequena \u00f3rf\u00e3 de toda a fam\u00edlia de sangue. Cota viver\u00e1 uma jornada de transmiss\u00e3o de saberes, enfrentamento de mortes e dores, no contexto do sert\u00e3o nortista dos anos 70 \/80.<\/p>\n\n\n\n<p><strong>Patroc\u00ednio<\/strong><\/p>\n\n\n\n<p>Uma realiza\u00e7\u00e3o da Cenaberta Produ\u00e7\u00f5es Culturais, com Apoio Cultural da Secretaria da Cultura do Estado do Tocantins\/Minist\u00e9rio da Cultura, com recursos da Lei Paulo Gustavo (Lei Complementar n\u00ba 195, de 08 de julho de 2022). A obra cinematogr\u00e1fica ser\u00e1 toda filmada no Tocantins, com previs\u00e3o de grava\u00e7\u00f5es em setembro de 2025.<\/p>\n\n\n\n<p><strong>Elenco:<\/strong><\/p>\n\n\n\n<p>ATOR &#8211; (com idade entre 22 e 28 anos de idade).<\/p>\n\n\n\n<p>O ator selecionado viver\u00e1 o personagem: &#8220;Ded\u00e9 da Pinhola&#8221;, na fase adulta.<\/p>\n\n\n\n<p>PERSONAGEM &#8211; Ded\u00e9 da Pinhola:<\/p>\n\n\n\n<p>Rapaz que cresceu com seus pais no povoado fict\u00edcio de &#8220;Campineira do Anu Preto&#8221;, vizinho de Dora, com quem viver\u00e1 uma rela\u00e7\u00e3o de amizade na adolesc\u00eancia e um relacionamento amoroso na vida adulta. Ded\u00e9 segue a profiss\u00e3o de serralheiro do pai, que tamb\u00e9m fabrica pinhola.&nbsp; H\u00e1 uma dualidade constante no personagem, entre a criancice e a maturidade. Entre a gentileza e a estupidez. Entre a atitude e a covardia. Entre a coragem e o medo.&nbsp; Entre a obedi\u00eancia e a rebeldia.&nbsp; Entre a loucura e a lucidez.<\/p>\n\n\n\n<p><strong><a href=\"https:\/\/docs.google.com\/forms\/d\/16uDOOWX9Ju53HCrCDfViutkISzX2nqXQ1009gV5q7z8\/viewform?edit_requested=true\" data-type=\"link\" data-id=\"https:\/\/docs.google.com\/forms\/d\/16uDOOWX9Ju53HCrCDfViutkISzX2nqXQ1009gV5q7z8\/viewform?edit_requested=true\">Link da inscri\u00e7\u00e3o. Clique aqui.<\/a><\/strong><\/p>\n\n\n\n<figure class=\"wp-block-image size-full is-resized\"><img loading=\"lazy\" decoding=\"async\" width=\"727\" height=\"184\" src=\"https:\/\/focotocantinense.com.br\/wp-content\/uploads\/2025\/06\/SHOW-DE-HUMOR-DE-VINICIUS-MARTINS-2.jpeg\" alt=\"\" class=\"wp-image-10520\" style=\"width:840px;height:auto\" srcset=\"https:\/\/focotocantinense.com.br\/wp-content\/uploads\/2025\/06\/SHOW-DE-HUMOR-DE-VINICIUS-MARTINS-2.jpeg 727w, https:\/\/focotocantinense.com.br\/wp-content\/uploads\/2025\/06\/SHOW-DE-HUMOR-DE-VINICIUS-MARTINS-2-300x76.jpeg 300w\" sizes=\"auto, (max-width: 727px) 100vw, 727px\" \/><\/figure>\n","protected":false},"excerpt":{"rendered":"<p>Por Cinthia Abreu Est\u00e1 aberta a sele\u00e7\u00e3o de elenco principal para o longa-metragem de fic\u00e7\u00e3o \u201cSobre Dora e Dores\u201d, da Cenaberta Filmes. A dire\u00e7\u00e3o e roteiro s\u00e3o de Kak\u00e1 Nogueira e Bell Gama, baseado na obra hom\u00f4nima da escritora Lita Maria. O drama ser\u00e1 protagonizado por Marc\u00e9lia Cartaxo, a primeira brasileira a ganhar o Urso &hellip;<\/p>\n","protected":false},"author":5,"featured_media":10535,"comment_status":"open","ping_status":"open","sticky":false,"template":"","format":"standard","meta":{"footnotes":""},"categories":[104,38,37],"tags":[],"class_list":["post-10534","post","type-post","status-publish","format-standard","has-post-thumbnail","","category-cultura","category-gurupi","category-palmas"],"_links":{"self":[{"href":"https:\/\/focotocantinense.com.br\/index.php?rest_route=\/wp\/v2\/posts\/10534","targetHints":{"allow":["GET"]}}],"collection":[{"href":"https:\/\/focotocantinense.com.br\/index.php?rest_route=\/wp\/v2\/posts"}],"about":[{"href":"https:\/\/focotocantinense.com.br\/index.php?rest_route=\/wp\/v2\/types\/post"}],"author":[{"embeddable":true,"href":"https:\/\/focotocantinense.com.br\/index.php?rest_route=\/wp\/v2\/users\/5"}],"replies":[{"embeddable":true,"href":"https:\/\/focotocantinense.com.br\/index.php?rest_route=%2Fwp%2Fv2%2Fcomments&post=10534"}],"version-history":[{"count":3,"href":"https:\/\/focotocantinense.com.br\/index.php?rest_route=\/wp\/v2\/posts\/10534\/revisions"}],"predecessor-version":[{"id":10539,"href":"https:\/\/focotocantinense.com.br\/index.php?rest_route=\/wp\/v2\/posts\/10534\/revisions\/10539"}],"wp:featuredmedia":[{"embeddable":true,"href":"https:\/\/focotocantinense.com.br\/index.php?rest_route=\/wp\/v2\/media\/10535"}],"wp:attachment":[{"href":"https:\/\/focotocantinense.com.br\/index.php?rest_route=%2Fwp%2Fv2%2Fmedia&parent=10534"}],"wp:term":[{"taxonomy":"category","embeddable":true,"href":"https:\/\/focotocantinense.com.br\/index.php?rest_route=%2Fwp%2Fv2%2Fcategories&post=10534"},{"taxonomy":"post_tag","embeddable":true,"href":"https:\/\/focotocantinense.com.br\/index.php?rest_route=%2Fwp%2Fv2%2Ftags&post=10534"}],"curies":[{"name":"wp","href":"https:\/\/api.w.org\/{rel}","templated":true}]}}