{"id":10524,"date":"2025-06-11T17:15:04","date_gmt":"2025-06-11T20:15:04","guid":{"rendered":"https:\/\/focotocantinense.com.br\/?p=10524"},"modified":"2025-06-11T17:22:47","modified_gmt":"2025-06-11T20:22:47","slug":"comunicadores-e-autoridades-prestigiam-abertura-oficial-do-ii-congresso-nacional-de-jornalistas-e-comunicadores-da-febtur","status":"publish","type":"post","link":"https:\/\/focotocantinense.com.br\/?p=10524","title":{"rendered":"Comunicadores e autoridades prestigiam abertura oficial do II Congresso Nacional de Jornalistas e Comunicadores da Febtur"},"content":{"rendered":"\n<p><strong>Por Iolanda Lopes<\/strong><\/p>\n\n\n\n<p>Nesta quarta-feira, 11, em Bel\u00e9m do Par\u00e1, foi oficialmente aberto o II Congresso Nacional de Jornalistas e Comunicadores de Turismo da Federa\u00e7\u00e3o Brasileira de Jornalistas e Comunicadores de Turismo (Febtur). Com o tema \u201cSustentabilidade tamb\u00e9m se faz com informa\u00e7\u00e3o\u201d, o evento re\u00fane profissionais da comunica\u00e7\u00e3o, lideran\u00e7as ind\u00edgenas, representantes de institui\u00e7\u00f5es p\u00fablicas e privadas, al\u00e9m de autoridades ligadas aos setores tur\u00edstico e ambiental, at\u00e9 o dia 15 na capital paraense.<\/p>\n\n\n\n<p>A cerim\u00f4nia de abertura foi realizada no hist\u00f3rico Parque da Resid\u00eancia \/ Esta\u00e7\u00e3o Gas\u00f4metro, antiga resid\u00eancia oficial do Governo do Estado do Par\u00e1, um dos pr\u00e9dios mais emblem\u00e1ticos da capital paraense.<\/p>\n\n\n\n<p>Durante a coletiva de imprensa, representantes e convidados destacaram a import\u00e2ncia do congresso como espa\u00e7o de fortalecimento de pautas voltadas \u00e0 sustentabilidade, \u00e0 cultura popular, \u00e0 valoriza\u00e7\u00e3o dos povos origin\u00e1rios e ao papel estrat\u00e9gico da imprensa especializada em turismo.<\/p>\n\n\n\n<figure class=\"wp-block-image size-large is-resized\"><img loading=\"lazy\" decoding=\"async\" width=\"1024\" height=\"570\" src=\"https:\/\/focotocantinense.com.br\/wp-content\/uploads\/2025\/06\/sssssssssssssssssss-1024x570.jpg\" alt=\"\" class=\"wp-image-10531\" style=\"width:370px;height:auto\" srcset=\"https:\/\/focotocantinense.com.br\/wp-content\/uploads\/2025\/06\/sssssssssssssssssss-1024x570.jpg 1024w, https:\/\/focotocantinense.com.br\/wp-content\/uploads\/2025\/06\/sssssssssssssssssss-300x167.jpg 300w, https:\/\/focotocantinense.com.br\/wp-content\/uploads\/2025\/06\/sssssssssssssssssss-768x427.jpg 768w, https:\/\/focotocantinense.com.br\/wp-content\/uploads\/2025\/06\/sssssssssssssssssss-1536x854.jpg 1536w, https:\/\/focotocantinense.com.br\/wp-content\/uploads\/2025\/06\/sssssssssssssssssss.jpg 1600w\" sizes=\"auto, (max-width: 1024px) 100vw, 1024px\" \/><\/figure>\n\n\n\n<p><\/p>\n\n\n\n<p>A Secret\u00e1ria de Cultura do Par\u00e1, \u00darsula Vidal disse que \u201co congresso coloca o Par\u00e1 no centro do debate sobre uma comunica\u00e7\u00e3o respons\u00e1vel, que valoriza os saberes dos territ\u00f3rios, impulsiona o turismo de base comunit\u00e1ria e projeta nossas belezas para o Brasil e o mundo\u201d.<\/p>\n\n\n\n<p>A Coordenadora de Diversidade, Afroturismo e Povos Origin\u00e1rios da Embratur, T\u00e2nia Neres, enfatizou a necessidade de comunica\u00e7\u00e3o integrada com as a\u00e7\u00f5es governamentais. \u201cUma das prioridades do governo \u00e9 a Amaz\u00f4nia, especialmente com a chegada da COP 30. Precisamos mostrar ao mundo o que realmente \u00e9 a Amaz\u00f4nia. Ainda que o governo produza v\u00eddeos promocionais, s\u00e3o os jornalistas e fot\u00f3grafos que alimentam as m\u00eddias sociais e precisam estar alinhados para que possamos divulgar isso de forma positiva e estrat\u00e9gica\u201d, afirmou.<\/p>\n\n\n\n<p>A Dra. M\u00e1rcia Kambeba, ind\u00edgena, doutora em Lingu\u00edstica e mestre em Geografia participou da coletiva de imprensa e destacou a rela\u00e7\u00e3o ancestral dos povos origin\u00e1rios com a natureza. Ela lembrou, por exemplo, da cria\u00e7\u00e3o da \u2018terra preta de \u00edndio\u2019, um solo f\u00e9rtil e equilibrado, desenvolvido h\u00e1 s\u00e9culos pelos povos ind\u00edgenas, que demonstra uma rela\u00e7\u00e3o de coopera\u00e7\u00e3o com o meio ambiente. \u201cOs povos origin\u00e1rios, ribeirinhos, quilombolas, todos que vivem sob esse \u2018monte verde\u2019 que \u00e9 a floresta amaz\u00f4nica t\u00eam uma compreens\u00e3o profunda da natureza e da viv\u00eancia nesses territ\u00f3rios\u201d, afirmou.<\/p>\n\n\n\n<p>Na cerim\u00f4nia de abertura, a participa\u00e7\u00e3o de M\u00e1rcia tamb\u00e9m ocorreu por meio de uma apresenta\u00e7\u00e3o art\u00edstica, com dan\u00e7a e m\u00fasica, intitulada \u201cFalas da Floresta\u201d, trazendo sons e imagens impactantes que convidaram o p\u00fablico \u00e0 reflex\u00e3o sobre a Amaz\u00f4nia e seus povos.<\/p>\n\n\n\n<p>O presidente nacional da Febtur, Gorg\u00f4nio Loureiro, destacou o papel dos comunicadores frente aos desafios contempor\u00e2neos. \u201cA Floresta Amaz\u00f4nica \u00e9 vital para o equil\u00edbrio clim\u00e1tico do planeta. Precisamos compreender que n\u00e3o estamos separados da natureza, fazemos parte dela. Quando destru\u00edmos a floresta, destru\u00edmos a n\u00f3s mesmos. O papel da Febtur \u00e9 fortalecer essa consci\u00eancia entre os profissionais de imprensa.\u201d<\/p>\n\n\n\n<p>Loureiro tamb\u00e9m ressaltou a import\u00e2ncia de manter vivos os pilares da entidade.<br>\u201cEste congresso \u00e9 um marco na trajet\u00f3ria que estamos construindo juntos. Precisamos seguir com responsabilidade, construindo uma comunica\u00e7\u00e3o comprometida com as urg\u00eancias do nosso tempo\u201d, ressaltou.<\/p>\n\n\n\n<p>A presidente da Febtur Par\u00e1, Christina Hayne, tamb\u00e9m refor\u00e7ou o car\u00e1ter transformador do encontro.<br>\u201cRealizar este congresso \u00e9 confirmar que nossos projetos coletivos t\u00eam valor.<br>Precisamos comunicar com responsabilidade, aproximar os cidad\u00e3os das quest\u00f5es que impactam nosso pa\u00eds e construir, atrav\u00e9s da informa\u00e7\u00e3o, caminhos de consci\u00eancia e desenvolvimento\u201d, afirmou.<\/p>\n\n\n\n<figure class=\"wp-block-image size-large\"><img loading=\"lazy\" decoding=\"async\" width=\"769\" height=\"1024\" src=\"https:\/\/focotocantinense.com.br\/wp-content\/uploads\/2025\/06\/TURMA-DO-TOCANTINS-769x1024.jpeg\" alt=\"\" class=\"wp-image-10527\" srcset=\"https:\/\/focotocantinense.com.br\/wp-content\/uploads\/2025\/06\/TURMA-DO-TOCANTINS-769x1024.jpeg 769w, https:\/\/focotocantinense.com.br\/wp-content\/uploads\/2025\/06\/TURMA-DO-TOCANTINS-225x300.jpeg 225w, https:\/\/focotocantinense.com.br\/wp-content\/uploads\/2025\/06\/TURMA-DO-TOCANTINS-768x1023.jpeg 768w, https:\/\/focotocantinense.com.br\/wp-content\/uploads\/2025\/06\/TURMA-DO-TOCANTINS-1153x1536.jpeg 1153w, https:\/\/focotocantinense.com.br\/wp-content\/uploads\/2025\/06\/TURMA-DO-TOCANTINS.jpeg 1201w\" sizes=\"auto, (max-width: 769px) 100vw, 769px\" \/><\/figure>\n\n\n\n<p><em><strong>Os&nbsp; gurupienses Zacarias Martins e Gil Correia ibtegram a conitiva&nbsp; de jornalistas do Tocantins que participam ativamentedesse evento<\/strong><\/em><\/p>\n\n\n\n<p><strong>Programa\u00e7\u00e3o<\/strong><\/p>\n\n\n\n<p>O II Congresso da Febtur segue at\u00e9 o final da semana com uma programa\u00e7\u00e3o rica e diversa. Haver\u00e1 mesas t\u00e9cnicas, oficinas, rodas de conversa e atividades vivenciais, incluindo experi\u00eancias com comunidades locais, al\u00e9m de apresenta\u00e7\u00f5es culturais, musicais e gastron\u00f4micas que valorizam a riqueza do Par\u00e1.<\/p>\n\n\n\n<p>O evento conta com a presen\u00e7a de mais de 100 congressistas de todas as regi\u00f5es do Brasil, al\u00e9m de representantes de outros pa\u00edses.<\/p>\n\n\n\n<p>O II Congresso da Febtur, conta com o apoio de Minist\u00e9rio do Turismo, Sebrae Par\u00e1, Vale, Equatorial Energia, e apoio do Governo do Estado do Par\u00e1, por meio das Secretarias de Turismo, Cultura e Comunica\u00e7\u00e3o, Prefeituras de Bel\u00e9m (por meio da Secretaria Municipal de Cultura e Turismo, Semcult), Augusto Correia e Salin\u00f3polis, Fecom\u00e9rcio\/PA, FBHA\/CNC, Sudam, Vale, Hotel Beira Rio, Casa de Saulo, Carvalhos Tur, Henvil Transportes, Point do A\u00e7a\u00ed, Instituto Aupaba, Monotour Turismo, Bel\u00e9m Convention &amp; Visitors Bureau, ABEOC Brasil, S\u00edtio Raiz, LocMil Turismo, VerdeMar e Zoe Solu\u00e7\u00f5es Digitais.<\/p>\n\n\n\n<figure class=\"wp-block-image size-full\"><img loading=\"lazy\" decoding=\"async\" width=\"722\" height=\"92\" src=\"https:\/\/focotocantinense.com.br\/wp-content\/uploads\/2025\/06\/Regua-ok.jpg\" alt=\"\" class=\"wp-image-10529\" srcset=\"https:\/\/focotocantinense.com.br\/wp-content\/uploads\/2025\/06\/Regua-ok.jpg 722w, https:\/\/focotocantinense.com.br\/wp-content\/uploads\/2025\/06\/Regua-ok-300x38.jpg 300w\" sizes=\"auto, (max-width: 722px) 100vw, 722px\" \/><\/figure>\n","protected":false},"excerpt":{"rendered":"<p>Por Iolanda Lopes Nesta quarta-feira, 11, em Bel\u00e9m do Par\u00e1, foi oficialmente aberto o II Congresso Nacional de Jornalistas e Comunicadores de Turismo da Federa\u00e7\u00e3o Brasileira de Jornalistas e Comunicadores de Turismo (Febtur). Com o tema \u201cSustentabilidade tamb\u00e9m se faz com informa\u00e7\u00e3o\u201d, o evento re\u00fane profissionais da comunica\u00e7\u00e3o, lideran\u00e7as ind\u00edgenas, representantes de institui\u00e7\u00f5es p\u00fablicas e &hellip;<\/p>\n","protected":false},"author":5,"featured_media":10531,"comment_status":"open","ping_status":"open","sticky":false,"template":"","format":"standard","meta":{"footnotes":""},"categories":[1],"tags":[],"class_list":["post-10524","post","type-post","status-publish","format-standard","has-post-thumbnail","","category-sem-categoria"],"_links":{"self":[{"href":"https:\/\/focotocantinense.com.br\/index.php?rest_route=\/wp\/v2\/posts\/10524","targetHints":{"allow":["GET"]}}],"collection":[{"href":"https:\/\/focotocantinense.com.br\/index.php?rest_route=\/wp\/v2\/posts"}],"about":[{"href":"https:\/\/focotocantinense.com.br\/index.php?rest_route=\/wp\/v2\/types\/post"}],"author":[{"embeddable":true,"href":"https:\/\/focotocantinense.com.br\/index.php?rest_route=\/wp\/v2\/users\/5"}],"replies":[{"embeddable":true,"href":"https:\/\/focotocantinense.com.br\/index.php?rest_route=%2Fwp%2Fv2%2Fcomments&post=10524"}],"version-history":[{"count":5,"href":"https:\/\/focotocantinense.com.br\/index.php?rest_route=\/wp\/v2\/posts\/10524\/revisions"}],"predecessor-version":[{"id":10533,"href":"https:\/\/focotocantinense.com.br\/index.php?rest_route=\/wp\/v2\/posts\/10524\/revisions\/10533"}],"wp:featuredmedia":[{"embeddable":true,"href":"https:\/\/focotocantinense.com.br\/index.php?rest_route=\/wp\/v2\/media\/10531"}],"wp:attachment":[{"href":"https:\/\/focotocantinense.com.br\/index.php?rest_route=%2Fwp%2Fv2%2Fmedia&parent=10524"}],"wp:term":[{"taxonomy":"category","embeddable":true,"href":"https:\/\/focotocantinense.com.br\/index.php?rest_route=%2Fwp%2Fv2%2Fcategories&post=10524"},{"taxonomy":"post_tag","embeddable":true,"href":"https:\/\/focotocantinense.com.br\/index.php?rest_route=%2Fwp%2Fv2%2Ftags&post=10524"}],"curies":[{"name":"wp","href":"https:\/\/api.w.org\/{rel}","templated":true}]}}