{"id":10518,"date":"2025-06-11T16:46:01","date_gmt":"2025-06-11T19:46:01","guid":{"rendered":"https:\/\/focotocantinense.com.br\/?p=10518"},"modified":"2025-06-11T16:46:45","modified_gmt":"2025-06-11T19:46:45","slug":"gurupi-divulga-programacao-do-arraia-da-amizade-2025-e-reforca-presenca-no-turismo-nacional","status":"publish","type":"post","link":"https:\/\/focotocantinense.com.br\/?p=10518","title":{"rendered":"Gurupi divulga programa\u00e7\u00e3o do Arrai\u00e1 da Amizade 2025 e refor\u00e7a presen\u00e7a no turismo nacional"},"content":{"rendered":"\n<p>A Prefeitura de Gurupi, por meio da Secretaria Municipal de Cultura e Turismo, divulgou a programa\u00e7\u00e3o oficial do Arrai\u00e1 da Amizade 2025, que ser\u00e1 realizado de 19 a 22 de junho, no Espa\u00e7o Arena Palco. O evento faz parte do calend\u00e1rio de atividades culturais do munic\u00edpio e re\u00fane apresenta\u00e7\u00f5es juninas, concursos e atra\u00e7\u00f5es musicais.<\/p>\n\n\n\n<p>A inclus\u00e3o de Gurupi no Mapa do Turismo Nacional considerou, entre outros crit\u00e9rios, a realiza\u00e7\u00e3o anual do Arrai\u00e1 da Amizade. A festa \u00e9 reconhecida por sua organiza\u00e7\u00e3o e por contribuir com o fluxo de visitantes durante o per\u00edodo.<\/p>\n\n\n\n<p>A secret\u00e1ria de Cultura e Turismo, Liliane Pagliarini, destacou que o evento tem impacto direto no setor cultural e na economia local. \u201cA nossa festa j\u00e1 \u00e9 tradi\u00e7\u00e3o, movimenta a economia e demonstra a capacidade de Gurupi em estar no mapa do turismo. Isso \u00e9 motivo de muito orgulho para n\u00f3s\u201d, afirmou.<\/p>\n\n\n\n<p>A programa\u00e7\u00e3o contempla apresenta\u00e7\u00f5es de quadrilhas, concursos individuais e coletivos, al\u00e9m de shows com artistas locais e nacionais. Neste ano, tamb\u00e9m ser\u00e1 realizado o Encontro de Sanfoneiros, com abertura prevista para o dia 19, \u00e0s 19h.<\/p>\n\n\n\n<figure class=\"wp-block-image size-large is-resized\"><img loading=\"lazy\" decoding=\"async\" width=\"1024\" height=\"682\" src=\"https:\/\/focotocantinense.com.br\/wp-content\/uploads\/2025\/06\/zzzzzzzzzzzzzzzzzz-1024x682.jpg\" alt=\"\" class=\"wp-image-10519\" style=\"width:371px;height:auto\" srcset=\"https:\/\/focotocantinense.com.br\/wp-content\/uploads\/2025\/06\/zzzzzzzzzzzzzzzzzz-1024x682.jpg 1024w, https:\/\/focotocantinense.com.br\/wp-content\/uploads\/2025\/06\/zzzzzzzzzzzzzzzzzz-300x200.jpg 300w, https:\/\/focotocantinense.com.br\/wp-content\/uploads\/2025\/06\/zzzzzzzzzzzzzzzzzz-768x511.jpg 768w, https:\/\/focotocantinense.com.br\/wp-content\/uploads\/2025\/06\/zzzzzzzzzzzzzzzzzz-310x205.jpg 310w, https:\/\/focotocantinense.com.br\/wp-content\/uploads\/2025\/06\/zzzzzzzzzzzzzzzzzz.jpg 1280w\" sizes=\"auto, (max-width: 1024px) 100vw, 1024px\" \/><\/figure>\n\n\n\n<p><strong>Programa\u00e7\u00e3o do Arrai\u00e1 da Amizade 2025:<\/strong><\/p>\n\n\n\n<p><strong>19 de junho (quinta-feira)<\/strong><br>\u2022 Abertura oficial \u00e0s 20h<br>\u2022 Apresenta\u00e7\u00f5es: Junina da APAE e Junina Melhor Idade<br>\u2022 Concursos individuais: Casal de Noivos, Casal Canga\u00e7o, Rainha Mirim, Rainha G e Rainha do Arrai\u00e1<br>\u2022 Concurso das Juninas de Acesso<br>\u2022 Abertura do Encontro de Sanfoneiros \u00e0s 19h<br>\u2022 Shows: Silon Santos, Chico Chokolate, Z\u00e9 Ricardo e Thiago<\/p>\n\n\n\n<p><strong>20 de junho (sexta-feira)<\/strong><br>\u2022 Concurso de Juninas \u2013 Grupo Estilizado<br>\u2022 Premia\u00e7\u00e3o do Arrai\u00e1 da Amizade<br>\u2022 Shows: Renato Leal, Fernando Guedes, Banda Black, Luciano Lins<\/p>\n\n\n\n<p><strong>21 de junho (s\u00e1bado)<\/strong><br>\u2022 Concurso Estadual de Quadrilhas Juninas \u2013 FEQUAJUTO<br>\u2022 Shows: Lambasaia, Deusa, Ka\u00e7ula MW, Forr\u00f3 Top 10<\/p>\n\n\n\n<p><strong>22 de junho (domingo)<\/strong><br>\u2022 Continua\u00e7\u00e3o do Concurso Estadual de Quadrilhas Juninas \u2013 FEQUAJUTO<br>\u2022 Premia\u00e7\u00e3o do Campeonato Estadual de Juninas<br>\u2022 Shows: Mistura Nativa, Banda Skema do Brasil, Joan Alessandro<\/p>\n\n\n\n<figure class=\"wp-block-image size-full is-resized\"><img loading=\"lazy\" decoding=\"async\" width=\"727\" height=\"184\" src=\"https:\/\/focotocantinense.com.br\/wp-content\/uploads\/2025\/06\/SHOW-DE-HUMOR-DE-VINICIUS-MARTINS-2.jpeg\" alt=\"\" class=\"wp-image-10520\" style=\"width:840px;height:auto\" srcset=\"https:\/\/focotocantinense.com.br\/wp-content\/uploads\/2025\/06\/SHOW-DE-HUMOR-DE-VINICIUS-MARTINS-2.jpeg 727w, https:\/\/focotocantinense.com.br\/wp-content\/uploads\/2025\/06\/SHOW-DE-HUMOR-DE-VINICIUS-MARTINS-2-300x76.jpeg 300w\" sizes=\"auto, (max-width: 727px) 100vw, 727px\" \/><\/figure>\n","protected":false},"excerpt":{"rendered":"<p>A Prefeitura de Gurupi, por meio da Secretaria Municipal de Cultura e Turismo, divulgou a programa\u00e7\u00e3o oficial do Arrai\u00e1 da Amizade 2025, que ser\u00e1 realizado de 19 a 22 de junho, no Espa\u00e7o Arena Palco. O evento faz parte do calend\u00e1rio de atividades culturais do munic\u00edpio e re\u00fane apresenta\u00e7\u00f5es juninas, concursos e atra\u00e7\u00f5es musicais. A &hellip;<\/p>\n","protected":false},"author":5,"featured_media":10519,"comment_status":"open","ping_status":"open","sticky":false,"template":"","format":"standard","meta":{"footnotes":""},"categories":[38],"tags":[],"class_list":["post-10518","post","type-post","status-publish","format-standard","has-post-thumbnail","","category-gurupi"],"_links":{"self":[{"href":"https:\/\/focotocantinense.com.br\/index.php?rest_route=\/wp\/v2\/posts\/10518","targetHints":{"allow":["GET"]}}],"collection":[{"href":"https:\/\/focotocantinense.com.br\/index.php?rest_route=\/wp\/v2\/posts"}],"about":[{"href":"https:\/\/focotocantinense.com.br\/index.php?rest_route=\/wp\/v2\/types\/post"}],"author":[{"embeddable":true,"href":"https:\/\/focotocantinense.com.br\/index.php?rest_route=\/wp\/v2\/users\/5"}],"replies":[{"embeddable":true,"href":"https:\/\/focotocantinense.com.br\/index.php?rest_route=%2Fwp%2Fv2%2Fcomments&post=10518"}],"version-history":[{"count":3,"href":"https:\/\/focotocantinense.com.br\/index.php?rest_route=\/wp\/v2\/posts\/10518\/revisions"}],"predecessor-version":[{"id":10523,"href":"https:\/\/focotocantinense.com.br\/index.php?rest_route=\/wp\/v2\/posts\/10518\/revisions\/10523"}],"wp:featuredmedia":[{"embeddable":true,"href":"https:\/\/focotocantinense.com.br\/index.php?rest_route=\/wp\/v2\/media\/10519"}],"wp:attachment":[{"href":"https:\/\/focotocantinense.com.br\/index.php?rest_route=%2Fwp%2Fv2%2Fmedia&parent=10518"}],"wp:term":[{"taxonomy":"category","embeddable":true,"href":"https:\/\/focotocantinense.com.br\/index.php?rest_route=%2Fwp%2Fv2%2Fcategories&post=10518"},{"taxonomy":"post_tag","embeddable":true,"href":"https:\/\/focotocantinense.com.br\/index.php?rest_route=%2Fwp%2Fv2%2Ftags&post=10518"}],"curies":[{"name":"wp","href":"https:\/\/api.w.org\/{rel}","templated":true}]}}