{"id":10505,"date":"2025-06-06T11:33:07","date_gmt":"2025-06-06T14:33:07","guid":{"rendered":"https:\/\/focotocantinense.com.br\/?p=10505"},"modified":"2025-06-06T11:34:07","modified_gmt":"2025-06-06T14:34:07","slug":"governo-do-tocantins-realiza-dia-d-de-vacinacao-contra-o-hpv-neste-sabado-7-nos-139-municipios-do-estado","status":"publish","type":"post","link":"https:\/\/focotocantinense.com.br\/?p=10505","title":{"rendered":"Governo do Tocantins realiza Dia D de vacina\u00e7\u00e3o contra o HPV neste s\u00e1bado, 7, nos 139 munic\u00edpios do estado"},"content":{"rendered":"\n<p>Na busca por jovens n\u00e3o vacinados contra o Papilomav\u00edrus Humano (HPV), o Governo do Tocantins, por meio da Secretaria de Estado da Sa\u00fade (SES\/TO), realiza, neste s\u00e1bado, 7, simultaneamente nos 139 munic\u00edpios tocantinenses, o Dia D de vacina\u00e7\u00e3o contra a doen\u00e7a. O foco da a\u00e7\u00e3o \u00e9 composto por jovens entre 15 e 19 anos, e a meta \u00e9 chegar a uma cobertura vacinal de 90% de um total de mais de 50 mil pessoas.<\/p>\n\n\n\n<p>O secret\u00e1rio-executivo da SES\/TO, Luciano Lima, destaca que a vacina\u00e7\u00e3o \u00e9 uma estrat\u00e9gia segura de promo\u00e7\u00e3o da sa\u00fade p\u00fablica, essencial para a prote\u00e7\u00e3o pessoal e da sociedade como um todo. \u201cPedimos a todos os pais que levem seus filhos para se imunizarem e, assim, garantir um futuro mais saud\u00e1vel para eles\u201d, enfatiza.<\/p>\n\n\n\n<p><\/p>\n\n\n\n<p>A gerente de Imuniza\u00e7\u00e3o e Doen\u00e7as Imunopreven\u00edveis da SES\/TO, Diandra Sena, refor\u00e7a que a campanha busca ampliar a cobertura vacinal e prevenir as doen\u00e7as associadas \u00e0 infec\u00e7\u00e3o pelo HPV. \u201cPor isso, \u00e9 muito importante que os jovens procurem uma das UBSs [Unidades B\u00e1sicas de Sa\u00fade], que estar\u00e3o abertas durante o s\u00e1bado. Todos os 139 munic\u00edpios do Tocantins est\u00e3o mobilizados para o evento. Na oportunidade, tamb\u00e9m estar\u00e1 dispon\u00edvel a vacina\u00e7\u00e3o contra Influenza e outros imunizantes\u201d, salienta.&nbsp;<\/p>\n\n\n\n<p>A estrat\u00e9gia de resgate orientada pelo Minist\u00e9rio da Sa\u00fade (MS) se deve ao ac\u00famulo de n\u00e3o vacinados ao longo dos anos e abrange 121 munic\u00edpios brasileiros. A vacina\u00e7\u00e3o passou a ser distribu\u00edda no pa\u00eds em 2014 e muitos adolescentes n\u00e3o se vacinaram durante a idade recomendada. Em 2024, verificou-se que 7 milh\u00f5es de jovens brasileiros n\u00e3o foram vacinados contra o HPV, na faixa et\u00e1ria entre 15 a 19 anos.<\/p>\n\n\n\n<p><strong>HPV<\/strong><\/p>\n\n\n\n<p>O HPV \u00e9 um v\u00edrus transmitido principalmente pelo contato pele a pele e sexual. Os tipos mais associados ao c\u00e2ncer s\u00e3o o HPV 16 e 18, respons\u00e1veis por cerca de 70% dos casos de c\u00e2ncer do colo do \u00fatero. Alguns tipos do v\u00edrus podem causar doen\u00e7as, como: verrugas genitais e c\u00e2nceres de vulva, vagina, \u00e2nus, p\u00eanis e de orofaringe (garganta, boca e l\u00edngua).<\/p>\n\n\n\n<p><strong>Vacina<\/strong><\/p>\n\n\n\n<p>A vacina HPV quadrivalente \u00e9 uma suspens\u00e3o injet\u00e1vel, fornecida em frasco-ampola de dose \u00fanica, gratuitamente pelo Sistema \u00danico de Sa\u00fade (SUS) e \u00e9 a medida mais eficaz para se prevenir contra a doen\u00e7a que \u00e9 uma Infec\u00e7\u00e3o Sexualmente Transmiss\u00edvel (IST) e tamb\u00e9m pode ser transmitida durante o parto, passando da m\u00e3e para o beb\u00ea.<\/p>\n\n\n\n<p>Normalmente, o p\u00fablico-alvo da campanha contra o HVP \u00e9 composto por meninas e meninos com idade entre 9 e 14 anos, e mulheres e homens que vivem com HIV, transplantados de \u00f3rg\u00e3os s\u00f3lidos, de medula \u00f3ssea, ou pacientes oncol\u00f3gicos na faixa et\u00e1ria de 9 a 45 anos.<\/p>\n\n\n\n<p><strong>Cobertura<\/strong><\/p>\n\n\n\n<p>Em 2024, o p\u00fablico-alvo de imuniza\u00e7\u00e3o contra o HPV no Tocantins tinha um total de 50.338 adolescentes e o estado atingiu em 90,78% a cobertura vacinal do p\u00fablico feminino e 74,21% masculino.<\/p>\n\n\n\n<p><img decoding=\"async\" src=\"https:\/\/central.to.gov.br\/image\/428579?w=670&amp;h=414\"><\/p>\n\n\n\n<p>A gerente de Imuniza\u00e7\u00e3o e Doen\u00e7as Imunopreven\u00edveis da SES\/TO, Diandra Sena, refor\u00e7a que a campanha busca ampliar a cobertura vacinal e prevenir as doen\u00e7as associadas \u00e0 infec\u00e7\u00e3o pelo HPV &#8211; Ananda Santos\/Governo do Tocantins&nbsp;<\/p>\n\n\n\n<figure class=\"wp-block-image\"><img decoding=\"async\" src=\"http:\/\/n1to.com.br\/img\/uploads\/SHOW_DE_HUMOR_DE_VINICIUS_MARTINS_12.jpeg\" alt=\"\"\/><\/figure>\n","protected":false},"excerpt":{"rendered":"<p>Na busca por jovens n\u00e3o vacinados contra o Papilomav\u00edrus Humano (HPV), o Governo do Tocantins, por meio da Secretaria de Estado da Sa\u00fade (SES\/TO), realiza, neste s\u00e1bado, 7, simultaneamente nos 139 munic\u00edpios tocantinenses, o Dia D de vacina\u00e7\u00e3o contra a doen\u00e7a. O foco da a\u00e7\u00e3o \u00e9 composto por jovens entre 15 e 19 anos, e &hellip;<\/p>\n","protected":false},"author":5,"featured_media":10506,"comment_status":"open","ping_status":"open","sticky":false,"template":"","format":"standard","meta":{"footnotes":""},"categories":[38],"tags":[],"class_list":["post-10505","post","type-post","status-publish","format-standard","has-post-thumbnail","","category-gurupi"],"_links":{"self":[{"href":"https:\/\/focotocantinense.com.br\/index.php?rest_route=\/wp\/v2\/posts\/10505","targetHints":{"allow":["GET"]}}],"collection":[{"href":"https:\/\/focotocantinense.com.br\/index.php?rest_route=\/wp\/v2\/posts"}],"about":[{"href":"https:\/\/focotocantinense.com.br\/index.php?rest_route=\/wp\/v2\/types\/post"}],"author":[{"embeddable":true,"href":"https:\/\/focotocantinense.com.br\/index.php?rest_route=\/wp\/v2\/users\/5"}],"replies":[{"embeddable":true,"href":"https:\/\/focotocantinense.com.br\/index.php?rest_route=%2Fwp%2Fv2%2Fcomments&post=10505"}],"version-history":[{"count":2,"href":"https:\/\/focotocantinense.com.br\/index.php?rest_route=\/wp\/v2\/posts\/10505\/revisions"}],"predecessor-version":[{"id":10508,"href":"https:\/\/focotocantinense.com.br\/index.php?rest_route=\/wp\/v2\/posts\/10505\/revisions\/10508"}],"wp:featuredmedia":[{"embeddable":true,"href":"https:\/\/focotocantinense.com.br\/index.php?rest_route=\/wp\/v2\/media\/10506"}],"wp:attachment":[{"href":"https:\/\/focotocantinense.com.br\/index.php?rest_route=%2Fwp%2Fv2%2Fmedia&parent=10505"}],"wp:term":[{"taxonomy":"category","embeddable":true,"href":"https:\/\/focotocantinense.com.br\/index.php?rest_route=%2Fwp%2Fv2%2Fcategories&post=10505"},{"taxonomy":"post_tag","embeddable":true,"href":"https:\/\/focotocantinense.com.br\/index.php?rest_route=%2Fwp%2Fv2%2Ftags&post=10505"}],"curies":[{"name":"wp","href":"https:\/\/api.w.org\/{rel}","templated":true}]}}