{"id":10499,"date":"2025-06-05T21:25:09","date_gmt":"2025-06-06T00:25:09","guid":{"rendered":"https:\/\/focotocantinense.com.br\/?p=10499"},"modified":"2025-06-05T21:25:48","modified_gmt":"2025-06-06T00:25:48","slug":"gurupi-define-propostas-para-o-desenvolvimento-urbano-e-social-na-3a-conferencia-da-cidade","status":"publish","type":"post","link":"https:\/\/focotocantinense.com.br\/?p=10499","title":{"rendered":"Gurupi define propostas para o desenvolvimento urbano e social na 3\u00aa confer\u00eancia da cidade"},"content":{"rendered":"\n<p>Com foco no fortalecimento da gest\u00e3o democr\u00e1tica e no planejamento urbano participativo, foi encerrada na tarde desta quinta-feira (05) a 3\u00aa Confer\u00eancia da Cidade de Gurupi. O evento reuniu representantes de entidades educacionais, movimentos sociais, classe comercial e servidores p\u00fablicos para discutir os principais desafios do munic\u00edpio e definir propostas estrat\u00e9gicas que ser\u00e3o levadas \u00e0s confer\u00eancias estadual e nacional.<\/p>\n\n\n\n<p>Durante todo o dia, os participantes se dedicaram ao debate de temas priorit\u00e1rios como mobilidade urbana, saneamento b\u00e1sico, habita\u00e7\u00e3o social e meio ambiente. As sugest\u00f5es foram constru\u00eddas de forma coletiva, levando em conta as reais necessidades da popula\u00e7\u00e3o gurupiense.<\/p>\n\n\n\n<p>Segundo o secret\u00e1rio municipal de Desenvolvimento Urbano, Eremilson Leite, o evento marca um passo importante rumo ao progresso da cidade. Ele destacou que \u201cforam debatidas as necessidades da nossa cidade, que logo ir\u00e3o ser defendidas na esfera nacional, com o objetivo de trazer mais desenvolvimento e benef\u00edcios para Gurupi\u201d, e completou afirmando que \u201cessa confer\u00eancia \u00e9 o in\u00edcio de uma uni\u00e3o de for\u00e7as que trar\u00e3o bons resultados\u201d.<\/p>\n\n\n\n<p><strong>Propostas definidas:<\/strong><br>\u2022 Mobilidade Urbana: Federaliza\u00e7\u00e3o e destina\u00e7\u00e3o de recursos financeiros para a constru\u00e7\u00e3o da infraestrutura do Anel Vi\u00e1rio de Gurupi, considerada essencial para melhorar o tr\u00e2nsito urbano e o escoamento da produ\u00e7\u00e3o local.<br>\u2022 Saneamento B\u00e1sico: Estabelecimento de crit\u00e9rios que priorizem o atendimento \u00e0s regi\u00f5es mais vulner\u00e1veis, por meio de planos de incentivo e destina\u00e7\u00e3o adequada de recursos.<br>\u2022 Habita\u00e7\u00e3o Social: Aquisi\u00e7\u00e3o de \u00e1reas particulares pelo Governo Federal para doa\u00e7\u00e3o ao munic\u00edpio, com o objetivo de constru\u00e7\u00e3o de unidades habitacionais voltadas a programas p\u00fablicos de moradia.<br>\u2022 Meio Ambiente: Cria\u00e7\u00e3o de polos nacionais para dinamizar a coleta seletiva e fortalecer a\u00e7\u00f5es sustent\u00e1veis em todo o pa\u00eds.<\/p>\n\n\n\n<figure class=\"wp-block-image size-large\"><img loading=\"lazy\" decoding=\"async\" width=\"1024\" height=\"768\" src=\"https:\/\/focotocantinense.com.br\/wp-content\/uploads\/2025\/06\/gggg-1-1024x768.jpg\" alt=\"\" class=\"wp-image-10501\" srcset=\"https:\/\/focotocantinense.com.br\/wp-content\/uploads\/2025\/06\/gggg-1-1024x768.jpg 1024w, https:\/\/focotocantinense.com.br\/wp-content\/uploads\/2025\/06\/gggg-1-300x225.jpg 300w, https:\/\/focotocantinense.com.br\/wp-content\/uploads\/2025\/06\/gggg-1-768x576.jpg 768w, https:\/\/focotocantinense.com.br\/wp-content\/uploads\/2025\/06\/gggg-1.jpg 1190w\" sizes=\"auto, (max-width: 1024px) 100vw, 1024px\" \/><\/figure>\n\n\n\n<p><\/p>\n\n\n\n<p><strong>Representantes eleitos<\/strong><\/p>\n\n\n\n<p>Ao final da confer\u00eancia, foram escolhidos os representantes que defender\u00e3o as propostas de Gurupi nas etapas seguintes do processo. Foram eleitos representantes do poder p\u00fablico, da Universidade de Gurupi (UnirG), da Associa\u00e7\u00e3o Comercial e Industrial de Gurupi (ACIG) e de movimentos sociais.<\/p>\n\n\n\n<p><\/p>\n\n\n\n<p><strong>Confira os nomes:<\/strong><br>\u2022 Institui\u00e7\u00e3o de Ensino (UnirG):<br>\u2022 Titular: Manoel<br>\u2022 Suplente: Oximano<br>\u2022 Classe Comercial (ACIG):<br>\u2022 Titular: Raimundo<br>\u2022 Suplente: Elvan Le\u00e3o<br>\u2022 Poder P\u00fablico Municipal:<br>\u2022 Titulares: Laena, Diego e Eremilson<br>\u2022 Suplentes: Juliana, Pedro Dias e Andr\u00e9 Filipe<br>\u2022 Movimentos Sociais:<br>\u2022 MCTTL\/UNMP (Movimento Popular de Moradia \u2013 Uni\u00e3o Nacional por Moradia Popular)<br>\u2022 Titular: Kellaba Veras<br>\u2022 Suplente: Ana Paula Borges<br>\u2022 MNLM (Movimento Nacional de Luta por Moradia)<br>\u2022 Titular: Gislene<br>\u2022 Suplente: Akysa<\/p>\n\n\n\n<figure class=\"wp-block-image size-full is-resized\"><img loading=\"lazy\" decoding=\"async\" width=\"727\" height=\"184\" src=\"https:\/\/focotocantinense.com.br\/wp-content\/uploads\/2025\/06\/SHOW-DE-HUMOR-DE-VINICIUS-MARTINS-1.jpeg\" alt=\"\" class=\"wp-image-10502\" style=\"width:840px;height:auto\" srcset=\"https:\/\/focotocantinense.com.br\/wp-content\/uploads\/2025\/06\/SHOW-DE-HUMOR-DE-VINICIUS-MARTINS-1.jpeg 727w, https:\/\/focotocantinense.com.br\/wp-content\/uploads\/2025\/06\/SHOW-DE-HUMOR-DE-VINICIUS-MARTINS-1-300x76.jpeg 300w\" sizes=\"auto, (max-width: 727px) 100vw, 727px\" \/><\/figure>\n","protected":false},"excerpt":{"rendered":"<p>Com foco no fortalecimento da gest\u00e3o democr\u00e1tica e no planejamento urbano participativo, foi encerrada na tarde desta quinta-feira (05) a 3\u00aa Confer\u00eancia da Cidade de Gurupi. O evento reuniu representantes de entidades educacionais, movimentos sociais, classe comercial e servidores p\u00fablicos para discutir os principais desafios do munic\u00edpio e definir propostas estrat\u00e9gicas que ser\u00e3o levadas \u00e0s &hellip;<\/p>\n","protected":false},"author":5,"featured_media":10501,"comment_status":"open","ping_status":"open","sticky":false,"template":"","format":"standard","meta":{"footnotes":""},"categories":[38],"tags":[],"class_list":["post-10499","post","type-post","status-publish","format-standard","has-post-thumbnail","","category-gurupi"],"_links":{"self":[{"href":"https:\/\/focotocantinense.com.br\/index.php?rest_route=\/wp\/v2\/posts\/10499","targetHints":{"allow":["GET"]}}],"collection":[{"href":"https:\/\/focotocantinense.com.br\/index.php?rest_route=\/wp\/v2\/posts"}],"about":[{"href":"https:\/\/focotocantinense.com.br\/index.php?rest_route=\/wp\/v2\/types\/post"}],"author":[{"embeddable":true,"href":"https:\/\/focotocantinense.com.br\/index.php?rest_route=\/wp\/v2\/users\/5"}],"replies":[{"embeddable":true,"href":"https:\/\/focotocantinense.com.br\/index.php?rest_route=%2Fwp%2Fv2%2Fcomments&post=10499"}],"version-history":[{"count":2,"href":"https:\/\/focotocantinense.com.br\/index.php?rest_route=\/wp\/v2\/posts\/10499\/revisions"}],"predecessor-version":[{"id":10504,"href":"https:\/\/focotocantinense.com.br\/index.php?rest_route=\/wp\/v2\/posts\/10499\/revisions\/10504"}],"wp:featuredmedia":[{"embeddable":true,"href":"https:\/\/focotocantinense.com.br\/index.php?rest_route=\/wp\/v2\/media\/10501"}],"wp:attachment":[{"href":"https:\/\/focotocantinense.com.br\/index.php?rest_route=%2Fwp%2Fv2%2Fmedia&parent=10499"}],"wp:term":[{"taxonomy":"category","embeddable":true,"href":"https:\/\/focotocantinense.com.br\/index.php?rest_route=%2Fwp%2Fv2%2Fcategories&post=10499"},{"taxonomy":"post_tag","embeddable":true,"href":"https:\/\/focotocantinense.com.br\/index.php?rest_route=%2Fwp%2Fv2%2Ftags&post=10499"}],"curies":[{"name":"wp","href":"https:\/\/api.w.org\/{rel}","templated":true}]}}