{"id":10489,"date":"2025-06-05T20:59:07","date_gmt":"2025-06-05T23:59:07","guid":{"rendered":"https:\/\/focotocantinense.com.br\/?p=10489"},"modified":"2025-06-05T21:02:17","modified_gmt":"2025-06-06T00:02:17","slug":"aceto-cumpre-agenda-estrategica-em-palmas-e-articula-projetos-para-fortalecer-a-cronica-esportiva-no-tocantins","status":"publish","type":"post","link":"https:\/\/focotocantinense.com.br\/?p=10489","title":{"rendered":"ACETO cumpre agenda estrat\u00e9gica em Palmas e articula projetos para fortalecer a cr\u00f4nica esportiva no Tocantins"},"content":{"rendered":"\n<p><strong>Por Jonas Amaral<\/strong><\/p>\n\n\n\n<p>Nesta quarta-feira, 4 de junho, a diretoria da Associa\u00e7\u00e3o dos Cronistas Esportivos do Tocantins (ACETO) cumpriu uma intensa agenda em Palmas, dedicada \u00e0 articula\u00e7\u00e3o de parcerias e projetos estrat\u00e9gicos voltados ao fortalecimento da cr\u00f4nica esportiva no estado e \u00e0 promo\u00e7\u00e3o da inclus\u00e3o social por meio do esporte.<\/p>\n\n\n\n<p>A agenda foi iniciada com uma reuni\u00e3o especial com o renomado treinador e palestrante Ren\u00ea Sim\u00f5es, que estava na capital para o evento ONE-ON-ONE Revolution, realizado no audit\u00f3rio da CDL. A conversa aconteceu em clima acolhedor no pr\u00f3prio quarto do treinador, onde ele concedeu uma entrevista exclusiva \u00e0s r\u00e1dios UnirG FM e Unitins FM. Na pauta, temas como forma\u00e7\u00e3o de atletas, Sele\u00e7\u00e3o Brasileira, \u00e9tica no esporte e os desafios da comunica\u00e7\u00e3o esportiva no Brasil.<\/p>\n\n\n\n<p>Durante o di\u00e1logo, ficou encaminhada a possibilidade de um retorno de Ren\u00ea Sim\u00f5es ao Tocantins, no segundo semestre, para uma atividade oficial promovida pela ACETO em Palmas ou Gurupi. A proposta \u00e9 realizar um encontro voltado \u00e0 capacita\u00e7\u00e3o profissional e ao debate sobre os rumos do esporte no estado, aproveitando a experi\u00eancia e sensibilidade do treinador com tem\u00e1ticas sociais e educacionais.<\/p>\n\n\n\n<figure class=\"wp-block-image size-full is-resized\"><img loading=\"lazy\" decoding=\"async\" width=\"768\" height=\"440\" src=\"https:\/\/focotocantinense.com.br\/wp-content\/uploads\/2025\/06\/eeeeeeeeee.jpg\" alt=\"\" class=\"wp-image-10496\" style=\"width:389px;height:auto\" srcset=\"https:\/\/focotocantinense.com.br\/wp-content\/uploads\/2025\/06\/eeeeeeeeee.jpg 768w, https:\/\/focotocantinense.com.br\/wp-content\/uploads\/2025\/06\/eeeeeeeeee-300x172.jpg 300w\" sizes=\"auto, (max-width: 768px) 100vw, 768px\" \/><\/figure>\n\n\n\n<p><strong><em>Participa\u00e7\u00e3o na Unitins FM e entrega de credencial<\/em><\/strong><\/p>\n\n\n\n<p>Ainda durante a manh\u00e3, os diretores da ACETO participaram do programa Esporte Mais, nos est\u00fadios da r\u00e1dio Unitins FM, conduzido pelos jornalistas Gilmar Santos, Ademar Costa, Luis Carlos&nbsp;<em>\u201cLula\u201d e Horlan Tavares. Um dos momentos marcantes da visita foi a entrega da credencial nacional de cronista esportivo ao rep\u00f3rter Luis Carlos \u201cLula\u201d,<\/em>&nbsp;que tamb\u00e9m integra a diretoria da associa\u00e7\u00e3o.<\/p>\n\n\n\n<p><strong><em>Reuni\u00e3o com gabinete parlamentar busca reconhecimento de utilidade p\u00fablica<\/em><\/strong><\/p>\n\n\n\n<p>No per\u00edodo da tarde, a comitiva da ACETO, agora com a presen\u00e7a do cronista Alessandro Pires, foi recebida na Assembleia Legislativa do Tocantins. Eles se reuniram com o chefe de gabinete Uverlandes Milhomem, que representava o deputado estadual Wiston Gomes (PSD).<\/p>\n\n\n\n<p>A pauta incluiu a apresenta\u00e7\u00e3o de projetos voltados \u00e0 capacita\u00e7\u00e3o de profissionais da imprensa esportiva, inclus\u00e3o social por meio do esporte e amplia\u00e7\u00e3o do papel social da ACETO. Na ocasi\u00e3o, a associa\u00e7\u00e3o formalizou o pedido para que a entidade seja reconhecida como organiza\u00e7\u00e3o de utilidade p\u00fablica estadual, o que permitir\u00e1 acesso a recursos por emendas parlamentares e a expans\u00e3o das atividades da associa\u00e7\u00e3o.<\/p>\n\n\n<div class=\"wp-block-image\">\n<figure class=\"aligncenter\"><img decoding=\"async\" src=\"https:\/\/portaldoamaral.com.br\/wp-content\/uploads\/2025\/06\/AceTO-3.jpg\" alt=\"\" class=\"wp-image-169004\"\/><\/figure>\n<\/div>\n\n\n<p><strong><em>ACETO reafirma compromisso com o esporte e com a sociedade<\/em><\/strong><\/p>\n\n\n\n<p>Segundo o presidente da ACETO, WPresley Jorge, a entidade est\u00e1 comprometida em ampliar sua representatividade e atua\u00e7\u00e3o social no Tocantins.<em>&nbsp;\u201cEstamos buscando parcerias para as muitas a\u00e7\u00f5es que a ACETO se comprometeu a realizar, n\u00e3o s\u00f3 para os cronistas esportivos, mas tamb\u00e9m com reflexos diretos na popula\u00e7\u00e3o, por meio de cursos, palestras e projetos de desenvolvimento. Queremos fortalecer a entidade e, ao mesmo tempo, gerar resultados pr\u00e1ticos, valorizando a comunica\u00e7\u00e3o esportiva e promovendo inclus\u00e3o social no Tocantins\u201d,<\/em>&nbsp;ressaltou.<\/p>\n\n\n\n<figure class=\"wp-block-image size-full is-resized\"><img loading=\"lazy\" decoding=\"async\" width=\"768\" height=\"503\" src=\"https:\/\/focotocantinense.com.br\/wp-content\/uploads\/2025\/06\/xxxxxxxxxxxxxxxxx.jpeg\" alt=\"\" class=\"wp-image-10490\" style=\"width:840px;height:auto\" srcset=\"https:\/\/focotocantinense.com.br\/wp-content\/uploads\/2025\/06\/xxxxxxxxxxxxxxxxx.jpeg 768w, https:\/\/focotocantinense.com.br\/wp-content\/uploads\/2025\/06\/xxxxxxxxxxxxxxxxx-300x196.jpeg 300w\" sizes=\"auto, (max-width: 768px) 100vw, 768px\" \/><\/figure>\n\n\n\n<p><\/p>\n\n\n\n<p><strong><em>Pr\u00f3ximos passos<\/em><\/strong><\/p>\n\n\n\n<p>A agenda da associa\u00e7\u00e3o na capital segue nos pr\u00f3ximos dias. Est\u00e3o previstas reuni\u00f5es para a segunda quinzena de junho com o presidente da Federa\u00e7\u00e3o Tocantinense de Futebol (FTF), Leomar Quintanilha, e com o reitor da Universidade Estadual do Tocantins (Unitins), professor Augusto Rezende. O objetivo \u00e9 alinhar coopera\u00e7\u00f5es institucionais e desenvolver a\u00e7\u00f5es conjuntas que ampliem o impacto da cr\u00f4nica esportiva na sociedade tocantinense.<\/p>\n\n\n\n<figure class=\"wp-block-image size-full\"><img loading=\"lazy\" decoding=\"async\" width=\"727\" height=\"184\" src=\"https:\/\/focotocantinense.com.br\/wp-content\/uploads\/2025\/06\/SHOW-DE-HUMOR-DE-VINICIUS-MARTINS.jpeg\" alt=\"\" class=\"wp-image-10494\" srcset=\"https:\/\/focotocantinense.com.br\/wp-content\/uploads\/2025\/06\/SHOW-DE-HUMOR-DE-VINICIUS-MARTINS.jpeg 727w, https:\/\/focotocantinense.com.br\/wp-content\/uploads\/2025\/06\/SHOW-DE-HUMOR-DE-VINICIUS-MARTINS-300x76.jpeg 300w\" sizes=\"auto, (max-width: 727px) 100vw, 727px\" \/><\/figure>\n\n\n\n<p><\/p>\n","protected":false},"excerpt":{"rendered":"<p>Por Jonas Amaral Nesta quarta-feira, 4 de junho, a diretoria da Associa\u00e7\u00e3o dos Cronistas Esportivos do Tocantins (ACETO) cumpriu uma intensa agenda em Palmas, dedicada \u00e0 articula\u00e7\u00e3o de parcerias e projetos estrat\u00e9gicos voltados ao fortalecimento da cr\u00f4nica esportiva no estado e \u00e0 promo\u00e7\u00e3o da inclus\u00e3o social por meio do esporte. A agenda foi iniciada com &hellip;<\/p>\n","protected":false},"author":5,"featured_media":10490,"comment_status":"open","ping_status":"open","sticky":false,"template":"","format":"standard","meta":{"footnotes":""},"categories":[4],"tags":[],"class_list":["post-10489","post","type-post","status-publish","format-standard","has-post-thumbnail","","category-sports"],"_links":{"self":[{"href":"https:\/\/focotocantinense.com.br\/index.php?rest_route=\/wp\/v2\/posts\/10489","targetHints":{"allow":["GET"]}}],"collection":[{"href":"https:\/\/focotocantinense.com.br\/index.php?rest_route=\/wp\/v2\/posts"}],"about":[{"href":"https:\/\/focotocantinense.com.br\/index.php?rest_route=\/wp\/v2\/types\/post"}],"author":[{"embeddable":true,"href":"https:\/\/focotocantinense.com.br\/index.php?rest_route=\/wp\/v2\/users\/5"}],"replies":[{"embeddable":true,"href":"https:\/\/focotocantinense.com.br\/index.php?rest_route=%2Fwp%2Fv2%2Fcomments&post=10489"}],"version-history":[{"count":6,"href":"https:\/\/focotocantinense.com.br\/index.php?rest_route=\/wp\/v2\/posts\/10489\/revisions"}],"predecessor-version":[{"id":10498,"href":"https:\/\/focotocantinense.com.br\/index.php?rest_route=\/wp\/v2\/posts\/10489\/revisions\/10498"}],"wp:featuredmedia":[{"embeddable":true,"href":"https:\/\/focotocantinense.com.br\/index.php?rest_route=\/wp\/v2\/media\/10490"}],"wp:attachment":[{"href":"https:\/\/focotocantinense.com.br\/index.php?rest_route=%2Fwp%2Fv2%2Fmedia&parent=10489"}],"wp:term":[{"taxonomy":"category","embeddable":true,"href":"https:\/\/focotocantinense.com.br\/index.php?rest_route=%2Fwp%2Fv2%2Fcategories&post=10489"},{"taxonomy":"post_tag","embeddable":true,"href":"https:\/\/focotocantinense.com.br\/index.php?rest_route=%2Fwp%2Fv2%2Ftags&post=10489"}],"curies":[{"name":"wp","href":"https:\/\/api.w.org\/{rel}","templated":true}]}}