{"id":10480,"date":"2025-05-31T11:48:03","date_gmt":"2025-05-31T14:48:03","guid":{"rendered":"https:\/\/focotocantinense.com.br\/?p=10480"},"modified":"2025-05-31T11:54:23","modified_gmt":"2025-05-31T14:54:23","slug":"formoso-do-araguaia-inaugura-sistema-de-videomonitoramento-e-da-exemplo-de-seguranca-cidada-no-tocantins","status":"publish","type":"post","link":"https:\/\/focotocantinense.com.br\/?p=10480","title":{"rendered":"Formoso do Araguaia inaugura sistema de videomonitoramento e d\u00e1 exemplo de seguran\u00e7a cidad\u00e3 no Tocantins"},"content":{"rendered":"\n<p><strong>Por Jonas Amaral<\/strong><\/p>\n\n\n\n<p>Formoso do Araguaia viveu um momento hist\u00f3rico na noite desta quinta-feira, 29 de maio, com a inaugura\u00e7\u00e3o oficial do sistema de videomonitoramento do munic\u00edpio. A solenidade aconteceu na C\u00e2mara Municipal e marcou o lan\u00e7amento do projeto&nbsp;<strong><em>\u201cCidade Monitorada, Popula\u00e7\u00e3o Protegida\u201d<\/em><\/strong><em>,<\/em>&nbsp;idealizado pelo Conselho de Seguran\u00e7a e Defesa Social (Conseg), com o apoio da Secretaria da Seguran\u00e7a P\u00fablica do Tocantins (SSP\/TO) e de diversas institui\u00e7\u00f5es p\u00fablicas e privadas.<\/p>\n\n\n\n<p><strong><em>C\u00e2meras em pontos estrat\u00e9gicos e abrang\u00eancia rural<\/em><\/strong><\/p>\n\n\n\n<p>O novo sistema de videomonitoramento foi implantado em locais com maior circula\u00e7\u00e3o de pessoas e vulnerabilidade, como pra\u00e7as, escolas, \u00f3rg\u00e3os p\u00fablicos, rodovias, institui\u00e7\u00f5es financeiras, eventos e \u00e1reas rurais. A iniciativa busca prevenir delitos, apoiar investiga\u00e7\u00f5es e aumentar a sensa\u00e7\u00e3o de seguran\u00e7a entre os moradores.<\/p>\n\n\n\n<p>Segundo o presidente do Conseg, Hilton Wagner Correia, o projeto nasceu da uni\u00e3o da comunidade, com contribui\u00e7\u00f5es diretas da popula\u00e7\u00e3o, do com\u00e9rcio local, do Judici\u00e1rio e da cooperativa Sicredi<em>. \u201cA maior parte das c\u00e2meras foi adquirida com recursos da pr\u00f3pria comunidade. \u00c9 um exemplo claro de que a uni\u00e3o faz a diferen\u00e7a\u201d,<\/em>&nbsp;afirmou o presidente da Conseg.<\/p>\n\n\n\n<p>Durante o evento, autoridades destacaram o papel da Pol\u00edcia Comunit\u00e1ria como pilar do projeto, que tem como base a coopera\u00e7\u00e3o entre o Estado e a sociedade. O delegado Ant\u00f4nio Gon\u00e7alves de Carvalho Neto, subdiretor da Diretoria de Pol\u00edcia Comunit\u00e1ria da SSP\/TO, refor\u00e7ou.<\/p>\n\n\n\n<p><em>\u201cNosso objetivo \u00e9 construir uma seguran\u00e7a p\u00fablica cidad\u00e3, com participa\u00e7\u00e3o social e estrat\u00e9gias conjuntas. A tecnologia est\u00e1 a servi\u00e7o da preven\u00e7\u00e3o e do fortalecimento das Pol\u00edcias Civil e Militar\u201d<\/em>, destacou o delegado Antonio Gon\u00e7alves<em>.<\/em><\/p>\n\n\n\n<figure class=\"wp-block-image size-full\"><img loading=\"lazy\" decoding=\"async\" width=\"883\" height=\"546\" src=\"https:\/\/focotocantinense.com.br\/wp-content\/uploads\/2025\/05\/WhatsApp-Image-2025-05-30-at-15.42.50-3.jpeg\" alt=\"\" class=\"wp-image-10481\" srcset=\"https:\/\/focotocantinense.com.br\/wp-content\/uploads\/2025\/05\/WhatsApp-Image-2025-05-30-at-15.42.50-3.jpeg 883w, https:\/\/focotocantinense.com.br\/wp-content\/uploads\/2025\/05\/WhatsApp-Image-2025-05-30-at-15.42.50-3-300x186.jpeg 300w, https:\/\/focotocantinense.com.br\/wp-content\/uploads\/2025\/05\/WhatsApp-Image-2025-05-30-at-15.42.50-3-768x475.jpeg 768w\" sizes=\"auto, (max-width: 883px) 100vw, 883px\" \/><\/figure>\n\n\n\n<p><\/p>\n\n\n\n<p><strong><em>SSP\/TO enaltece parceria e uso estrat\u00e9gico da tecnologia<\/em><\/strong><\/p>\n\n\n\n<p>Para o secret\u00e1rio da Seguran\u00e7a P\u00fablica, Bruno Azevedo, a implanta\u00e7\u00e3o do sistema \u00e9 resultado direto da integra\u00e7\u00e3o entre comunidade e institui\u00e7\u00f5es.<\/p>\n\n\n\n<p><em>\u201cEssa tecnologia amplia nossa capacidade de resposta, contribui com a investiga\u00e7\u00e3o criminal e atua na preven\u00e7\u00e3o. \u00c9 um passo fundamental para refor\u00e7ar a seguran\u00e7a e inspirar outras cidades\u201d,<\/em>&nbsp;enfatizou o Secret\u00e1rio.<\/p>\n\n\n\n<p>A solenidade contou ainda com a presen\u00e7a de representantes da Pol\u00edcia Civil, Pol\u00edcia Militar, Minist\u00e9rio P\u00fablico, Poder Judici\u00e1rio e C\u00e2mara Municipal. Ap\u00f3s os discursos, houve o descerramento simb\u00f3lico da placa de inaugura\u00e7\u00e3o do sistema, oficializando a opera\u00e7\u00e3o das c\u00e2meras em toda a cidade.<\/p>\n\n\n\n<p><img loading=\"lazy\" decoding=\"async\" src=\"https:\/\/portaldoamaral.com.br\/wp-content\/uploads\/2025\/05\/WhatsApp-Image-2025-05-30-at-15.42.50-2.jpeg\" alt=\"\" width=\"1086\" height=\"671\"><\/p>\n\n\n\n<p id=\"caption-attachment-168573\"><em><strong>O presidente do Conseg de Formoso, Hilton Wagner Corr\u00eaa, destacou que a entrega do videomonitoramento do munic\u00edpio \u00e9 um projeto constru\u00eddo coletivamente com foco na seguran\u00e7a da comunidade <\/strong><\/em><\/p>\n\n\n\n<p><strong><em>Prefeito refor\u00e7a foco na preven\u00e7\u00e3o, n\u00e3o em puni\u00e7\u00f5es<\/em><\/strong><\/p>\n\n\n\n<p>O&nbsp;<strong>prefeito de Formoso do Araguaia, Israel Kaw\u00ea<\/strong>, esclareceu que o sistema n\u00e3o ser\u00e1 utilizado para autua\u00e7\u00f5es de tr\u00e2nsito, mas sim como ferramenta de prote\u00e7\u00e3o coletiva.<\/p>\n\n\n\n<p><em>\u201cO foco \u00e9 seguran\u00e7a e preven\u00e7\u00e3o. Nosso munic\u00edpio \u00e9, possivelmente, um dos primeiros do Tocantins a contar com videomonitoramento urbano e em \u00e1rea de praia. Isso representa um avan\u00e7o real na prote\u00e7\u00e3o da nossa popula\u00e7\u00e3o\u201d,<\/em>&nbsp;comentou o prefeito<em>.<\/em><\/p>\n\n\n\n<p><strong><em>Estrutura e lideran\u00e7a<\/em><\/strong><\/p>\n\n\n\n<p>A Diretoria Executiva do Conselho de Seguran\u00e7a e Defesa Social de Formoso do Araguaia \u00e9 composta por representantes da sociedade civil organizada, Poder Judici\u00e1rio, agroneg\u00f3cio, com\u00e9rcio e for\u00e7as policiais. A estrutura favorece a gest\u00e3o compartilhada das a\u00e7\u00f5es e a transpar\u00eancia no uso dos recursos.<\/p>\n\n\n\n<p><img loading=\"lazy\" decoding=\"async\" src=\"https:\/\/portaldoamaral.com.br\/wp-content\/uploads\/2025\/05\/img_2135jpg-scaled.jpg\" alt=\"\" width=\"2560\" height=\"1707\" srcset=\"https:\/\/portaldoamaral.com.br\/wp-content\/uploads\/2025\/05\/img_2135jpg-scaled.jpg 2560w, https:\/\/portaldoamaral.com.br\/wp-content\/uploads\/2025\/05\/img_2135jpg-1400x933.jpg 1400w, https:\/\/portaldoamaral.com.br\/wp-content\/uploads\/2025\/05\/img_2135jpg-768x512.jpg 768w, https:\/\/portaldoamaral.com.br\/wp-content\/uploads\/2025\/05\/img_2135jpg-1536x1024.jpg 1536w, https:\/\/portaldoamaral.com.br\/wp-content\/uploads\/2025\/05\/img_2135jpg-2048x1365.jpg 2048w\"><\/p>\n\n\n\n<p id=\"caption-attachment-168576\"><em><strong>O prefeito de Formoso do Araguaia, Israel Borges, pontuou que o principal benef\u00edcio do sistema de videomonitoramento \u00e9 a preven\u00e7\u00e3o \u2013 Larissa Mendes\/Governo do Tocantins<\/strong><\/em><\/p>\n\n\n\n<p><strong><em>Composi\u00e7\u00e3o do Conseg:<\/em><\/strong><\/p>\n\n\n\n<p><strong><em>\ud83d\udc49 Presidente:<\/em><\/strong><em>&nbsp;Hilton Wagner Correia (CDL \u2013 SPC Brasil)<\/em><\/p>\n\n\n\n<p><strong><em>\ud83d\udc49 Vice-Presidente:<\/em><\/strong><em>&nbsp;Rivadavia Postilho Fonseca (Entidade civil)<\/em>  <\/p>\n\n\n\n<p><strong><em>\ud83d\udc49 1\u00ba Secret\u00e1rio:<\/em><\/strong><em>&nbsp;Valeria Rodrigues Bandeira (Minist\u00e9rio P\u00fablico)<\/em><\/p>\n\n\n\n<p><strong><em>\ud83d\udc49 2\u00ba Secret\u00e1rio:<\/em><\/strong><em>&nbsp;Sin\u00e1ria Ribeiro Aguiar (Empres\u00e1ria)<\/em><\/p>\n\n\n\n<p><strong><em>\ud83d\udc49 1\u00ba Tesoureiro:<\/em><\/strong><em>&nbsp;Vilson Silva Nogueira (Agroneg\u00f3cio)<\/em><\/p>\n\n\n\n<p><strong><em>\ud83d\udc49 2\u00ba Tesoureiro:<\/em><\/strong><em>&nbsp;Geany Francisca Bandeira Pinheiro (Judici\u00e1rio)<\/em><\/p>\n\n\n\n<p><strong><em>Conselho Fiscal:<\/em><\/strong><\/p>\n\n\n\n<p><em>\ud83d\udc49 Ivan Moreira da Silva Junior (CDL \u2013 SPC Brasil)<\/em><\/p>\n\n\n\n<p><em>\ud83d\udc49 Maykon Antero (Gerente Sicredi)<\/em><\/p>\n\n\n\n<p><em>\ud83d\udc49 Edmislon Rodrigues Santos (Diretor Estadual)<\/em><\/p>\n\n\n\n<p><em>\ud83d\udc49 Jos\u00e9 Lu\u00eds Ven\u00e2ncio Corr\u00eaa (Agroneg\u00f3cio)<\/em><\/p>\n\n\n\n<p><strong><em>Membros Natos:<\/em><\/strong><\/p>\n\n\n\n<p><strong><em>\ud83d\udc49 Pol\u00edcia Civil:<\/em><\/strong><em>&nbsp;Delegada Thuanny R\u00fabia e escriv\u00e3o Eleurivan Am\u00e9rico Vieira<\/em><\/p>\n\n\n\n<p><strong><em>\ud83d\udc49 Pol\u00edcia Militar:<\/em><\/strong><em>&nbsp;Major Hilke Dias Rodrigues (Comandante da 3\u00aa CIA\/4\u00ba BPM).<\/em><\/p>\n\n\n\n<figure class=\"wp-block-image\"><img decoding=\"async\" src=\"https:\/\/portaldoamaral.com.br\/wp-content\/uploads\/2025\/05\/WhatsApp-Image-2025-05-30-at-15.42.50.jpeg\" alt=\"\" class=\"wp-image-168575\"\/><\/figure>\n\n\n\n<p id=\"caption-attachment-168575\"><em>Secret\u00e1rio Bruno Azevedo ressaltou que a instala\u00e7\u00e3o do sistema de videomonitoramento \u00e9 resultado direto da integra\u00e7\u00e3o entre a comunidade, o poder p\u00fablico e as for\u00e7as de seguran\u00e7a \u2013 Larissa Mendes\/Governo do Tocantins<\/em><\/p>\n\n\n\n<p><strong><em>Um marco para a seguran\u00e7a p\u00fablica tocantinense<\/em><\/strong><\/p>\n\n\n\n<p>Com mais de&nbsp;<strong>39 Consegs ativos em todo o estado<\/strong>, incluindo quatro em Palmas, a Diretoria de Pol\u00edcia Comunit\u00e1ria da SSP\/TO busca fortalecer o protagonismo social na constru\u00e7\u00e3o de pol\u00edticas p\u00fablicas de seguran\u00e7a. O projeto \u201cCidade Monitorada, Popula\u00e7\u00e3o Protegida\u201d se consolida como um&nbsp;<strong>modelo de gest\u00e3o participativa<\/strong>, onde a comunidade n\u00e3o \u00e9 apenas observadora, mas protagonista na promo\u00e7\u00e3o de um ambiente mais seguro.<\/p>\n\n\n\n<p><strong><em>Encerramento<\/em><\/strong><\/p>\n\n\n\n<p>A cerim\u00f4nia foi conclu\u00edda com a fala do secret\u00e1rio Bruno Azevedo.&nbsp;<em>\u201cA Secretaria da Seguran\u00e7a P\u00fablica reafirma seu compromisso com iniciativas que promovam a valoriza\u00e7\u00e3o da vida, a prote\u00e7\u00e3o social e o fortalecimento da parceria entre institui\u00e7\u00f5es e popula\u00e7\u00e3o\u201d,<\/em>&nbsp;destacou<em>.<\/em><\/p>\n\n\n\n<p>A experi\u00eancia de Formoso do Araguaia mostra que&nbsp;<strong>seguran\u00e7a p\u00fablica se faz com di\u00e1logo, uni\u00e3o, estrat\u00e9gia e tecnologia a servi\u00e7o do bem comum<\/strong>.<\/p>\n\n\n<div class=\"wp-block-image\">\n<figure class=\"aligncenter is-resized\"><img decoding=\"async\" src=\"https:\/\/portaldoamaral.com.br\/wp-content\/uploads\/2025\/05\/WhatsApp-Image-2025-05-30-at-15.42.50-1.jpeg\" alt=\"\" class=\"wp-image-168574\" style=\"width:840px;height:auto\"\/><\/figure>\n<\/div>\n\n\n<p><\/p>\n\n\n\n<figure class=\"wp-block-gallery has-nested-images columns-default is-cropped wp-block-gallery-1 is-layout-flex wp-block-gallery-is-layout-flex\">\n<figure class=\"wp-block-image size-large\"><img loading=\"lazy\" decoding=\"async\" width=\"727\" height=\"184\" data-id=\"10408\" src=\"https:\/\/focotocantinense.com.br\/wp-content\/uploads\/2025\/05\/SHOW-DE-HUMOR-DE-VINICIUS-MARTINS-2.jpeg\" alt=\"\" class=\"wp-image-10408\" srcset=\"https:\/\/focotocantinense.com.br\/wp-content\/uploads\/2025\/05\/SHOW-DE-HUMOR-DE-VINICIUS-MARTINS-2.jpeg 727w, https:\/\/focotocantinense.com.br\/wp-content\/uploads\/2025\/05\/SHOW-DE-HUMOR-DE-VINICIUS-MARTINS-2-300x76.jpeg 300w\" sizes=\"auto, (max-width: 727px) 100vw, 727px\" \/><\/figure>\n<\/figure>\n","protected":false},"excerpt":{"rendered":"<p>Por Jonas Amaral Formoso do Araguaia viveu um momento hist\u00f3rico na noite desta quinta-feira, 29 de maio, com a inaugura\u00e7\u00e3o oficial do sistema de videomonitoramento do munic\u00edpio. A solenidade aconteceu na C\u00e2mara Municipal e marcou o lan\u00e7amento do projeto&nbsp;\u201cCidade Monitorada, Popula\u00e7\u00e3o Protegida\u201d,&nbsp;idealizado pelo Conselho de Seguran\u00e7a e Defesa Social (Conseg), com o apoio da Secretaria &hellip;<\/p>\n","protected":false},"author":5,"featured_media":10481,"comment_status":"open","ping_status":"open","sticky":false,"template":"","format":"standard","meta":{"footnotes":""},"categories":[51],"tags":[],"class_list":["post-10480","post","type-post","status-publish","format-standard","has-post-thumbnail","","category-formoso-do-araguaia"],"_links":{"self":[{"href":"https:\/\/focotocantinense.com.br\/index.php?rest_route=\/wp\/v2\/posts\/10480","targetHints":{"allow":["GET"]}}],"collection":[{"href":"https:\/\/focotocantinense.com.br\/index.php?rest_route=\/wp\/v2\/posts"}],"about":[{"href":"https:\/\/focotocantinense.com.br\/index.php?rest_route=\/wp\/v2\/types\/post"}],"author":[{"embeddable":true,"href":"https:\/\/focotocantinense.com.br\/index.php?rest_route=\/wp\/v2\/users\/5"}],"replies":[{"embeddable":true,"href":"https:\/\/focotocantinense.com.br\/index.php?rest_route=%2Fwp%2Fv2%2Fcomments&post=10480"}],"version-history":[{"count":5,"href":"https:\/\/focotocantinense.com.br\/index.php?rest_route=\/wp\/v2\/posts\/10480\/revisions"}],"predecessor-version":[{"id":10487,"href":"https:\/\/focotocantinense.com.br\/index.php?rest_route=\/wp\/v2\/posts\/10480\/revisions\/10487"}],"wp:featuredmedia":[{"embeddable":true,"href":"https:\/\/focotocantinense.com.br\/index.php?rest_route=\/wp\/v2\/media\/10481"}],"wp:attachment":[{"href":"https:\/\/focotocantinense.com.br\/index.php?rest_route=%2Fwp%2Fv2%2Fmedia&parent=10480"}],"wp:term":[{"taxonomy":"category","embeddable":true,"href":"https:\/\/focotocantinense.com.br\/index.php?rest_route=%2Fwp%2Fv2%2Fcategories&post=10480"},{"taxonomy":"post_tag","embeddable":true,"href":"https:\/\/focotocantinense.com.br\/index.php?rest_route=%2Fwp%2Fv2%2Ftags&post=10480"}],"curies":[{"name":"wp","href":"https:\/\/api.w.org\/{rel}","templated":true}]}}