{"id":10477,"date":"2025-05-31T11:28:43","date_gmt":"2025-05-31T14:28:43","guid":{"rendered":"https:\/\/focotocantinense.com.br\/?p=10477"},"modified":"2025-05-31T11:28:44","modified_gmt":"2025-05-31T14:28:44","slug":"com-gestao-eficiente-prefeito-wada-maestro-garante-novas-conquistas-para-sao-valerio-e-reforca-apoio-ao-homem-do-campo","status":"publish","type":"post","link":"https:\/\/focotocantinense.com.br\/?p=10477","title":{"rendered":"Com gest\u00e3o eficiente, Prefeito Wada Maestro garante novas conquistas para S\u00e3o Val\u00e9rio e refor\u00e7a apoio ao homem do campo"},"content":{"rendered":"\n<p><strong>Por Jonas Amaral<\/strong><\/p>\n\n\n\n<p>O munic\u00edpio de S\u00e3o Val\u00e9rio celebrou, recentemente, mais uma importante conquista: a chegada de um trator John Deere de 90 cavalos com grade agr\u00edcola. Os equipamentos foram adquiridos por meio de emenda parlamentar da bancada federal, viabilizada pelo prefeito Wada Maestro, e ser\u00e3o utilizados para atender diretamente aos pequenos produtores da regi\u00e3o, que h\u00e1 tempos aguardavam suporte t\u00e9cnico para melhorar a produtividade no campo.<\/p>\n\n\n\n<figure class=\"wp-block-image size-full\"><img loading=\"lazy\" decoding=\"async\" width=\"347\" height=\"284\" src=\"https:\/\/focotocantinense.com.br\/wp-content\/uploads\/2025\/05\/IMG-20250531-WA0235.jpg\" alt=\"\" class=\"wp-image-10478\" srcset=\"https:\/\/focotocantinense.com.br\/wp-content\/uploads\/2025\/05\/IMG-20250531-WA0235.jpg 347w, https:\/\/focotocantinense.com.br\/wp-content\/uploads\/2025\/05\/IMG-20250531-WA0235-300x246.jpg 300w\" sizes=\"auto, (max-width: 347px) 100vw, 347px\" \/><\/figure>\n\n\n\n<p><\/p>\n\n\n\n<p><strong><em>Refor\u00e7o \u00e0s secretarias e impulso \u00e0 economia local<\/em><\/strong><\/p>\n\n\n\n<p>A nova aquisi\u00e7\u00e3o fortalece as a\u00e7\u00f5es das Secretarias Municipais de Agricultura e de Meio Ambiente, ampliando a estrutura dispon\u00edvel para os servi\u00e7os voltados \u00e0 zona rural. O investimento representa n\u00e3o apenas um refor\u00e7o log\u00edstico, mas tamb\u00e9m um passo importante no fortalecimento de uma pol\u00edtica p\u00fablica voltada ao desenvolvimento rural e sustent\u00e1vel, gerando impactos positivos na economia local.<\/p>\n\n\n\n<p><strong><em>Gest\u00e3o focada em resultados e moderniza\u00e7\u00e3o<\/em><\/strong><\/p>\n\n\n\n<p>Mesmo enfrentando limita\u00e7\u00f5es or\u00e7ament\u00e1rias, o prefeito Wada Maestro tem demonstrado compromisso com a moderniza\u00e7\u00e3o da estrutura p\u00fablica municipal. A renova\u00e7\u00e3o do maquin\u00e1rio, segundo ele, faz parte de uma estrat\u00e9gia que busca oferecer servi\u00e7os mais eficientes, humanizados e transparentes, valorizando cada setor da administra\u00e7\u00e3o.<\/p>\n\n\n\n<p><strong><em>Prefeito reafirma compromisso com a comunidade<\/em><\/strong><\/p>\n\n\n\n<p>Durante a entrega do novo trator, o prefeito destacou.&nbsp;<em>\u201cMuitas vezes, quando a gente sai do munic\u00edpio, \u00e9 em busca de melhorias, de emendas, de recursos para o nosso povo. Hoje, S\u00e3o Val\u00e9rio recebe uma m\u00e1quina nova com grade, e isso \u00e9 motivo de alegria. Pe\u00e7o apenas um pouco de tempo, mas tenham certeza de que vou entregar uma S\u00e3o Val\u00e9rio nova para a nossa comunidade.\u201d<\/em><\/p>\n\n\n\n<p><strong><em>Renova\u00e7\u00e3o da frota para atender melhor a popula\u00e7\u00e3o<\/em><\/strong><\/p>\n\n\n\n<p>Wada Maestro explicou que a renova\u00e7\u00e3o dos equipamentos \u00e9 fundamental para atender com qualidade os moradores da zona rural.&nbsp;<em>\u201cMuitas vezes, n\u00e3o \u00e9 por falta de vontade que a comunidade n\u00e3o \u00e9 atendida, mas porque os equipamentos antigos n\u00e3o aguentam mais o servi\u00e7o. Com m\u00e1quinas novas, a prioridade \u00e9 o povo \u2014 e \u00e9 isso que estamos colocando em pr\u00e1tica\u201d,<\/em>&nbsp;afirmou.<\/p>\n\n\n\n<p><strong><em>Mais investimentos est\u00e3o a caminho<\/em><\/strong><\/p>\n\n\n\n<p>Al\u00e9m do trator e da grade, o prefeito tamb\u00e9m anunciou a conquista de uma caminhonete nova para a Assist\u00eancia Social, viabilizada com o apoio da senadora Dorinha, do senador Eduardo Gomes e do deputado estadual Jair Farias. A primeira-dama, que tamb\u00e9m se dedica intensamente ao munic\u00edpio, j\u00e1 recebeu o ve\u00edculo, que fortalecer\u00e1 os atendimentos sociais na cidade.<\/p>\n\n\n\n<p><strong><em>Articula\u00e7\u00e3o, presen\u00e7a e incans\u00e1vel dedica\u00e7\u00e3o<\/em><\/strong><\/p>\n\n\n\n<p>Por fim, o prefeito refor\u00e7ou sua postura ativa e determinada na busca por melhorias.&nbsp;<em>\u201cTemos uma equipe competente e secret\u00e1rios comprometidos, mas buscar recursos exige articula\u00e7\u00e3o, presen\u00e7a e esfor\u00e7o. Enquanto eu n\u00e3o ver a minha S\u00e3o Val\u00e9rio do jeito que eu sonho, eu n\u00e3o vou parar. Contem comigo. Vamos juntos construir uma S\u00e3o Val\u00e9rio cada vez melhor\u201d,<\/em>&nbsp;finalizou.<\/p>\n\n\n\n<figure class=\"wp-block-image size-full is-resized\"><img loading=\"lazy\" decoding=\"async\" width=\"727\" height=\"184\" src=\"https:\/\/focotocantinense.com.br\/wp-content\/uploads\/2025\/05\/SHOW-DE-HUMOR-DE-VINICIUS-MARTINS-2.jpeg\" alt=\"\" class=\"wp-image-10408\" style=\"width:840px;height:auto\" srcset=\"https:\/\/focotocantinense.com.br\/wp-content\/uploads\/2025\/05\/SHOW-DE-HUMOR-DE-VINICIUS-MARTINS-2.jpeg 727w, https:\/\/focotocantinense.com.br\/wp-content\/uploads\/2025\/05\/SHOW-DE-HUMOR-DE-VINICIUS-MARTINS-2-300x76.jpeg 300w\" sizes=\"auto, (max-width: 727px) 100vw, 727px\" \/><\/figure>\n","protected":false},"excerpt":{"rendered":"<p>Por Jonas Amaral O munic\u00edpio de S\u00e3o Val\u00e9rio celebrou, recentemente, mais uma importante conquista: a chegada de um trator John Deere de 90 cavalos com grade agr\u00edcola. Os equipamentos foram adquiridos por meio de emenda parlamentar da bancada federal, viabilizada pelo prefeito Wada Maestro, e ser\u00e3o utilizados para atender diretamente aos pequenos produtores da regi\u00e3o, &hellip;<\/p>\n","protected":false},"author":5,"featured_media":10478,"comment_status":"open","ping_status":"open","sticky":false,"template":"","format":"standard","meta":{"footnotes":""},"categories":[1],"tags":[],"class_list":["post-10477","post","type-post","status-publish","format-standard","has-post-thumbnail","","category-sem-categoria"],"_links":{"self":[{"href":"https:\/\/focotocantinense.com.br\/index.php?rest_route=\/wp\/v2\/posts\/10477","targetHints":{"allow":["GET"]}}],"collection":[{"href":"https:\/\/focotocantinense.com.br\/index.php?rest_route=\/wp\/v2\/posts"}],"about":[{"href":"https:\/\/focotocantinense.com.br\/index.php?rest_route=\/wp\/v2\/types\/post"}],"author":[{"embeddable":true,"href":"https:\/\/focotocantinense.com.br\/index.php?rest_route=\/wp\/v2\/users\/5"}],"replies":[{"embeddable":true,"href":"https:\/\/focotocantinense.com.br\/index.php?rest_route=%2Fwp%2Fv2%2Fcomments&post=10477"}],"version-history":[{"count":1,"href":"https:\/\/focotocantinense.com.br\/index.php?rest_route=\/wp\/v2\/posts\/10477\/revisions"}],"predecessor-version":[{"id":10479,"href":"https:\/\/focotocantinense.com.br\/index.php?rest_route=\/wp\/v2\/posts\/10477\/revisions\/10479"}],"wp:featuredmedia":[{"embeddable":true,"href":"https:\/\/focotocantinense.com.br\/index.php?rest_route=\/wp\/v2\/media\/10478"}],"wp:attachment":[{"href":"https:\/\/focotocantinense.com.br\/index.php?rest_route=%2Fwp%2Fv2%2Fmedia&parent=10477"}],"wp:term":[{"taxonomy":"category","embeddable":true,"href":"https:\/\/focotocantinense.com.br\/index.php?rest_route=%2Fwp%2Fv2%2Fcategories&post=10477"},{"taxonomy":"post_tag","embeddable":true,"href":"https:\/\/focotocantinense.com.br\/index.php?rest_route=%2Fwp%2Fv2%2Ftags&post=10477"}],"curies":[{"name":"wp","href":"https:\/\/api.w.org\/{rel}","templated":true}]}}