{"id":10467,"date":"2025-05-30T21:39:08","date_gmt":"2025-05-31T00:39:08","guid":{"rendered":"https:\/\/focotocantinense.com.br\/?p=10467"},"modified":"2025-06-06T15:23:03","modified_gmt":"2025-06-06T18:23:03","slug":"marcia-wayna-kambeba-leva-a-forca-dos-povos-originarios-ao-ii-congresso-brasileiro-de-jornalistas-e-comunicadores-de-turismo-em-belem","status":"publish","type":"post","link":"https:\/\/focotocantinense.com.br\/?p=10467","title":{"rendered":"M\u00e1rcia Wayna Kambeba leva a for\u00e7a dos povos origin\u00e1rios ao II Congresso Brasileiro de Jornalistas e Comunicadores de Turismo em Bel\u00e9m"},"content":{"rendered":"\n<p><strong>Por Gilberto Silva e Zacarias Martins<\/strong><\/p>\n\n\n\n<p>De 10 a 15 de junho, Bel\u00e9m do Par\u00e1 ser\u00e1 o centro das aten\u00e7\u00f5es ao sediar o II Congresso Brasileiro de Jornalistas e Comunicadores de Turismo. Com o tema &#8220;<strong>Sustentabilidade tamb\u00e9m se faz com informa\u00e7\u00e3o<\/strong>&#8220;, o evento reunir\u00e1 mais de 120 profissionais da comunica\u00e7\u00e3o para debater pr\u00e1ticas sustent\u00e1veis no turismo e o papel da m\u00eddia na conscientiza\u00e7\u00e3o ambiental.<\/p>\n\n\n\n<p>Um dos atra\u00e7\u00f5es que vai abrilhantar o II Congresso, organizado pela Febtur Nacional e Febtur-PA ser\u00e1 o &#8220;<strong>Momento Falas da Floresta<\/strong>&#8220;, conduzido por M\u00e1rcia Wayna Kambeba, que \u00e9 etnolinguista, poeta, cantora, compositora e ativista ind\u00edgena do povo Om\u00e1gua\/Kambeba. O momento ter\u00e1 a presen\u00e7a de m\u00fasicos e ser\u00e1 uma imers\u00e3o na realidade dos povos origin\u00e1rios a partir de um recorte da cultura, combinando sons, imagens e poesias impactantes, com as \u201cVozes dos povos da floresta\u201d, para sensibilizar o p\u00fablico sobre a import\u00e2ncia da preserva\u00e7\u00e3o cultural e ambiental.<\/p>\n\n\n\n<p><strong>Quem \u00e9 M\u00e1rcia Wayna Kambeba?<\/strong><\/p>\n\n\n\n<figure class=\"wp-block-image is-resized\"><img decoding=\"async\" src=\"https:\/\/blogger.googleusercontent.com\/img\/b\/R29vZ2xl\/AVvXsEgxkdvMyB8NnN1g1HNlbNicmT78Y2ZqQEMUdlSsGx_e_4oGNQ9c_7O1SaZ6eTdfBARKXdXq-8IwY7Atj9tbMFY6HyCPTVl7uQmATjhzRRdnVLhRdATTSohiRd88B3LXOWSnI3jWj8trVVxnwk1VftUNc6G1CZAFi9oEWNvTd4pFkw7iXYWqq3NN_72W6RDh\/s320-rw\/M%C3%A1rcia%20Kambeba1.jpg\" alt=\"\" style=\"width:410px;height:auto\"\/><\/figure>\n\n\n\n<p><\/p>\n\n\n\n<p>Nascida na aldeia Bel\u00e9m do Solim\u00f5es, no Amazonas, M\u00e1rcia \u00e9 mestre em Geografia pela Universidade Federal do Amazonas e doutoranda em Lingu\u00edstica pela Universidade Federal do Par\u00e1. Sua trajet\u00f3ria \u00e9 marcada pelo ativismo em defesa dos direitos ind\u00edgenas e pela valoriza\u00e7\u00e3o da cultura ancestral. Em 2021, tornou-se a primeira ind\u00edgena a ocupar o cargo de Ouvidora Geral da Prefeitura de Bel\u00e9m, integrando o primeiro escal\u00e3o do governo municipal.<\/p>\n\n\n\n<figure class=\"wp-block-image size-full is-resized\"><img loading=\"lazy\" decoding=\"async\" width=\"722\" height=\"92\" src=\"https:\/\/focotocantinense.com.br\/wp-content\/uploads\/2025\/05\/Regua-de-patrocinio-Atualizado.pdf.jpg\" alt=\"\" class=\"wp-image-10510\" style=\"width:840px;height:auto\" srcset=\"https:\/\/focotocantinense.com.br\/wp-content\/uploads\/2025\/05\/Regua-de-patrocinio-Atualizado.pdf.jpg 722w, https:\/\/focotocantinense.com.br\/wp-content\/uploads\/2025\/05\/Regua-de-patrocinio-Atualizado.pdf-300x38.jpg 300w\" sizes=\"auto, (max-width: 722px) 100vw, 722px\" \/><\/figure>\n\n\n\n<p>Como escritora, publicou obras como&nbsp;<em>Ay Kakyri Tama<\/em>&nbsp;\u2013 Eu moro na cidade,&nbsp;<em>Saberes da Floresta<\/em>&nbsp;e&nbsp;<em>Kumi\u00e7a Jen\u00f3<\/em>: Narrativas Po\u00e9ticas dos Seres da Floresta, esta \u00faltima em parceria com seu filho Carlos, que ilustrou o livro. Sua poesia, influenciada pela literatura de cordel, aborda temas como identidade, territorialidade e os desafios enfrentados pelos povos ind\u00edgenas nas cidades.<\/p>\n\n\n\n<figure class=\"wp-block-image size-full is-resized\"><img loading=\"lazy\" decoding=\"async\" width=\"780\" height=\"586\" src=\"https:\/\/focotocantinense.com.br\/wp-content\/uploads\/2025\/05\/aaaaaaaaaaaaaaaa.jpg\" alt=\"\" class=\"wp-image-10468\" style=\"width:840px;height:auto\" srcset=\"https:\/\/focotocantinense.com.br\/wp-content\/uploads\/2025\/05\/aaaaaaaaaaaaaaaa.jpg 780w, https:\/\/focotocantinense.com.br\/wp-content\/uploads\/2025\/05\/aaaaaaaaaaaaaaaa-300x225.jpg 300w, https:\/\/focotocantinense.com.br\/wp-content\/uploads\/2025\/05\/aaaaaaaaaaaaaaaa-768x577.jpg 768w\" sizes=\"auto, (max-width: 780px) 100vw, 780px\" \/><\/figure>\n\n\n\n<p><\/p>\n\n\n\n<p><strong>O Congresso e a COP 30<\/strong><\/p>\n\n\n\n<p>A realiza\u00e7\u00e3o do congresso em Bel\u00e9m ganha ainda mais relev\u00e2ncia neste ano, em que a cidade se prepara para sediar a Confer\u00eancia das Na\u00e7\u00f5es Unidas sobre o Clima \u2013 COP 30. O evento ser\u00e1 uma oportunidade para discutir estrat\u00e9gias de comunica\u00e7\u00e3o que promovam um turismo sustent\u00e1vel e valorizem a Amaz\u00f4nia, colocando o Par\u00e1 nas manchetes de todo o mundo.<\/p>\n\n\n\n<p>Al\u00e9m de M\u00e1rcia Kambeba, o congresso contar\u00e1 com a presen\u00e7a de diversos palestrantes e especialistas que abordar\u00e3o temas relacionados \u00e0 sustentabilidade, cultura e turismo respons\u00e1vel. A programa\u00e7\u00e3o completa e as inscri\u00e7\u00f5es est\u00e3o dispon\u00edveis no site oficial do evento. (<a href=\"https:\/\/febtur.org.br\/ii-congresso-febtur\/\">https:\/\/febtur.org.br\/ii-congresso-febtur\/<\/a>)<\/p>\n\n\n\n<p>Se voc\u00ea \u00e9 jornalista, estudante, comunicador ou algu\u00e9m que acredita no poder transformador do turismo sustent\u00e1vel, Bel\u00e9m te espera em junho para um encontro hist\u00f3rico. Participe e ajude a escrever um novo cap\u00edtulo para o turismo brasileiro.<\/p>\n\n\n\n<figure class=\"wp-block-image is-resized\"><img decoding=\"async\" src=\"https:\/\/blogger.googleusercontent.com\/img\/b\/R29vZ2xl\/AVvXsEjGSrRLekF2OSdzGw99rtXFTv9dTgk8EkxVXaRT4WAHC3aTvjaoKj4-cdeSrg9Xpze4cCQkBNRyXyK_IjWhdUQ0WtbRVnPYiGEopTw0cRULDcepG6zMSq84HyrROleFu48mvLOjUsF9xhyklSGD-xJ_sfC-FEmqT6a4Q-YDCq7iKOtujFVYFbnWOvu3NX2r\/w327-h217-rw\/M%C3%A1rcia%20Kambela.jpg\" alt=\"\" style=\"width:840px;height:auto\"\/><\/figure>\n\n\n\n<p><\/p>\n\n\n\n<p><strong>Obras de M\u00e1rcia Wayna Kambeba<\/strong><\/p>\n\n\n\n<p><strong>Ay Kakyri Tama \u2013 Eu moro na cidade-Uma colet\u00e2nea de poemas que retratam a viv\u00eancia ind\u00edgena nas cidades, abordando quest\u00f5es de identidade e pertencimento.<\/strong><\/p>\n\n\n\n<p><strong>Saberes da Floresta<\/strong>-Reflex\u00f5es sobre os conhecimentos ancestrais dos povos da floresta e sua rela\u00e7\u00e3o com a sustentabilidade.<\/p>\n\n\n\n<p><strong>Kumi\u00e7a Jen\u00f3: Narrativas Po\u00e9ticas dos Seres da Floresta<\/strong>-Hist\u00f3rias po\u00e9ticas sobre os seres m\u00edticos da floresta, ilustradas por seu filho Carlos. Essas obras est\u00e3o dispon\u00edveis em livrarias especializadas e plataformas online.<\/p>\n\n\n\n<p><em><strong>(*Informa\u00e7\u00f5es da escritora e ativista M\u00e1rcia Kambeba do Wikip\u00e9dia, Ag\u00eancia Cenarium).<\/strong><\/em><\/p>\n\n\n\n<figure class=\"wp-block-image size-full\"><img loading=\"lazy\" decoding=\"async\" width=\"664\" height=\"208\" src=\"https:\/\/focotocantinense.com.br\/wp-content\/uploads\/2025\/05\/para-turismo-1.jpeg\" alt=\"\" class=\"wp-image-10471\" srcset=\"https:\/\/focotocantinense.com.br\/wp-content\/uploads\/2025\/05\/para-turismo-1.jpeg 664w, https:\/\/focotocantinense.com.br\/wp-content\/uploads\/2025\/05\/para-turismo-1-300x94.jpeg 300w, https:\/\/focotocantinense.com.br\/wp-content\/uploads\/2025\/05\/para-turismo-1-660x208.jpeg 660w\" sizes=\"auto, (max-width: 664px) 100vw, 664px\" \/><\/figure>\n\n\n\n<p><\/p>\n\n\n\n<figure class=\"wp-block-image size-full is-resized\"><img loading=\"lazy\" decoding=\"async\" width=\"727\" height=\"184\" src=\"https:\/\/focotocantinense.com.br\/wp-content\/uploads\/2025\/05\/SHOW-DE-HUMOR-DE-VINICIUS-MARTINS-2.jpeg\" alt=\"\" class=\"wp-image-10408\" style=\"width:840px;height:auto\" srcset=\"https:\/\/focotocantinense.com.br\/wp-content\/uploads\/2025\/05\/SHOW-DE-HUMOR-DE-VINICIUS-MARTINS-2.jpeg 727w, https:\/\/focotocantinense.com.br\/wp-content\/uploads\/2025\/05\/SHOW-DE-HUMOR-DE-VINICIUS-MARTINS-2-300x76.jpeg 300w\" sizes=\"auto, (max-width: 727px) 100vw, 727px\" \/><\/figure>\n","protected":false},"excerpt":{"rendered":"<p>Por Gilberto Silva e Zacarias Martins De 10 a 15 de junho, Bel\u00e9m do Par\u00e1 ser\u00e1 o centro das aten\u00e7\u00f5es ao sediar o II Congresso Brasileiro de Jornalistas e Comunicadores de Turismo. Com o tema &#8220;Sustentabilidade tamb\u00e9m se faz com informa\u00e7\u00e3o&#8220;, o evento reunir\u00e1 mais de 120 profissionais da comunica\u00e7\u00e3o para debater pr\u00e1ticas sustent\u00e1veis no &hellip;<\/p>\n","protected":false},"author":5,"featured_media":10468,"comment_status":"open","ping_status":"open","sticky":false,"template":"","format":"standard","meta":{"footnotes":""},"categories":[1],"tags":[],"class_list":["post-10467","post","type-post","status-publish","format-standard","has-post-thumbnail","","category-sem-categoria"],"_links":{"self":[{"href":"https:\/\/focotocantinense.com.br\/index.php?rest_route=\/wp\/v2\/posts\/10467","targetHints":{"allow":["GET"]}}],"collection":[{"href":"https:\/\/focotocantinense.com.br\/index.php?rest_route=\/wp\/v2\/posts"}],"about":[{"href":"https:\/\/focotocantinense.com.br\/index.php?rest_route=\/wp\/v2\/types\/post"}],"author":[{"embeddable":true,"href":"https:\/\/focotocantinense.com.br\/index.php?rest_route=\/wp\/v2\/users\/5"}],"replies":[{"embeddable":true,"href":"https:\/\/focotocantinense.com.br\/index.php?rest_route=%2Fwp%2Fv2%2Fcomments&post=10467"}],"version-history":[{"count":6,"href":"https:\/\/focotocantinense.com.br\/index.php?rest_route=\/wp\/v2\/posts\/10467\/revisions"}],"predecessor-version":[{"id":10511,"href":"https:\/\/focotocantinense.com.br\/index.php?rest_route=\/wp\/v2\/posts\/10467\/revisions\/10511"}],"wp:featuredmedia":[{"embeddable":true,"href":"https:\/\/focotocantinense.com.br\/index.php?rest_route=\/wp\/v2\/media\/10468"}],"wp:attachment":[{"href":"https:\/\/focotocantinense.com.br\/index.php?rest_route=%2Fwp%2Fv2%2Fmedia&parent=10467"}],"wp:term":[{"taxonomy":"category","embeddable":true,"href":"https:\/\/focotocantinense.com.br\/index.php?rest_route=%2Fwp%2Fv2%2Fcategories&post=10467"},{"taxonomy":"post_tag","embeddable":true,"href":"https:\/\/focotocantinense.com.br\/index.php?rest_route=%2Fwp%2Fv2%2Ftags&post=10467"}],"curies":[{"name":"wp","href":"https:\/\/api.w.org\/{rel}","templated":true}]}}