{"id":10456,"date":"2025-05-30T21:06:48","date_gmt":"2025-05-31T00:06:48","guid":{"rendered":"https:\/\/focotocantinense.com.br\/?p=10456"},"modified":"2025-05-30T21:13:50","modified_gmt":"2025-05-31T00:13:50","slug":"projeto-cuidar-tem-nova-etapa-com-atendimento-psiquiatrico-para-servidores","status":"publish","type":"post","link":"https:\/\/focotocantinense.com.br\/?p=10456","title":{"rendered":"Projeto Cuidar tem nova etapa com atendimento psiqui\u00e1trico para servidores"},"content":{"rendered":"\n<h1 class=\"wp-block-heading\">&nbsp;<\/h1>\n\n\n\n<p>Promover o bem-estar emocional dos servidores da Sa\u00fade \u00e9 um compromisso que continua firme em Gurupi. Por isso, a Secretaria Municipal de Sa\u00fade est\u00e1 dando continuidade ao Projeto Cuidar \u2013 Humanizando Rela\u00e7\u00f5es, que agora entra em uma nova etapa: nesta semana, foi iniciado o atendimento exclusivo com psiquiatra voltado aos servidores da sa\u00fade do munic\u00edpio.<\/p>\n\n\n\n<p><br>O projeto, que teve in\u00edcio em janeiro de 2025, tem como objetivo cuidar de quem cuida, oferecendo suporte emocional, psicol\u00f3gico e de desenvolvimento humano aos profissionais da rede municipal de sa\u00fade. A primeira fase do projeto foi executada pelo Instituto Recriar Vidas e aconteceu em cinco etapas. Ao longo desses encontros, foram ofertadas palestras, treinamentos com profissionais especializados e momentos de relaxamento, com sess\u00f5es de massagem nas duas primeiras etapas. A \u00faltima etapa foi dedicada aos gestores da Secretaria Municipal de Sa\u00fade e aos gerentes das unidades, com foco em lideran\u00e7a humanizada e sa\u00fade emocional no ambiente de trabalho.<\/p>\n\n\n\n<figure class=\"wp-block-image size-large is-resized\"><img loading=\"lazy\" decoding=\"async\" width=\"1024\" height=\"473\" src=\"https:\/\/focotocantinense.com.br\/wp-content\/uploads\/2025\/05\/WhatsApp-Image-2025-05-30-at-13.31.47-1024x473.jpeg\" alt=\"\" class=\"wp-image-10457\" style=\"width:400px;height:auto\" srcset=\"https:\/\/focotocantinense.com.br\/wp-content\/uploads\/2025\/05\/WhatsApp-Image-2025-05-30-at-13.31.47-1024x473.jpeg 1024w, https:\/\/focotocantinense.com.br\/wp-content\/uploads\/2025\/05\/WhatsApp-Image-2025-05-30-at-13.31.47-300x139.jpeg 300w, https:\/\/focotocantinense.com.br\/wp-content\/uploads\/2025\/05\/WhatsApp-Image-2025-05-30-at-13.31.47-768x355.jpeg 768w, https:\/\/focotocantinense.com.br\/wp-content\/uploads\/2025\/05\/WhatsApp-Image-2025-05-30-at-13.31.47.jpeg 1280w\" sizes=\"auto, (max-width: 1024px) 100vw, 1024px\" \/><\/figure>\n\n\n\n<p><br><strong>Atendimento psiqui\u00e1trico<\/strong><br>Agora, na nova fase do projeto, os servidores da sa\u00fade, que desejarem, passam a contar com atendimento psiqui\u00e1trico e psicol\u00f3gico, realizado no Centro de Especialidades Odontol\u00f3gicas (CEO) de Gurupi. Uma das primeiras servidoras atendidas, foi a auxiliar de Sa\u00fade Bucal, Radmilla Shayanne, que agradeceu a iniciativa. \u201c A gente s\u00f3 tem a ganhar, \u00e9 muito especial voc\u00ea receber esse cuidado, ser olhado dessa forma, como profissional e como ser humano estou muito feliz com esse cuidado. Estou passando por um momento de luto e esse atendimento veio no momento certo, o m\u00e9dico foi muito acolhedor e muito humano, foi maravilho\u201d, contou.<\/p>\n\n\n\n<p><br>O atendimento psiqui\u00e1trico est\u00e1 sendo realizado pelo m\u00e9dico psiquiatra Salom\u00e3o Barbosa de Castro, que refor\u00e7a a import\u00e2ncia da escuta qualificada e do acolhimento humanizado. \u201cO adoecimento mental entre servidores da sa\u00fade tem sido muito associado \u00e0 estafa, \u00e0 sobrecarga emocional e ao desgaste di\u00e1rio com o sofrimento do outro. Nosso objetivo \u00e9 oferecer um atendimento baseado na reestrutura\u00e7\u00e3o do pensamento, um m\u00e9todo terap\u00eautico que visa ressignificar viv\u00eancias e tirar a pessoa daquela \u201cpsicosfera\u201d negativa que vem de anos e fortalecer a sa\u00fade mental desses profissionais&#8221;, explicou o psiquiatra acrescentando que al\u00e9m do atendimento presencial, os servidores atendidos pelo projeto ter\u00e3o acompanhamento tamb\u00e9m diariamente pelo WhatsApp.<\/p>\n\n\n\n<p><br><strong>Gest\u00e3o Humanizada<\/strong><br>A secret\u00e1ria municipal de Sa\u00fade, Luana Nunes, destaca que a continuidade do Projeto Cuidar refor\u00e7a o compromisso da gest\u00e3o com o bem-estar dos servidores.\u201cCuidar da sa\u00fade mental de quem dedica seus dias a cuidar da popula\u00e7\u00e3o \u00e9 uma das nossas prioridades. A gente sabe que s\u00e3o profissionais que enfrentam muitas press\u00f5es e desafios diariamente. Com esse projeto, queremos garantir um espa\u00e7o seguro, de escuta e acolhimento para todos os nossos servidores da sa\u00fade\u201d, ressaltou a secret\u00e1ria.<br>Para a prefeita de Gurupi, Josi Nunes, o cuidado com os servidores da sa\u00fade vai al\u00e9m de valoriza\u00e7\u00e3o profissional: \u00e9 uma estrat\u00e9gia de fortalecimento do pr\u00f3prio sistema de sa\u00fade. \u201cQuando oferecemos suporte emocional aos nossos servidores, estamos tamb\u00e9m fortalecendo a qualidade dos servi\u00e7os prestados \u00e0 popula\u00e7\u00e3o. Uma equipe acolhida, saud\u00e1vel e motivada reflete diretamente no cuidado com o cidad\u00e3o\u201d, destacou a prefeita.<\/p>\n\n\n\n<figure class=\"wp-block-image size-full is-resized\"><img loading=\"lazy\" decoding=\"async\" width=\"727\" height=\"184\" src=\"https:\/\/focotocantinense.com.br\/wp-content\/uploads\/2025\/05\/SHOW-DE-HUMOR-DE-VINICIUS-MARTINS-1.jpeg\" alt=\"\" class=\"wp-image-10398\" style=\"width:840px;height:auto\" srcset=\"https:\/\/focotocantinense.com.br\/wp-content\/uploads\/2025\/05\/SHOW-DE-HUMOR-DE-VINICIUS-MARTINS-1.jpeg 727w, https:\/\/focotocantinense.com.br\/wp-content\/uploads\/2025\/05\/SHOW-DE-HUMOR-DE-VINICIUS-MARTINS-1-300x76.jpeg 300w\" sizes=\"auto, (max-width: 727px) 100vw, 727px\" \/><\/figure>\n","protected":false},"excerpt":{"rendered":"<p>&nbsp; Promover o bem-estar emocional dos servidores da Sa\u00fade \u00e9 um compromisso que continua firme em Gurupi. Por isso, a Secretaria Municipal de Sa\u00fade est\u00e1 dando continuidade ao Projeto Cuidar \u2013 Humanizando Rela\u00e7\u00f5es, que agora entra em uma nova etapa: nesta semana, foi iniciado o atendimento exclusivo com psiquiatra voltado aos servidores da sa\u00fade do &hellip;<\/p>\n","protected":false},"author":5,"featured_media":10457,"comment_status":"open","ping_status":"open","sticky":false,"template":"","format":"standard","meta":{"footnotes":""},"categories":[1],"tags":[],"class_list":["post-10456","post","type-post","status-publish","format-standard","has-post-thumbnail","","category-sem-categoria"],"_links":{"self":[{"href":"https:\/\/focotocantinense.com.br\/index.php?rest_route=\/wp\/v2\/posts\/10456","targetHints":{"allow":["GET"]}}],"collection":[{"href":"https:\/\/focotocantinense.com.br\/index.php?rest_route=\/wp\/v2\/posts"}],"about":[{"href":"https:\/\/focotocantinense.com.br\/index.php?rest_route=\/wp\/v2\/types\/post"}],"author":[{"embeddable":true,"href":"https:\/\/focotocantinense.com.br\/index.php?rest_route=\/wp\/v2\/users\/5"}],"replies":[{"embeddable":true,"href":"https:\/\/focotocantinense.com.br\/index.php?rest_route=%2Fwp%2Fv2%2Fcomments&post=10456"}],"version-history":[{"count":7,"href":"https:\/\/focotocantinense.com.br\/index.php?rest_route=\/wp\/v2\/posts\/10456\/revisions"}],"predecessor-version":[{"id":10466,"href":"https:\/\/focotocantinense.com.br\/index.php?rest_route=\/wp\/v2\/posts\/10456\/revisions\/10466"}],"wp:featuredmedia":[{"embeddable":true,"href":"https:\/\/focotocantinense.com.br\/index.php?rest_route=\/wp\/v2\/media\/10457"}],"wp:attachment":[{"href":"https:\/\/focotocantinense.com.br\/index.php?rest_route=%2Fwp%2Fv2%2Fmedia&parent=10456"}],"wp:term":[{"taxonomy":"category","embeddable":true,"href":"https:\/\/focotocantinense.com.br\/index.php?rest_route=%2Fwp%2Fv2%2Fcategories&post=10456"},{"taxonomy":"post_tag","embeddable":true,"href":"https:\/\/focotocantinense.com.br\/index.php?rest_route=%2Fwp%2Fv2%2Ftags&post=10456"}],"curies":[{"name":"wp","href":"https:\/\/api.w.org\/{rel}","templated":true}]}}