{"id":10449,"date":"2025-05-30T20:37:05","date_gmt":"2025-05-30T23:37:05","guid":{"rendered":"https:\/\/focotocantinense.com.br\/?p=10449"},"modified":"2025-05-30T20:41:40","modified_gmt":"2025-05-30T23:41:40","slug":"inclusao-e-politicas-socioculturais-com-foco-na-comunidade-lgbtqia-sao-debatidas-em-gurupi","status":"publish","type":"post","link":"https:\/\/focotocantinense.com.br\/?p=10449","title":{"rendered":"Inclus\u00e3o e pol\u00edticas socioculturais com foco na comunidade LGBTQIA+ s\u00e3o debatidas em Gurupi"},"content":{"rendered":"\n<p><strong>Por Zacarias Martins<\/strong> &#8211; <strong>Fotos Lett\u00edcia Japiassu<\/strong><\/p>\n\n\n\n<p>Na noite de quinta-feira, 29, a regional sul\/sudeste do Comit\u00ea de Cultura no Tocantins, em parceria com a&nbsp; Associa\u00e7\u00e3o Gurupiense de Artes\u00e3os (AGA)&nbsp; promoveu mais uma&nbsp; etapa da&nbsp; a\u00e7\u00e3o Rotas Culturais Tocantins,&nbsp; que se realizou no&nbsp; Bloco G, da Universidade Federal do Tocantins (UFT), Campus de Gurupi.<\/p>\n\n\n\n<figure class=\"wp-block-image is-resized\"><a href=\"https:\/\/blogger.googleusercontent.com\/img\/b\/R29vZ2xl\/AVvXsEgj7xHvWVjkDnI5-pixeZ2aEWxKaSCAUgDh74Kpl1ZD38aI8ovUQuvquNJZyM8iv0bdG7bZk7hyFwJRClwa37TMoPRkHZ8fMP1iGdf2CYPkUfvXdzyhVFXk39qF_FSzVIG3JbsBFgehDDB8K9BYylNwNsYOZX38HqQLNLRiEHCZK48IvEAHqAVBLW1kS-7s\/s4096\/2%20-%20Inclus%C3%A3o%20e%20pol%C3%ADticas%20socioculturais%20com%20foco%20na%20comunidade%20LGBTQIA+%20s%C3%A3o%20debatidas%20em%20Gurupi.jpg\"><img decoding=\"async\" src=\"https:\/\/blogger.googleusercontent.com\/img\/b\/R29vZ2xl\/AVvXsEgj7xHvWVjkDnI5-pixeZ2aEWxKaSCAUgDh74Kpl1ZD38aI8ovUQuvquNJZyM8iv0bdG7bZk7hyFwJRClwa37TMoPRkHZ8fMP1iGdf2CYPkUfvXdzyhVFXk39qF_FSzVIG3JbsBFgehDDB8K9BYylNwNsYOZX38HqQLNLRiEHCZK48IvEAHqAVBLW1kS-7s\/w480-h319\/2%20-%20Inclus%C3%A3o%20e%20pol%C3%ADticas%20socioculturais%20com%20foco%20na%20comunidade%20LGBTQIA+%20s%C3%A3o%20debatidas%20em%20Gurupi.jpg\" alt=\"\" style=\"width:383px;height:auto\"\/><\/a><\/figure>\n\n\n\n<p><\/p>\n\n\n\n<p>Essa a\u00e7\u00e3o teve como&nbsp; tema central&nbsp; \u201cComunidade LGBTQIA+ \u2013 Inclus\u00e3o e Pol\u00edticas Socioculturais\u201d, e contou com uma roda de conversa&nbsp; &nbsp;com o escritor e professor de Filosofia da Universidade&nbsp; de Gurupi (unirG),&nbsp; Jos\u00e9 Carlos de Freitas, que tamb\u00e9m integra os quadros da Academia Gurupiense de Letras (AGL).<\/p>\n\n\n\n<figure class=\"wp-block-image is-resized\"><a href=\"https:\/\/blogger.googleusercontent.com\/img\/b\/R29vZ2xl\/AVvXsEhQGsOe3sRyNG1Dtim4a4Sr4kUZjDnauTklTVwIubpxqYkSrQXrTkJXANADABMDR-Zw2DFnkfldqJ-xeh33ZISBIZMe1EjChPyW_K2TxDer538poUlsjopAl5ratcWyHLHBFSy-BUdH89GZt5GTX7pygrbZYCTowu7-whcgDOSaLjk9fj27A9EChxnKDxxb\/s4096\/6%20-%20Inclus%C3%A3o%20e%20pol%C3%ADticas%20socioculturais%20com%20foco%20na%20comunidade%20LGBTQIA+%20s%C3%A3o%20debatidas%20em%20Gurupi.jpg\"><img decoding=\"async\" src=\"https:\/\/blogger.googleusercontent.com\/img\/b\/R29vZ2xl\/AVvXsEhQGsOe3sRyNG1Dtim4a4Sr4kUZjDnauTklTVwIubpxqYkSrQXrTkJXANADABMDR-Zw2DFnkfldqJ-xeh33ZISBIZMe1EjChPyW_K2TxDer538poUlsjopAl5ratcWyHLHBFSy-BUdH89GZt5GTX7pygrbZYCTowu7-whcgDOSaLjk9fj27A9EChxnKDxxb\/w495-h330\/6%20-%20Inclus%C3%A3o%20e%20pol%C3%ADticas%20socioculturais%20com%20foco%20na%20comunidade%20LGBTQIA+%20s%C3%A3o%20debatidas%20em%20Gurupi.jpg\" alt=\"\" style=\"width:381px;height:auto\"\/><\/a><\/figure>\n\n\n\n<p><\/p>\n\n\n\n<p>Outro palestrante da noite foi o psic\u00f3logo Eduardo Andrade, discorreu sobre&nbsp; &nbsp;sa\u00fade mental, desafios e auto aceita\u00e7\u00e3o, envolvendo quest\u00f5es relacionadas \u00e0 comunidade LGBTQIA+ .<\/p>\n\n\n\n<p>Ambos os palestrantes responderam aos questionamentos da plateia sobre o assunto em tela, e esclareceram, com muita propriedade, algumas d\u00favidas que foram levantadas.<\/p>\n\n\n\n<p>Ao final, houve uma apresenta\u00e7\u00e3o com a artista perform\u00e1tica Hoanna Barros, Ph Rainha G da quadrilha junina&nbsp; Imp\u00e9rio Nordestina.&nbsp; Rainha G \u00e9 um t\u00edtulo que reconhece a beleza, o talento e a representatividade da comunidade LGBTQIA+ dentro das quadrilhas juninas, promovendo a inclus\u00e3o e a celebra\u00e7\u00e3o da diversidade.&nbsp;<\/p>\n\n\n\n<figure class=\"wp-block-image is-resized\"><a href=\"https:\/\/blogger.googleusercontent.com\/img\/b\/R29vZ2xl\/AVvXsEiiFS-bFPKPxMPcMC1lEPfBIOSgjmEQVad3sW6-8uESKJI4426HtJPXK1xWOJfIlEgKs329KfxvEgfUYiGTbyC9jTtbXEv5V9jWbsqjmBMHVILBCEaQV32NacDtD_eNdlKsnGdDqHov2_qKYePJVyoxncVwUsqWWC_w0p3NvOfyiDqLZocZNsq2ZkYNPn8J\/s4096\/8%20Inclus%C3%A3o%20e%20pol%C3%ADticas%20socioculturais%20com%20foco%20na%20comunidade%20LGBTQIA+%20s%C3%A3o%20debatidas%20em%20Gurupi.jpg\"><img decoding=\"async\" src=\"https:\/\/blogger.googleusercontent.com\/img\/b\/R29vZ2xl\/AVvXsEiiFS-bFPKPxMPcMC1lEPfBIOSgjmEQVad3sW6-8uESKJI4426HtJPXK1xWOJfIlEgKs329KfxvEgfUYiGTbyC9jTtbXEv5V9jWbsqjmBMHVILBCEaQV32NacDtD_eNdlKsnGdDqHov2_qKYePJVyoxncVwUsqWWC_w0p3NvOfyiDqLZocZNsq2ZkYNPn8J\/w473-h315\/8%20Inclus%C3%A3o%20e%20pol%C3%ADticas%20socioculturais%20com%20foco%20na%20comunidade%20LGBTQIA+%20s%C3%A3o%20debatidas%20em%20Gurupi.jpg\" alt=\"\" style=\"width:840px;height:auto\"\/><\/a><\/figure>\n\n\n\n<figure class=\"wp-block-image is-resized\"><a href=\"https:\/\/blogger.googleusercontent.com\/img\/b\/R29vZ2xl\/AVvXsEha8nnbsY4mRq6wh5J8enGCn7epZKc7qRpDcz3yLyML7Yrb-0b32wbQF4THn6JNRwQZnuD7IGdknyl6H_93tTs1m_yCewBUllQbWuP0hJX-6-EvpDKEv20dt4v46ezQmjgXx0Jw1_ipYW56vNDuygXpFzcws9Oeg24TAUo6un0wxZvrgnNrv45rsbCJnxxS\/s4096\/4%20-%20Inclus%C3%A3o%20e%20pol%C3%ADticas%20socioculturais%20com%20foco%20na%20comunidade%20LGBTQIA+%20s%C3%A3o%20debatidas%20em%20Gurupi.jpg\"><img decoding=\"async\" src=\"https:\/\/blogger.googleusercontent.com\/img\/b\/R29vZ2xl\/AVvXsEha8nnbsY4mRq6wh5J8enGCn7epZKc7qRpDcz3yLyML7Yrb-0b32wbQF4THn6JNRwQZnuD7IGdknyl6H_93tTs1m_yCewBUllQbWuP0hJX-6-EvpDKEv20dt4v46ezQmjgXx0Jw1_ipYW56vNDuygXpFzcws9Oeg24TAUo6un0wxZvrgnNrv45rsbCJnxxS\/w490-h326\/4%20-%20Inclus%C3%A3o%20e%20pol%C3%ADticas%20socioculturais%20com%20foco%20na%20comunidade%20LGBTQIA+%20s%C3%A3o%20debatidas%20em%20Gurupi.jpg\" alt=\"\" style=\"width:840px;height:auto\"\/><\/a><\/figure>\n\n\n\n<p><\/p>\n\n\n\n<p><strong>Promo\u00e7\u00e3o<\/strong><\/p>\n\n\n\n<p>Promovido pelo Comit\u00ea de Cultura no Tocantins, por meio da Federa\u00e7\u00e3o Tocantinense de Artes C\u00eanicas (FETAC), o evento faz&nbsp; parte de uma s\u00e9rie de semin\u00e1rios que t\u00eam proporcionado encontros entre o Minist\u00e9rio da Cultura (MinC) e representantes culturais locais. Este j\u00e1 \u00e9&nbsp; o segundo&nbsp; evento que o Comit\u00ea de Cultura no Tocantins realiza em Gurupi<\/p>\n\n\n\n<figure class=\"wp-block-image is-resized\"><a href=\"https:\/\/blogger.googleusercontent.com\/img\/b\/R29vZ2xl\/AVvXsEj5CdUVadyWUk05lI2NZd56acAcjxUIAZQDiTG3e-eKcDwYFhfGqMc7gKEFN0IXI9DUvbLQdiwvGAus9ztYLJc90ewo_G62dt2BZf8tK2xONAp_mYcXsinZXnPYr-M9_e_NVVju_s0jqS_r2wr7mDYhhuOxI91sgfVSOc3uttdeG1nUu0KV14PIpqccV27j\/s4096\/5%20-%20Inclus%C3%A3o%20e%20pol%C3%ADticas%20socioculturais%20com%20foco%20na%20comunidade%20LGBTQIA+%20s%C3%A3o%20debatidas%20em%20Gurupi.jpg\"><img decoding=\"async\" src=\"https:\/\/blogger.googleusercontent.com\/img\/b\/R29vZ2xl\/AVvXsEj5CdUVadyWUk05lI2NZd56acAcjxUIAZQDiTG3e-eKcDwYFhfGqMc7gKEFN0IXI9DUvbLQdiwvGAus9ztYLJc90ewo_G62dt2BZf8tK2xONAp_mYcXsinZXnPYr-M9_e_NVVju_s0jqS_r2wr7mDYhhuOxI91sgfVSOc3uttdeG1nUu0KV14PIpqccV27j\/w498-h331\/5%20-%20Inclus%C3%A3o%20e%20pol%C3%ADticas%20socioculturais%20com%20foco%20na%20comunidade%20LGBTQIA+%20s%C3%A3o%20debatidas%20em%20Gurupi.jpg\" alt=\"\" style=\"width:840px;height:auto\"\/><\/a><\/figure>\n\n\n\n<p><\/p>\n\n\n\n<p><strong>Espa\u00e7o para as minorias<\/strong><\/p>\n\n\n\n<p>Kak\u00e1 Nogueira, coordenador geral do comit\u00ea, destaca a import\u00e2ncia da a\u00e7\u00e3o. \u201cEstamos fazendo um trabalho muito intenso de promo\u00e7\u00e3o e valoriza\u00e7\u00e3o da cultura por todo o Tocantins. De Sul a Norte do Estado est\u00e3o sendo realizados eventos como este, que promovem a discuss\u00e3o com a comunidade local, com os agentes culturais, dando espa\u00e7o e voz para as minorias debaterem suas lutas e compartilharem suas conquistas\u201d, frisou o coordenador.<\/p>\n\n\n\n<figure class=\"wp-block-image is-resized\"><a href=\"https:\/\/blogger.googleusercontent.com\/img\/b\/R29vZ2xl\/AVvXsEg6jUkPSFzccstk-mB0KSuBwcY0qIzsVrr8Z-rO3ybE3NjTYoEsQ-5gF7zpc-s9Tz_2WBrhuK-HlhO9C8epd7NP3NF7x71LddVf-UHipRGWFB9a-IDZ-WiRTBiTxHc1Qp3TZ3KxRwTniuxOQ51NiTrChUDd59cIjCS-orbwrsoQRhzFCP49CSKVmcSdm6N6\/s4096\/7%20-%20Inclus%C3%A3o%20e%20pol%C3%ADticas%20socioculturais%20com%20foco%20na%20comunidade%20LGBTQIA+%20s%C3%A3o%20debatidas%20em%20Gurupi.jpg\"><img decoding=\"async\" src=\"https:\/\/blogger.googleusercontent.com\/img\/b\/R29vZ2xl\/AVvXsEg6jUkPSFzccstk-mB0KSuBwcY0qIzsVrr8Z-rO3ybE3NjTYoEsQ-5gF7zpc-s9Tz_2WBrhuK-HlhO9C8epd7NP3NF7x71LddVf-UHipRGWFB9a-IDZ-WiRTBiTxHc1Qp3TZ3KxRwTniuxOQ51NiTrChUDd59cIjCS-orbwrsoQRhzFCP49CSKVmcSdm6N6\/w518-h345\/7%20-%20Inclus%C3%A3o%20e%20pol%C3%ADticas%20socioculturais%20com%20foco%20na%20comunidade%20LGBTQIA+%20s%C3%A3o%20debatidas%20em%20Gurupi.jpg\" alt=\"\" style=\"width:840px;height:auto\"\/><\/a><\/figure>\n\n\n\n<p><\/p>\n\n\n\n<p><strong>Parceria<\/strong><\/p>\n\n\n\n<p>A FETAC, que lidera o Comit\u00ea de Cultura no Tocantins, atua em parceria com o Minist\u00e9rio da Cultura (MinC),&nbsp; por meio de um termo de colabora\u00e7\u00e3o firmado com o objetivo de desenvolver o&nbsp; Programa Nacional dos Comit\u00eas de Cultura (PNCC) em todo o Estado. O trabalho conta com a coordena\u00e7\u00e3o regional da Associa\u00e7\u00e3o Gurupiense de Artes\u00e3os (AGA) e do Instituto Social e Cultural Araguaia (ISCA).<\/p>\n\n\n\n<figure class=\"wp-block-image is-resized\"><a href=\"https:\/\/blogger.googleusercontent.com\/img\/b\/R29vZ2xl\/AVvXsEh0kU14wxiJXzmR_Lhyphenhyphen6UCFYx1Zqbo2d0MIH7zp-1Ay8G70gQzgO6x1D2dzvT5mgv88nq_ol9nxKuk4mbjdlrgfmMKU4_zXQ0-jfx2I_gnQQWQbGcGWFS8DBY7eI96f2HDJ5dxFlG6C0LqU5E5XWTeEPIzy2gBsG0xmZTWB22umKB5Opy_a3Ux145QJhE9l\/s4096\/3%20Inclus%C3%A3o%20e%20pol%C3%ADticas%20socioculturais%20com%20foco%20na%20comunidade%20LGBTQIA+%20s%C3%A3o%20debatidas%20em%20Gurupi.jpg\"><img decoding=\"async\" src=\"https:\/\/blogger.googleusercontent.com\/img\/b\/R29vZ2xl\/AVvXsEh0kU14wxiJXzmR_Lhyphenhyphen6UCFYx1Zqbo2d0MIH7zp-1Ay8G70gQzgO6x1D2dzvT5mgv88nq_ol9nxKuk4mbjdlrgfmMKU4_zXQ0-jfx2I_gnQQWQbGcGWFS8DBY7eI96f2HDJ5dxFlG6C0LqU5E5XWTeEPIzy2gBsG0xmZTWB22umKB5Opy_a3Ux145QJhE9l\/w491-h327\/3%20Inclus%C3%A3o%20e%20pol%C3%ADticas%20socioculturais%20com%20foco%20na%20comunidade%20LGBTQIA+%20s%C3%A3o%20debatidas%20em%20Gurupi.jpg\" alt=\"\" style=\"width:840px;height:auto\"\/><\/a><\/figure>\n\n\n\n<figure class=\"wp-block-image is-resized\"><a href=\"https:\/\/blogger.googleusercontent.com\/img\/b\/R29vZ2xl\/AVvXsEgfxkJtZEypiYXs9FFbPm61zARSQTagMrympHr9d1UrQdG6R4jUAvqF5fYdD8_OMzOxEmx7XmRWeP4elkZy18GYkvKWrawpoS_nKYUjCo2ymMzJSENaNyMNQR_kNNpwPdJWfmvVSGRvpzazVwoACKtDNqha3fDexGw9LyE8WudnBUT-JtSHXXwyMrbrtqnE\/s727\/SHOW%20DE%20HUMOR%20DE%20VINICIUS%20MARTINS.jpeg\"><img decoding=\"async\" src=\"https:\/\/blogger.googleusercontent.com\/img\/b\/R29vZ2xl\/AVvXsEgfxkJtZEypiYXs9FFbPm61zARSQTagMrympHr9d1UrQdG6R4jUAvqF5fYdD8_OMzOxEmx7XmRWeP4elkZy18GYkvKWrawpoS_nKYUjCo2ymMzJSENaNyMNQR_kNNpwPdJWfmvVSGRvpzazVwoACKtDNqha3fDexGw9LyE8WudnBUT-JtSHXXwyMrbrtqnE\/w493-h124\/SHOW%20DE%20HUMOR%20DE%20VINICIUS%20MARTINS.jpeg\" alt=\"\" style=\"width:840px;height:auto\"\/><\/a><\/figure>\n","protected":false},"excerpt":{"rendered":"<p>Por Zacarias Martins &#8211; Fotos Lett\u00edcia Japiassu Na noite de quinta-feira, 29, a regional sul\/sudeste do Comit\u00ea de Cultura no Tocantins, em parceria com a&nbsp; Associa\u00e7\u00e3o Gurupiense de Artes\u00e3os (AGA)&nbsp; promoveu mais uma&nbsp; etapa da&nbsp; a\u00e7\u00e3o Rotas Culturais Tocantins,&nbsp; que se realizou no&nbsp; Bloco G, da Universidade Federal do Tocantins (UFT), Campus de Gurupi. Essa &hellip;<\/p>\n","protected":false},"author":5,"featured_media":10450,"comment_status":"open","ping_status":"open","sticky":false,"template":"","format":"standard","meta":{"footnotes":""},"categories":[1],"tags":[],"class_list":["post-10449","post","type-post","status-publish","format-standard","has-post-thumbnail","","category-sem-categoria"],"_links":{"self":[{"href":"https:\/\/focotocantinense.com.br\/index.php?rest_route=\/wp\/v2\/posts\/10449","targetHints":{"allow":["GET"]}}],"collection":[{"href":"https:\/\/focotocantinense.com.br\/index.php?rest_route=\/wp\/v2\/posts"}],"about":[{"href":"https:\/\/focotocantinense.com.br\/index.php?rest_route=\/wp\/v2\/types\/post"}],"author":[{"embeddable":true,"href":"https:\/\/focotocantinense.com.br\/index.php?rest_route=\/wp\/v2\/users\/5"}],"replies":[{"embeddable":true,"href":"https:\/\/focotocantinense.com.br\/index.php?rest_route=%2Fwp%2Fv2%2Fcomments&post=10449"}],"version-history":[{"count":5,"href":"https:\/\/focotocantinense.com.br\/index.php?rest_route=\/wp\/v2\/posts\/10449\/revisions"}],"predecessor-version":[{"id":10455,"href":"https:\/\/focotocantinense.com.br\/index.php?rest_route=\/wp\/v2\/posts\/10449\/revisions\/10455"}],"wp:featuredmedia":[{"embeddable":true,"href":"https:\/\/focotocantinense.com.br\/index.php?rest_route=\/wp\/v2\/media\/10450"}],"wp:attachment":[{"href":"https:\/\/focotocantinense.com.br\/index.php?rest_route=%2Fwp%2Fv2%2Fmedia&parent=10449"}],"wp:term":[{"taxonomy":"category","embeddable":true,"href":"https:\/\/focotocantinense.com.br\/index.php?rest_route=%2Fwp%2Fv2%2Fcategories&post=10449"},{"taxonomy":"post_tag","embeddable":true,"href":"https:\/\/focotocantinense.com.br\/index.php?rest_route=%2Fwp%2Fv2%2Ftags&post=10449"}],"curies":[{"name":"wp","href":"https:\/\/api.w.org\/{rel}","templated":true}]}}