{"id":10445,"date":"2025-05-30T11:46:44","date_gmt":"2025-05-30T14:46:44","guid":{"rendered":"https:\/\/focotocantinense.com.br\/?p=10445"},"modified":"2025-05-30T11:46:45","modified_gmt":"2025-05-30T14:46:45","slug":"primeiro-dia-do-forum-fnnic-em-palmas-tem-foco-em-habitacao-e-desenvolvimento-integrado-no-norte-e-nordeste","status":"publish","type":"post","link":"https:\/\/focotocantinense.com.br\/?p=10445","title":{"rendered":"Primeiro dia do F\u00f3rum FNNIC, em Palmas, tem foco em habita\u00e7\u00e3o e desenvolvimento integrado no Norte e Nordeste"},"content":{"rendered":"\n<p>O Ministro das Cidades, Jader Filho, o governador do Tocantins, Wanderlei Barbosa, e outras autoridades discutiram&nbsp;solu\u00e7\u00f5es habitacionais sustent\u00e1veis e o avan\u00e7o do Minha Casa Minha Vida no Tocantins<\/p>\n\n\n\n<p>&nbsp;A habita\u00e7\u00e3o como motor de desenvolvimento econ\u00f4mico e instrumento de redu\u00e7\u00e3o das desigualdades regionais deu o tom do primeiro dia do VIII F\u00f3rum Norte e Nordeste da Ind\u00fastria da Constru\u00e7\u00e3o (FNNIC), aberto nesta quinta-feira, 29 de maio, no Pal\u00e1cio Araguaia, em Palmas. O evento reuniu autoridades dos governos federal, estadual e municipal, al\u00e9m de lideran\u00e7as do setor produtivo e especialistas em pol\u00edticas urbanas e habita\u00e7\u00e3o social.<\/p>\n\n\n\n<figure class=\"wp-block-image size-large is-resized\"><img loading=\"lazy\" decoding=\"async\" width=\"1024\" height=\"682\" src=\"https:\/\/focotocantinense.com.br\/wp-content\/uploads\/2025\/05\/WhatsApp-Image-2025-05-30-at-09.01.01-1-1024x682.jpeg\" alt=\"\" class=\"wp-image-10446\" style=\"width:387px;height:auto\" srcset=\"https:\/\/focotocantinense.com.br\/wp-content\/uploads\/2025\/05\/WhatsApp-Image-2025-05-30-at-09.01.01-1-1024x682.jpeg 1024w, https:\/\/focotocantinense.com.br\/wp-content\/uploads\/2025\/05\/WhatsApp-Image-2025-05-30-at-09.01.01-1-300x200.jpeg 300w, https:\/\/focotocantinense.com.br\/wp-content\/uploads\/2025\/05\/WhatsApp-Image-2025-05-30-at-09.01.01-1-768x511.jpeg 768w, https:\/\/focotocantinense.com.br\/wp-content\/uploads\/2025\/05\/WhatsApp-Image-2025-05-30-at-09.01.01-1-1536x1022.jpeg 1536w, https:\/\/focotocantinense.com.br\/wp-content\/uploads\/2025\/05\/WhatsApp-Image-2025-05-30-at-09.01.01-1-310x205.jpeg 310w, https:\/\/focotocantinense.com.br\/wp-content\/uploads\/2025\/05\/WhatsApp-Image-2025-05-30-at-09.01.01-1.jpeg 1600w\" sizes=\"auto, (max-width: 1024px) 100vw, 1024px\" \/><\/figure>\n\n\n\n<p>A cerim\u00f4nia de abertura contou com a presen\u00e7a do Ministro das Cidades, Jader Filho, do governador do Tocantins, Wanderlei Barbosa, do Rodrigo Hori, vice-presidente Agente Operador da Caixa Econ\u00f4mica Federal, do prefeito de Palmas, Eduardo Siqueira Campos, e representantes da FIETO, Frente Parlamentar do Desenvolvimento Urbano Sustent\u00e1vel e da organiza\u00e7\u00e3o do F\u00f3rum, entre outras autoridades.<\/p>\n\n\n\n<p>\u201cO Tocantins tem avan\u00e7ado muito nos \u00faltimos anos, e grande parte desse avan\u00e7o est\u00e1 ligado ao investimento em infraestrutura e moradia. Cada casa que entregamos representa dignidade, seguran\u00e7a e qualidade de vida para uma fam\u00edlia tocantinense. Nosso governo \u00e9 municipalista, atuamos em parceria com os prefeitos em diversas frentes \u2013 sa\u00fade, educa\u00e7\u00e3o, urbaniza\u00e7\u00e3o e mobilidade urbana \u2013 porque acreditamos que o desenvolvimento s\u00f3 acontece com trabalho conjunto e aten\u00e7\u00e3o \u00e0 popula\u00e7\u00e3o\u201d, afirmou o governador Wanderlei Barbosa.<\/p>\n\n\n\n<p>O ministro das Cidades, Jader Filho, ressaltou que as recentes mudan\u00e7as no programa Minha Casa Minha Vida s\u00e3o resultado de escuta ativa e di\u00e1logo com os estados. \u201cO Minha Casa Minha Vida Cidades surgiu a partir de conversas com o F\u00f3rum Norte e Nordeste, que nos mostraram que o grande desafio das fam\u00edlias n\u00e3o \u00e9 pagar a parcela, mas conseguir a entrada do im\u00f3vel. Por isso, ampliamos o subs\u00eddio federal de R$ 47 mil para R$ 55 mil e autorizamos que estados e munic\u00edpios tamb\u00e9m contribuam, tornando o acesso \u00e0 casa pr\u00f3pria mais vi\u00e1vel para milhares de brasileiros\u201d, afirmou.<\/p>\n\n\n\n<p>Para o presidente do FNNIC, Marcos Holanda, o sucesso do primeiro dia \u00e9 reflexo do engajamento coletivo entre os setores p\u00fablico e privado. \u201cFoi uma experi\u00eancia espetacular. Tivemos discuss\u00f5es qualificadas, uma presen\u00e7a expressiva de autoridades pol\u00edticas e t\u00e9cnicas, incluindo representantes da Caixa Econ\u00f4mica Federal e do Minist\u00e9rio das Cidades, al\u00e9m de seis deputados federais. Isso mostra a for\u00e7a da articula\u00e7\u00e3o entre o governo do Estado, a prefeitura de Palmas e o setor produtivo. O F\u00f3rum se consolida como espa\u00e7o fundamental para debater avan\u00e7os e propor solu\u00e7\u00f5es para o futuro do desenvolvimento nas regi\u00f5es Norte e Nordeste\u201d, destacou.<\/p>\n\n\n\n<p>No p\u00e9r\u00edodo da tarde, foi realizada a assinatura de contratos que garantem 144 moradias em Aragua\u00edna, 50 em Bom Jesus do Tocantins \u2013 ambas pela modalidade Entidades \u2013 e outras 695 unidades habitacionais distribu\u00eddas pelo estado na modalidade FHNIS, totalizando 889 novas moradias no \u00e2mbito do programa Minha Casa Minha Vida.<\/p>\n\n\n\n<p>A programa\u00e7\u00e3o desta quinta-feira foi composta por sete pain\u00e9is tem\u00e1ticos. O destaque do per\u00edodo da tarde foi o Painel 2 \u2013 FNNIC Social: Investimentos na Primeira Inf\u00e2ncia como elemento transformador, que reuniu Pedro Ivo Viana Moura (presidente do Conselho da Viana e Moura), Rog\u00e9rio Moraes (diretor do Instituto Pipa), Maria Teresa Surita (ex-prefeita de Boa Vista e refer\u00eancia nacional em pol\u00edticas para inf\u00e2ncia) e Ester Ramirez (FNNIC), com foco em estrat\u00e9gias que promovam o desenvolvimento desde os primeiros anos de vida.<\/p>\n\n\n\n<p>Al\u00e9m deste, foram debatidos temas como \u201cA Gest\u00e3o P\u00fablica em favor da Sociedade\u201d, \u201cIncorpora\u00e7\u00e3o Imobili\u00e1ria: Desafios Atuais\u201d, \u201cIntelig\u00eancia Artificial na Identifica\u00e7\u00e3o e Recupera\u00e7\u00e3o de Ativos Tribut\u00e1rios\u201d e \u201cO Papel das Pol\u00edticas P\u00fablicas de Habita\u00e7\u00e3o na Redu\u00e7\u00e3o das Desigualdades no Norte e Nordeste\u201d.<\/p>\n\n\n\n<p>Na v\u00e9spera da abertura oficial, o Tribunal de Contas do Estado do Tocantins (TCE\/TO) sediou uma reuni\u00e3o t\u00e9cnica com participa\u00e7\u00e3o de prefeitos, secret\u00e1rios e entidades do setor. Durante o encontro, o conselheiro substituto M\u00e1rcio Alu\u00edzio convidou os gestores para o lan\u00e7amento do projeto \u201cTCE de Olho no Futuro \u2013 Alian\u00e7a pela Primeira Inf\u00e2ncia\u201d, que ser\u00e1 realizado em junho, em Palmas.<\/p>\n\n\n\n<p>Com participa\u00e7\u00e3o expressiva, o evento se consolida como um dos principais f\u00f3runs nacionais para discuss\u00e3o de solu\u00e7\u00f5es integradas para o desenvolvimento urbano e habitacional nas regi\u00f5es Norte e Nordeste.<\/p>\n\n\n\n<figure class=\"wp-block-image size-large\"><img loading=\"lazy\" decoding=\"async\" width=\"1024\" height=\"623\" src=\"https:\/\/focotocantinense.com.br\/wp-content\/uploads\/2025\/05\/WhatsApp-Image-2025-05-30-at-09.01.01-1024x623.jpeg\" alt=\"\" class=\"wp-image-10447\" srcset=\"https:\/\/focotocantinense.com.br\/wp-content\/uploads\/2025\/05\/WhatsApp-Image-2025-05-30-at-09.01.01-1024x623.jpeg 1024w, https:\/\/focotocantinense.com.br\/wp-content\/uploads\/2025\/05\/WhatsApp-Image-2025-05-30-at-09.01.01-300x182.jpeg 300w, https:\/\/focotocantinense.com.br\/wp-content\/uploads\/2025\/05\/WhatsApp-Image-2025-05-30-at-09.01.01-768x467.jpeg 768w, https:\/\/focotocantinense.com.br\/wp-content\/uploads\/2025\/05\/WhatsApp-Image-2025-05-30-at-09.01.01-1536x934.jpeg 1536w, https:\/\/focotocantinense.com.br\/wp-content\/uploads\/2025\/05\/WhatsApp-Image-2025-05-30-at-09.01.01.jpeg 1600w\" sizes=\"auto, (max-width: 1024px) 100vw, 1024px\" \/><\/figure>\n\n\n\n<p>Sobre o FNNIC<br>O F\u00f3rum Norte e Nordeste da Ind\u00fastria da Constru\u00e7\u00e3o (FNNIC) \u00e9 correalizado em parceria com a Associa\u00e7\u00e3o dos Diretores de Empresas do Mercado Imobili\u00e1rio do Tocantins (ADEMI\/TO), Sindicato das Ind\u00fastrias da Constru\u00e7\u00e3o Civil do Estado do Tocantins (Sinduscon\/TO) e Sindicato das Ind\u00fastrias de Minera\u00e7\u00e3o do Estado do Tocantins (Sindimeto). Conta com o apoio de institui\u00e7\u00f5es como CAU\/TO, CAU\/BR, CREA\/TO, Assembleia Legislativa do Tocantins e Tribunal de Contas do Estado. O evento \u00e9 patrocinado por empresas e \u00f3rg\u00e3os como AG Capital, Movimento+, Viana e Moura, ESAF, VMV Real Estate, FIETO, Prefeitura de Palmas, Governo do Tocantins, Caixa Econ\u00f4mica Federal e Governo Federal.<\/p>\n\n\n\n<p>Servi\u00e7o:<br>Evento: F\u00f3rum Norte e Nordeste da Ind\u00fastria da Constru\u00e7\u00e3o \u2013 FNNIC<br>Data: 29 e 30 de maio<br>Hor\u00e1rio: das 08h \u00e0s 18h30<br>Local: &nbsp;Pal\u00e1cio Araguaia Governador Jos\u00e9 Wilson Siqueira Campos, Palmas\/TO<\/p>\n","protected":false},"excerpt":{"rendered":"<p>O Ministro das Cidades, Jader Filho, o governador do Tocantins, Wanderlei Barbosa, e outras autoridades discutiram&nbsp;solu\u00e7\u00f5es habitacionais sustent\u00e1veis e o avan\u00e7o do Minha Casa Minha Vida no Tocantins &nbsp;A habita\u00e7\u00e3o como motor de desenvolvimento econ\u00f4mico e instrumento de redu\u00e7\u00e3o das desigualdades regionais deu o tom do primeiro dia do VIII F\u00f3rum Norte e Nordeste da &hellip;<\/p>\n","protected":false},"author":5,"featured_media":10447,"comment_status":"open","ping_status":"open","sticky":false,"template":"","format":"standard","meta":{"footnotes":""},"categories":[1],"tags":[],"class_list":["post-10445","post","type-post","status-publish","format-standard","has-post-thumbnail","","category-sem-categoria"],"_links":{"self":[{"href":"https:\/\/focotocantinense.com.br\/index.php?rest_route=\/wp\/v2\/posts\/10445","targetHints":{"allow":["GET"]}}],"collection":[{"href":"https:\/\/focotocantinense.com.br\/index.php?rest_route=\/wp\/v2\/posts"}],"about":[{"href":"https:\/\/focotocantinense.com.br\/index.php?rest_route=\/wp\/v2\/types\/post"}],"author":[{"embeddable":true,"href":"https:\/\/focotocantinense.com.br\/index.php?rest_route=\/wp\/v2\/users\/5"}],"replies":[{"embeddable":true,"href":"https:\/\/focotocantinense.com.br\/index.php?rest_route=%2Fwp%2Fv2%2Fcomments&post=10445"}],"version-history":[{"count":1,"href":"https:\/\/focotocantinense.com.br\/index.php?rest_route=\/wp\/v2\/posts\/10445\/revisions"}],"predecessor-version":[{"id":10448,"href":"https:\/\/focotocantinense.com.br\/index.php?rest_route=\/wp\/v2\/posts\/10445\/revisions\/10448"}],"wp:featuredmedia":[{"embeddable":true,"href":"https:\/\/focotocantinense.com.br\/index.php?rest_route=\/wp\/v2\/media\/10447"}],"wp:attachment":[{"href":"https:\/\/focotocantinense.com.br\/index.php?rest_route=%2Fwp%2Fv2%2Fmedia&parent=10445"}],"wp:term":[{"taxonomy":"category","embeddable":true,"href":"https:\/\/focotocantinense.com.br\/index.php?rest_route=%2Fwp%2Fv2%2Fcategories&post=10445"},{"taxonomy":"post_tag","embeddable":true,"href":"https:\/\/focotocantinense.com.br\/index.php?rest_route=%2Fwp%2Fv2%2Ftags&post=10445"}],"curies":[{"name":"wp","href":"https:\/\/api.w.org\/{rel}","templated":true}]}}