{"id":10435,"date":"2025-05-29T17:11:12","date_gmt":"2025-05-29T20:11:12","guid":{"rendered":"https:\/\/focotocantinense.com.br\/?p=10435"},"modified":"2025-06-11T16:37:52","modified_gmt":"2025-06-11T19:37:52","slug":"congresso-da-febtur-projeta-amazonia-no-cenario-global-do-turismo-sustentavel","status":"publish","type":"post","link":"https:\/\/focotocantinense.com.br\/?p=10435","title":{"rendered":"Congresso da Febtur projeta Amaz\u00f4nia no cen\u00e1rio global do turismo sustent\u00e1vel"},"content":{"rendered":"\n<p>Comunicadores do Brasil e do exterior se preparam para o II Congresso Brasileiro de Jornalistas e Comunicadores de Turismo, que ser\u00e1 realizado em Bel\u00e9m com foco na COP30, bioeconomia e comunica\u00e7\u00e3o respons\u00e1vel<\/p>\n\n\n\n<p>Bel\u00e9m \u00e9 logo ali. Est\u00e1 chegando o II Congresso Brasileiro de Jornalistas e Comunicadores de Turismo, promovido pela Febtur Nacional e Febtur Par\u00e1, com o tema \u201cSustentabilidade tamb\u00e9m se faz com informa\u00e7\u00e3o\u201d. O evento, que acontecer\u00e1 de 10 a 15 de junho, ser\u00e1 um marco no fortalecimento do turismo sustent\u00e1vel e da comunica\u00e7\u00e3o respons\u00e1vel na Amaz\u00f4nia, em um ano estrat\u00e9gico para o Brasil diante da realiza\u00e7\u00e3o da COP30, em novembro.<\/p>\n\n\n\n<p>Com a capital paraense no centro das aten\u00e7\u00f5es globais, o congresso reunir\u00e1 profissionais da comunica\u00e7\u00e3o tur\u00edstica de todos os estados brasileiros e do exterior, em uma programa\u00e7\u00e3o intensa, repleta de pain\u00e9is tem\u00e1ticos, viv\u00eancias culturais e experi\u00eancias imersivas.<\/p>\n\n\n\n<p>Entre os destaques da agenda t\u00e9cnica est\u00e3o os pain\u00e9is: \u201cTurismo e COP30: como comunicar a Amaz\u00f4nia ao mundo\u201d e \u201cBioeconomia e Amaz\u00f4nia: o papel da imprensa na difus\u00e3o de pr\u00e1ticas sustent\u00e1veis.\u201d Al\u00e9m desses, diversos outros n\u00e3o menos relevantes para o fazer tur\u00edstico e a preserva\u00e7\u00e3o ambiental ser\u00e3o debatidos por autoridades, especialistas e l\u00edderes setoriais.<\/p>\n\n\n\n<p>Delega\u00e7\u00f5es estaduais j\u00e1 est\u00e3o confirmadas, bem como participantes da Am\u00e9rica do Sul e Europa, que aguardam com expectativa os dias de interc\u00e2mbio, capacita\u00e7\u00e3o e inspira\u00e7\u00e3o que marcar\u00e3o o congresso. A programa\u00e7\u00e3o inclui ainda visitas t\u00e9cnicas e culturais a destinos emblem\u00e1ticos como Bragan\u00e7a, Augusto Corr\u00eaa, Ilha do Combu e Mosqueiro, al\u00e9m de momentos de valoriza\u00e7\u00e3o da gastronomia e da cultura amaz\u00f4nica.<\/p>\n\n\n\n<figure class=\"wp-block-image size-large\"><img loading=\"lazy\" decoding=\"async\" width=\"1024\" height=\"499\" src=\"https:\/\/focotocantinense.com.br\/wp-content\/uploads\/2025\/05\/1-BELEM-PARA-1024x499.jpg\" alt=\"\" class=\"wp-image-10436\" srcset=\"https:\/\/focotocantinense.com.br\/wp-content\/uploads\/2025\/05\/1-BELEM-PARA-1024x499.jpg 1024w, https:\/\/focotocantinense.com.br\/wp-content\/uploads\/2025\/05\/1-BELEM-PARA-300x146.jpg 300w, https:\/\/focotocantinense.com.br\/wp-content\/uploads\/2025\/05\/1-BELEM-PARA-768x374.jpg 768w, https:\/\/focotocantinense.com.br\/wp-content\/uploads\/2025\/05\/1-BELEM-PARA.jpg 1200w\" sizes=\"auto, (max-width: 1024px) 100vw, 1024px\" \/><\/figure>\n\n\n\n<p><\/p>\n\n\n\n<figure class=\"wp-block-gallery has-nested-images columns-default is-cropped wp-block-gallery-1 is-layout-flex wp-block-gallery-is-layout-flex\">\n<figure class=\"wp-block-image size-large\"><img loading=\"lazy\" decoding=\"async\" width=\"664\" height=\"208\" data-id=\"10439\" src=\"https:\/\/focotocantinense.com.br\/wp-content\/uploads\/2025\/05\/para-turismo.jpeg\" alt=\"\" class=\"wp-image-10439\" srcset=\"https:\/\/focotocantinense.com.br\/wp-content\/uploads\/2025\/05\/para-turismo.jpeg 664w, https:\/\/focotocantinense.com.br\/wp-content\/uploads\/2025\/05\/para-turismo-300x94.jpeg 300w, https:\/\/focotocantinense.com.br\/wp-content\/uploads\/2025\/05\/para-turismo-660x208.jpeg 660w\" sizes=\"auto, (max-width: 664px) 100vw, 664px\" \/><\/figure>\n<\/figure>\n\n\n\n<p><\/p>\n\n\n\n<p>Entre os palestrantes confirmados est\u00e3o o ministro do Turismo, gestores p\u00fablicos, jornalistas especializados, pesquisadores, empreendedores e chefs de cozinha que contribuir\u00e3o com olhares diversos sobre o desenvolvimento tur\u00edstico com responsabilidade.<\/p>\n\n\n\n<figure class=\"wp-block-image size-full\"><img loading=\"lazy\" decoding=\"async\" width=\"722\" height=\"92\" src=\"https:\/\/focotocantinense.com.br\/wp-content\/uploads\/2025\/05\/jjjjjjjjjjjjjjjjjj-1.jpeg\" alt=\"\" class=\"wp-image-10515\" srcset=\"https:\/\/focotocantinense.com.br\/wp-content\/uploads\/2025\/05\/jjjjjjjjjjjjjjjjjj-1.jpeg 722w, https:\/\/focotocantinense.com.br\/wp-content\/uploads\/2025\/05\/jjjjjjjjjjjjjjjjjj-1-300x38.jpeg 300w\" sizes=\"auto, (max-width: 722px) 100vw, 722px\" \/><\/figure>\n\n\n\n<p><\/p>\n\n\n\n<p>O evento conta com o patroc\u00ednio e apoio de uma ampla rede de institui\u00e7\u00f5es p\u00fablicas e privadas, entre as quais se destacam: Minist\u00e9rio do Turismo, Governo do Estado do Par\u00e1, por meio das Secretarias de Turismo (Setur), Cultura (Secult) e Comunica\u00e7\u00e3o (Secom), Prefeitura de Bel\u00e9m e Prefeitura de Bragan\u00e7a, Fecom\u00e9rcio\/PA, FBHA\/CNC, Sebrae\/PA, Sudam, Vale, Hotel Beira Rio, Casa de Saulo, Carvalhos Tur, Henvil Transportes e Point do A\u00e7a\u00ed,Instituto Alpaba, Bel\u00e9m Convention &amp; Visitors Bureau e ABEOC Brasil.<\/p>\n\n\n\n<p>Essa grande rede de coopera\u00e7\u00e3o reafirma que o sucesso de iniciativas transformadoras nasce do comprometimento coletivo. O congresso tamb\u00e9m se torna uma vitrine para mostrar como Bel\u00e9m e o Par\u00e1 est\u00e3o preparados para acolher o mundo, oferecendo uma combina\u00e7\u00e3o \u00fanica de natureza, cultura, hospitalidade e protagonismo na agenda clim\u00e1tica global.<\/p>\n\n\n\n<p>As inscri\u00e7\u00f5es continuam abertas no site oficial da entidade: <a href=\"https:\/\/febtur.org.br\/ii-congresso-febtur\/\">https:\/\/febtur.org.br\/ii-congresso-febtur\/<\/a><\/p>\n\n\n\n<p>Se voc\u00ea \u00e9 jornalista, estudante, comunicador ou algu\u00e9m que acredita no poder transformador do turismo sustent\u00e1vel, Bel\u00e9m te espera em junho para um encontro hist\u00f3rico. Participe e ajude a escrever um novo cap\u00edtulo para o turismo brasileiro.<\/p>\n\n\n\n<p><strong>Por Gilberto Silva e Zacarias Martins &#8211; Jornalistas e diretores da Febtur-TO<\/strong><\/p>\n\n\n\n<p><strong>Fotos: Jo\u00e3o Ramid<\/strong><\/p>\n\n\n\n<figure class=\"wp-block-image size-full\"><img loading=\"lazy\" decoding=\"async\" width=\"727\" height=\"184\" src=\"https:\/\/focotocantinense.com.br\/wp-content\/uploads\/2025\/05\/SHOW-DE-HUMOR-DE-VINICIUS-MARTINS-2.jpeg\" alt=\"\" class=\"wp-image-10408\" srcset=\"https:\/\/focotocantinense.com.br\/wp-content\/uploads\/2025\/05\/SHOW-DE-HUMOR-DE-VINICIUS-MARTINS-2.jpeg 727w, https:\/\/focotocantinense.com.br\/wp-content\/uploads\/2025\/05\/SHOW-DE-HUMOR-DE-VINICIUS-MARTINS-2-300x76.jpeg 300w\" sizes=\"auto, (max-width: 727px) 100vw, 727px\" \/><\/figure>\n","protected":false},"excerpt":{"rendered":"<p>Comunicadores do Brasil e do exterior se preparam para o II Congresso Brasileiro de Jornalistas e Comunicadores de Turismo, que ser\u00e1 realizado em Bel\u00e9m com foco na COP30, bioeconomia e comunica\u00e7\u00e3o respons\u00e1vel Bel\u00e9m \u00e9 logo ali. Est\u00e1 chegando o II Congresso Brasileiro de Jornalistas e Comunicadores de Turismo, promovido pela Febtur Nacional e Febtur Par\u00e1, &hellip;<\/p>\n","protected":false},"author":5,"featured_media":10436,"comment_status":"open","ping_status":"open","sticky":false,"template":"","format":"standard","meta":{"footnotes":""},"categories":[1],"tags":[],"class_list":["post-10435","post","type-post","status-publish","format-standard","has-post-thumbnail","","category-sem-categoria"],"_links":{"self":[{"href":"https:\/\/focotocantinense.com.br\/index.php?rest_route=\/wp\/v2\/posts\/10435","targetHints":{"allow":["GET"]}}],"collection":[{"href":"https:\/\/focotocantinense.com.br\/index.php?rest_route=\/wp\/v2\/posts"}],"about":[{"href":"https:\/\/focotocantinense.com.br\/index.php?rest_route=\/wp\/v2\/types\/post"}],"author":[{"embeddable":true,"href":"https:\/\/focotocantinense.com.br\/index.php?rest_route=\/wp\/v2\/users\/5"}],"replies":[{"embeddable":true,"href":"https:\/\/focotocantinense.com.br\/index.php?rest_route=%2Fwp%2Fv2%2Fcomments&post=10435"}],"version-history":[{"count":5,"href":"https:\/\/focotocantinense.com.br\/index.php?rest_route=\/wp\/v2\/posts\/10435\/revisions"}],"predecessor-version":[{"id":10516,"href":"https:\/\/focotocantinense.com.br\/index.php?rest_route=\/wp\/v2\/posts\/10435\/revisions\/10516"}],"wp:featuredmedia":[{"embeddable":true,"href":"https:\/\/focotocantinense.com.br\/index.php?rest_route=\/wp\/v2\/media\/10436"}],"wp:attachment":[{"href":"https:\/\/focotocantinense.com.br\/index.php?rest_route=%2Fwp%2Fv2%2Fmedia&parent=10435"}],"wp:term":[{"taxonomy":"category","embeddable":true,"href":"https:\/\/focotocantinense.com.br\/index.php?rest_route=%2Fwp%2Fv2%2Fcategories&post=10435"},{"taxonomy":"post_tag","embeddable":true,"href":"https:\/\/focotocantinense.com.br\/index.php?rest_route=%2Fwp%2Fv2%2Ftags&post=10435"}],"curies":[{"name":"wp","href":"https:\/\/api.w.org\/{rel}","templated":true}]}}