{"id":10431,"date":"2025-05-29T10:07:56","date_gmt":"2025-05-29T13:07:56","guid":{"rendered":"https:\/\/focotocantinense.com.br\/?p=10431"},"modified":"2025-05-29T10:07:56","modified_gmt":"2025-05-29T13:07:56","slug":"a-vereadora-diane-da-vitoria-dos-bichos-promovera-uma-sessao-solene-de-entrega-da-mocao-de-aplauso-em-homenagem-aos-comunicadores-de-gurupi","status":"publish","type":"post","link":"https:\/\/focotocantinense.com.br\/?p=10431","title":{"rendered":"A Vereadora Diane, da Vit\u00f3ria dos Bichos, promover\u00e1 uma Sess\u00e3o Solene de entrega da Mo\u00e7\u00e3o de Aplauso em homenagem aos comunicadores de Gurupi"},"content":{"rendered":"\n<p>A Vereadora Diane, da Vit\u00f3ria dos Bichos, tem a honra de convidar para participar da Sess\u00e3o Solene de entrega da Mo\u00e7\u00e3o de Aplauso em homenagem aos influenciadores digitais, comunicadores, m\u00eddias sociais, fot\u00f3grafos, administradores de p\u00e1ginas e rep\u00f3rteres que, com dedica\u00e7\u00e3o e criatividade, v\u00eam contribuindo significativamente para a informa\u00e7\u00e3o, cultura, conscientiza\u00e7\u00e3o e valoriza\u00e7\u00e3o da nossa cidade e de suas causas.<\/p>\n\n\n\n<figure class=\"wp-block-image size-large is-resized\"><img loading=\"lazy\" decoding=\"async\" width=\"819\" height=\"1024\" src=\"https:\/\/focotocantinense.com.br\/wp-content\/uploads\/2025\/05\/vitoria-dos-bichos-819x1024.jpeg\" alt=\"\" class=\"wp-image-10432\" style=\"width:352px;height:auto\" srcset=\"https:\/\/focotocantinense.com.br\/wp-content\/uploads\/2025\/05\/vitoria-dos-bichos-819x1024.jpeg 819w, https:\/\/focotocantinense.com.br\/wp-content\/uploads\/2025\/05\/vitoria-dos-bichos-240x300.jpeg 240w, https:\/\/focotocantinense.com.br\/wp-content\/uploads\/2025\/05\/vitoria-dos-bichos-768x960.jpeg 768w, https:\/\/focotocantinense.com.br\/wp-content\/uploads\/2025\/05\/vitoria-dos-bichos.jpeg 1080w\" sizes=\"auto, (max-width: 819px) 100vw, 819px\" \/><\/figure>\n\n\n\n<p>Este reconhecimento visa enaltecer o papel fundamental desses profissionais e criadores de conte\u00fado na constru\u00e7\u00e3o de uma sociedade mais engajada, informada e participativa.<\/p>\n\n\n\n<p>Ser\u00e1 uma grande honra contar com sua presen\u00e7a neste momento de celebra\u00e7\u00e3o e reconhecimento p\u00fablico.<\/p>\n\n\n\n<p><br>Vereadora Diane<br>Vit\u00f3ria dos bichos.<\/p>\n","protected":false},"excerpt":{"rendered":"<p>A Vereadora Diane, da Vit\u00f3ria dos Bichos, tem a honra de convidar para participar da Sess\u00e3o Solene de entrega da Mo\u00e7\u00e3o de Aplauso em homenagem aos influenciadores digitais, comunicadores, m\u00eddias sociais, fot\u00f3grafos, administradores de p\u00e1ginas e rep\u00f3rteres que, com dedica\u00e7\u00e3o e criatividade, v\u00eam contribuindo significativamente para a informa\u00e7\u00e3o, cultura, conscientiza\u00e7\u00e3o e valoriza\u00e7\u00e3o da nossa cidade &hellip;<\/p>\n","protected":false},"author":5,"featured_media":10433,"comment_status":"open","ping_status":"open","sticky":false,"template":"","format":"standard","meta":{"footnotes":""},"categories":[1],"tags":[],"class_list":["post-10431","post","type-post","status-publish","format-standard","has-post-thumbnail","","category-sem-categoria"],"_links":{"self":[{"href":"https:\/\/focotocantinense.com.br\/index.php?rest_route=\/wp\/v2\/posts\/10431","targetHints":{"allow":["GET"]}}],"collection":[{"href":"https:\/\/focotocantinense.com.br\/index.php?rest_route=\/wp\/v2\/posts"}],"about":[{"href":"https:\/\/focotocantinense.com.br\/index.php?rest_route=\/wp\/v2\/types\/post"}],"author":[{"embeddable":true,"href":"https:\/\/focotocantinense.com.br\/index.php?rest_route=\/wp\/v2\/users\/5"}],"replies":[{"embeddable":true,"href":"https:\/\/focotocantinense.com.br\/index.php?rest_route=%2Fwp%2Fv2%2Fcomments&post=10431"}],"version-history":[{"count":1,"href":"https:\/\/focotocantinense.com.br\/index.php?rest_route=\/wp\/v2\/posts\/10431\/revisions"}],"predecessor-version":[{"id":10434,"href":"https:\/\/focotocantinense.com.br\/index.php?rest_route=\/wp\/v2\/posts\/10431\/revisions\/10434"}],"wp:featuredmedia":[{"embeddable":true,"href":"https:\/\/focotocantinense.com.br\/index.php?rest_route=\/wp\/v2\/media\/10433"}],"wp:attachment":[{"href":"https:\/\/focotocantinense.com.br\/index.php?rest_route=%2Fwp%2Fv2%2Fmedia&parent=10431"}],"wp:term":[{"taxonomy":"category","embeddable":true,"href":"https:\/\/focotocantinense.com.br\/index.php?rest_route=%2Fwp%2Fv2%2Fcategories&post=10431"},{"taxonomy":"post_tag","embeddable":true,"href":"https:\/\/focotocantinense.com.br\/index.php?rest_route=%2Fwp%2Fv2%2Ftags&post=10431"}],"curies":[{"name":"wp","href":"https:\/\/api.w.org\/{rel}","templated":true}]}}