{"id":10426,"date":"2025-05-28T15:56:37","date_gmt":"2025-05-28T18:56:37","guid":{"rendered":"https:\/\/focotocantinense.com.br\/?p=10426"},"modified":"2025-05-28T15:57:53","modified_gmt":"2025-05-28T18:57:53","slug":"prefeitura-de-gurupi-entrega-praca-do-setor-industrial-neste-domingo-01","status":"publish","type":"post","link":"https:\/\/focotocantinense.com.br\/?p=10426","title":{"rendered":"Prefeitura de Gurupi entrega Pra\u00e7a do setor Industrial neste domingo, 01"},"content":{"rendered":"\n<p>A Prefeitura de Gurupi vai entregar mais uma obra para a comunidade neste domingo, 01\u00ba de junho, no setor Industrial: a Pra\u00e7a \u201cAnt\u00f4nio Luiz Leit\u00e3o Brito\u201d. A inaugura\u00e7\u00e3o est\u00e1 marcada para \u00e0s 17h e contar\u00e1 com uma programa\u00e7\u00e3o especial para toda a comunidade, incluindo atividades esportivas e apresenta\u00e7\u00f5es culturais.<\/p>\n\n\n\n<p>Com estrutura moderna e voltada para atender p\u00fablicos de todas as idades, a Pra\u00e7a Ant\u00f4nio Luiz Leit\u00e3o Brito conta com parque infantil (playground), academia da melhor idade, cal\u00e7amento com pista de caminhada, campo de futebol society, bancos, lixeiras e ilumina\u00e7\u00e3o.<\/p>\n\n\n\n<figure class=\"wp-block-image is-resized\"><img decoding=\"async\" src=\"http:\/\/n1to.com.br\/img\/uploads\/bbbbbbbbbbbbb_5.jpg\" alt=\"\" style=\"width:398px;height:auto\"\/><\/figure>\n\n\n\n<p><\/p>\n\n\n\n<p>A prefeita Josi Nunes destacou a relev\u00e2ncia da nova pra\u00e7a para o conv\u00edvio social, lazer e sa\u00fade dos moradores da regi\u00e3o. \u201c\u00c9 com grande alegria que vamos entregar mais uma pra\u00e7a equipada, segura e acolhedora. Nosso objetivo \u00e9 proporcionar qualidade de vida e bem-estar \u00e0 popula\u00e7\u00e3o. Convido todos os moradores do setor Industrial para participarem desse momento especial conosco\u201d, afirmou a gestora.<\/p>\n\n\n\n<figure class=\"wp-block-image size-large is-resized\"><img loading=\"lazy\" decoding=\"async\" width=\"1024\" height=\"701\" src=\"https:\/\/focotocantinense.com.br\/wp-content\/uploads\/2025\/05\/aaaaaaaaaaa-1024x701.jpg\" alt=\"\" class=\"wp-image-10427\" style=\"width:370px;height:auto\" srcset=\"https:\/\/focotocantinense.com.br\/wp-content\/uploads\/2025\/05\/aaaaaaaaaaa-1024x701.jpg 1024w, https:\/\/focotocantinense.com.br\/wp-content\/uploads\/2025\/05\/aaaaaaaaaaa-300x205.jpg 300w, https:\/\/focotocantinense.com.br\/wp-content\/uploads\/2025\/05\/aaaaaaaaaaa-768x526.jpg 768w, https:\/\/focotocantinense.com.br\/wp-content\/uploads\/2025\/05\/aaaaaaaaaaa-110x75.jpg 110w, https:\/\/focotocantinense.com.br\/wp-content\/uploads\/2025\/05\/aaaaaaaaaaa.jpg 1170w\" sizes=\"auto, (max-width: 1024px) 100vw, 1024px\" \/><\/figure>\n\n\n\n<p><\/p>\n\n\n\n<p>A entrega faz parte do pacote de 17 novas pra\u00e7as em constru\u00e7\u00e3o em Gurupi, integrando o projeto de requalifica\u00e7\u00e3o urbana da cidade. Nos anos anteriores j\u00e1 foram entregues a Pra\u00e7a Universit\u00e1ria, a Pra\u00e7a da B\u00edblia, a Pra\u00e7a dos Motociclistas e a Pra\u00e7a do Jardim Sevilha. Neste ano, j\u00e1 foram entregues a Pra\u00e7a dos Nordestinos no setor Vila Nova, a Pra\u00e7a Cleomenes da Costa e Silva no setor Bela Vista, e a Pra\u00e7a do Tucha no setor Residencial Madrid.&nbsp;<\/p>\n\n\n\n<figure class=\"wp-block-image\"><img decoding=\"async\" src=\"http:\/\/n1to.com.br\/img\/uploads\/ccccccc_8.jpg\" alt=\"\"\/><\/figure>\n\n\n\n<p>Tamb\u00e9m est\u00e3o em constru\u00e7\u00e3o novas pra\u00e7as que ser\u00e3o entregues neste ano nos setores Campo Bello, Waldir Lins, Jo\u00e3o Lisboa da Cruz, Bom Sossego, Povoado Trevo da Praia, Pedroso, Jardim dos Buritis, Sol Nascente e Jardim Tocantins.<\/p>\n\n\n\n<figure class=\"wp-block-image\"><img decoding=\"async\" src=\"http:\/\/n1to.com.br\/img\/uploads\/SHOW_DE_HUMOR_DE_VINICIUS_MARTINS_7.jpeg\" alt=\"\"\/><\/figure>\n","protected":false},"excerpt":{"rendered":"<p>A Prefeitura de Gurupi vai entregar mais uma obra para a comunidade neste domingo, 01\u00ba de junho, no setor Industrial: a Pra\u00e7a \u201cAnt\u00f4nio Luiz Leit\u00e3o Brito\u201d. A inaugura\u00e7\u00e3o est\u00e1 marcada para \u00e0s 17h e contar\u00e1 com uma programa\u00e7\u00e3o especial para toda a comunidade, incluindo atividades esportivas e apresenta\u00e7\u00f5es culturais. Com estrutura moderna e voltada para &hellip;<\/p>\n","protected":false},"author":5,"featured_media":10427,"comment_status":"open","ping_status":"open","sticky":false,"template":"","format":"standard","meta":{"footnotes":""},"categories":[38],"tags":[],"class_list":["post-10426","post","type-post","status-publish","format-standard","has-post-thumbnail","","category-gurupi"],"_links":{"self":[{"href":"https:\/\/focotocantinense.com.br\/index.php?rest_route=\/wp\/v2\/posts\/10426","targetHints":{"allow":["GET"]}}],"collection":[{"href":"https:\/\/focotocantinense.com.br\/index.php?rest_route=\/wp\/v2\/posts"}],"about":[{"href":"https:\/\/focotocantinense.com.br\/index.php?rest_route=\/wp\/v2\/types\/post"}],"author":[{"embeddable":true,"href":"https:\/\/focotocantinense.com.br\/index.php?rest_route=\/wp\/v2\/users\/5"}],"replies":[{"embeddable":true,"href":"https:\/\/focotocantinense.com.br\/index.php?rest_route=%2Fwp%2Fv2%2Fcomments&post=10426"}],"version-history":[{"count":3,"href":"https:\/\/focotocantinense.com.br\/index.php?rest_route=\/wp\/v2\/posts\/10426\/revisions"}],"predecessor-version":[{"id":10430,"href":"https:\/\/focotocantinense.com.br\/index.php?rest_route=\/wp\/v2\/posts\/10426\/revisions\/10430"}],"wp:featuredmedia":[{"embeddable":true,"href":"https:\/\/focotocantinense.com.br\/index.php?rest_route=\/wp\/v2\/media\/10427"}],"wp:attachment":[{"href":"https:\/\/focotocantinense.com.br\/index.php?rest_route=%2Fwp%2Fv2%2Fmedia&parent=10426"}],"wp:term":[{"taxonomy":"category","embeddable":true,"href":"https:\/\/focotocantinense.com.br\/index.php?rest_route=%2Fwp%2Fv2%2Fcategories&post=10426"},{"taxonomy":"post_tag","embeddable":true,"href":"https:\/\/focotocantinense.com.br\/index.php?rest_route=%2Fwp%2Fv2%2Ftags&post=10426"}],"curies":[{"name":"wp","href":"https:\/\/api.w.org\/{rel}","templated":true}]}}