{"id":10423,"date":"2025-05-28T09:48:29","date_gmt":"2025-05-28T12:48:29","guid":{"rendered":"https:\/\/focotocantinense.com.br\/?p=10423"},"modified":"2025-05-28T09:48:29","modified_gmt":"2025-05-28T12:48:29","slug":"deputado-antonio-andrade-homenageia-os-120-anos-da-energisa-em-discurso-no-senado-federal","status":"publish","type":"post","link":"https:\/\/focotocantinense.com.br\/?p=10423","title":{"rendered":"Deputado Antonio Andrade homenageia os 120 anos da Energisa em discurso no Senado Federal."},"content":{"rendered":"\n<p>O deputado federal Antonio Andrade participou, nesta segunda-feira (27), de uma sess\u00e3o especial no Senado Federal em homenagem aos 120 anos da Energisa, uma das maiores empresas de energia el\u00e9trica do Brasil.<br>Durante seu discurso, o deputado destacou a hist\u00f3ria de crescimento e compromisso da empresa, que come\u00e7ou em 1905, em Minas Gerais, e hoje leva energia para mais de 20 milh\u00f5es de pessoas em quase todo o pa\u00eds.<\/p>\n\n\n\n<figure class=\"wp-block-image size-full is-resized\"><img loading=\"lazy\" decoding=\"async\" width=\"1024\" height=\"683\" src=\"https:\/\/focotocantinense.com.br\/wp-content\/uploads\/2025\/05\/54549620420_1e77d239a6_b.jpg\" alt=\"\" class=\"wp-image-10424\" style=\"width:393px;height:auto\" srcset=\"https:\/\/focotocantinense.com.br\/wp-content\/uploads\/2025\/05\/54549620420_1e77d239a6_b.jpg 1024w, https:\/\/focotocantinense.com.br\/wp-content\/uploads\/2025\/05\/54549620420_1e77d239a6_b-300x200.jpg 300w, https:\/\/focotocantinense.com.br\/wp-content\/uploads\/2025\/05\/54549620420_1e77d239a6_b-768x512.jpg 768w\" sizes=\"auto, (max-width: 1024px) 100vw, 1024px\" \/><\/figure>\n\n\n\n<p><br>No Tocantins, a atua\u00e7\u00e3o da Energisa come\u00e7ou logo no in\u00edcio da cria\u00e7\u00e3o do Estado, em 1989, quando o grupo assumiu a antiga Celtins, a primeira empresa de energia privatizada do Brasil. Em 2014, passou a se chamar oficialmente Energisa Tocantins e, desde ent\u00e3o, \u00e9 respons\u00e1vel por levar energia el\u00e9trica aos 139 munic\u00edpios tocantinenses.<br>Segundo Andrade, a empresa j\u00e1 investiu mais de R$ 4,3 bilh\u00f5es no Tocantins e anunciou que, s\u00f3 em 2025, vai aplicar mais R$ 605,8 milh\u00f5es em obras e melhorias. Os recursos ser\u00e3o usados para modernizar a rede el\u00e9trica, construir novas subesta\u00e7\u00f5es e levar energia para cerca de 5 mil fam\u00edlias que vivem em \u00e1reas rurais.<br>\u201cO trabalho da Energisa tem sido essencial para o crescimento do nosso Estado. \u00c9 uma empresa que ajuda a transformar vidas, levando energia e oportunidades para milhares de tocantinenses\u201d, afirmou o deputado.<br>Ele tamb\u00e9m agradeceu ao diretor da empresa, Dr. Allan Kardec, pelo apoio e aten\u00e7\u00e3o \u00e0s necessidades do Tocantins.<br>\u201cEstamos celebrando mais do que os 120 anos de uma empresa. Estamos celebrando uma hist\u00f3ria de dedica\u00e7\u00e3o, progresso e compromisso com o futuro do nosso povo\u201d, completou Antonio Andrade.<\/p>\n\n\n\n<p>Assessoria de Comunica\u00e7\u00e3o \u2013 Deputado Federal Antonio Andrade<\/p>\n","protected":false},"excerpt":{"rendered":"<p>O deputado federal Antonio Andrade participou, nesta segunda-feira (27), de uma sess\u00e3o especial no Senado Federal em homenagem aos 120 anos da Energisa, uma das maiores empresas de energia el\u00e9trica do Brasil.Durante seu discurso, o deputado destacou a hist\u00f3ria de crescimento e compromisso da empresa, que come\u00e7ou em 1905, em Minas Gerais, e hoje leva &hellip;<\/p>\n","protected":false},"author":5,"featured_media":10424,"comment_status":"open","ping_status":"open","sticky":false,"template":"","format":"standard","meta":{"footnotes":""},"categories":[1],"tags":[],"class_list":["post-10423","post","type-post","status-publish","format-standard","has-post-thumbnail","","category-sem-categoria"],"_links":{"self":[{"href":"https:\/\/focotocantinense.com.br\/index.php?rest_route=\/wp\/v2\/posts\/10423","targetHints":{"allow":["GET"]}}],"collection":[{"href":"https:\/\/focotocantinense.com.br\/index.php?rest_route=\/wp\/v2\/posts"}],"about":[{"href":"https:\/\/focotocantinense.com.br\/index.php?rest_route=\/wp\/v2\/types\/post"}],"author":[{"embeddable":true,"href":"https:\/\/focotocantinense.com.br\/index.php?rest_route=\/wp\/v2\/users\/5"}],"replies":[{"embeddable":true,"href":"https:\/\/focotocantinense.com.br\/index.php?rest_route=%2Fwp%2Fv2%2Fcomments&post=10423"}],"version-history":[{"count":1,"href":"https:\/\/focotocantinense.com.br\/index.php?rest_route=\/wp\/v2\/posts\/10423\/revisions"}],"predecessor-version":[{"id":10425,"href":"https:\/\/focotocantinense.com.br\/index.php?rest_route=\/wp\/v2\/posts\/10423\/revisions\/10425"}],"wp:featuredmedia":[{"embeddable":true,"href":"https:\/\/focotocantinense.com.br\/index.php?rest_route=\/wp\/v2\/media\/10424"}],"wp:attachment":[{"href":"https:\/\/focotocantinense.com.br\/index.php?rest_route=%2Fwp%2Fv2%2Fmedia&parent=10423"}],"wp:term":[{"taxonomy":"category","embeddable":true,"href":"https:\/\/focotocantinense.com.br\/index.php?rest_route=%2Fwp%2Fv2%2Fcategories&post=10423"},{"taxonomy":"post_tag","embeddable":true,"href":"https:\/\/focotocantinense.com.br\/index.php?rest_route=%2Fwp%2Fv2%2Ftags&post=10423"}],"curies":[{"name":"wp","href":"https:\/\/api.w.org\/{rel}","templated":true}]}}