{"id":10418,"date":"2025-05-27T22:39:08","date_gmt":"2025-05-28T01:39:08","guid":{"rendered":"https:\/\/focotocantinense.com.br\/?p=10418"},"modified":"2025-05-27T22:46:44","modified_gmt":"2025-05-28T01:46:44","slug":"atores-do-tocantins-integram-elenco-da-serie-pablo-luisao-da-rede-globo","status":"publish","type":"post","link":"https:\/\/focotocantinense.com.br\/?p=10418","title":{"rendered":"Atores do Tocantins integram elenco da s\u00e9rie \u2018Pablo &amp; Luis\u00e3o\u2019, da Rede Globo"},"content":{"rendered":"\n<p><strong>\u00a0Por Cinthia Abreu<\/strong><\/p>\n\n\n\n<p>O Tocantins marca presen\u00e7a na s\u00e9rie Pablo &amp; Luis\u00e3o, produ\u00e7\u00e3o original Globoplay e TV Globo, que teve estreia no dia 22 de maio com 16 epis\u00f3dios. A produ\u00e7\u00e3o mais autoral do tocantinense Paulo Vieira na Rede Globo inclui ainda outras personalidades locais, como os atores tocantinenses Bell Gama, George Henrique, C\u00edcero Bel\u00e9m, Nival Correia, S\u00e1vio Danrlley, L\u00e9o Pinheiro, Paulo Manduca e Ivo Gandra, dentre outros, que contribu\u00edram para dar ainda mais autenticidade \u00e0 hist\u00f3ria criada por Paulo Vieira.<\/p>\n\n\n\n<figure class=\"wp-block-image size-large is-resized\"><img loading=\"lazy\" decoding=\"async\" width=\"1024\" height=\"768\" src=\"https:\/\/focotocantinense.com.br\/wp-content\/uploads\/2025\/05\/WhatsApp-Image-2025-05-21-at-05.59.02-1024x768.jpeg\" alt=\"\" class=\"wp-image-10419\" style=\"width:384px;height:auto\" srcset=\"https:\/\/focotocantinense.com.br\/wp-content\/uploads\/2025\/05\/WhatsApp-Image-2025-05-21-at-05.59.02-1024x768.jpeg 1024w, https:\/\/focotocantinense.com.br\/wp-content\/uploads\/2025\/05\/WhatsApp-Image-2025-05-21-at-05.59.02-300x225.jpeg 300w, https:\/\/focotocantinense.com.br\/wp-content\/uploads\/2025\/05\/WhatsApp-Image-2025-05-21-at-05.59.02-768x576.jpeg 768w, https:\/\/focotocantinense.com.br\/wp-content\/uploads\/2025\/05\/WhatsApp-Image-2025-05-21-at-05.59.02-1536x1152.jpeg 1536w, https:\/\/focotocantinense.com.br\/wp-content\/uploads\/2025\/05\/WhatsApp-Image-2025-05-21-at-05.59.02.jpeg 1600w\" sizes=\"auto, (max-width: 1024px) 100vw, 1024px\" \/><\/figure>\n\n\n\n<p><\/p>\n\n\n\n<p>A atriz Bell Gama esteve no lan\u00e7amento da s\u00e9rie, no Rio de Janeiro (RJ), e celebrou sua participa\u00e7\u00e3o na s\u00e9rie: \u201cPablo &amp; Luis\u00e3o \u00e9 de rir, chorar e chorar de rir. De forma muito popular, em que o povo brasileiro se v\u00ea representado, mostra uma gente real que busca incansavelmente formas de vencer, que se atrapalha, ri de si mesmo, admite os trope\u00e7os e segue acreditando na vida, no sonho. Al\u00e9m disso, a s\u00e9rie tem um elenco que \u00e9 extraordin\u00e1rio. E o Tocantins, a capital Palmas, s\u00e3o apresentados a todo o Brasil de um jeito muito cativante e, como tocantinense que sou, estou muito orgulhosa de fazer parte da conta\u00e7\u00e3o dessa hist\u00f3ria.\u201d<\/p>\n\n\n\n<p>Para o ator George Henrique, participar da s\u00e9rie foi um marco na carreira:<\/p>\n\n\n\n<p>\u201cParticipar de um projeto na Rede Globo sempre foi um sonho, e viv\u00ea-lo pela primeira vez foi uma experi\u00eancia profundamente enriquecedora. Ter esse convite vindo de um artista que admiro tanto como o Paulo Vieira, e ainda representando o Tocantins na s\u00e9rie Pablo &amp; Luis\u00e3o, s\u00f3 torna tudo mais especial. Paulo tem uma sensibilidade rara em valorizar os talentos da nossa terra, e isso me enche de orgulho.\u201d<\/p>\n\n\n\n<p>&#8220;\u00c9 um momento hist\u00f3rico para as artes c\u00eanicas do Tocantins. Ver nossos artistas c\u00eanicos brilhando em uma produ\u00e7\u00e3o nacional da Rede Globo, \u00e9 motivo de imenso orgulho para toda a nossa classe. A s\u00e9rie \u2018Pablo &amp; Luis\u00e3o\u2019 n\u00e3o s\u00f3 evidencia o talento deles, mas tamb\u00e9m projeta a nossa cultura, os nossos sotaques e as nossas hist\u00f3rias para o Brasil inteiro. Esse reconhecimento refor\u00e7a o que n\u00f3s, da Federa\u00e7\u00e3o Tocantinense de Artes C\u00eanicas, sempre defendemos: o Tocantins \u00e9 um celeiro de artistas potentes, criativos e comprometidos com a arte.&#8221;<\/p>\n\n\n\n<p><strong>M\u00fasica<\/strong><\/p>\n\n\n\n<p>A trilha sonora da s\u00e9rie fez um resgate de mem\u00f3ria ao relembrar o que ouvia nas r\u00e1dios, com muitas can\u00e7\u00f5es das regi\u00f5es Norte, Nordeste e Centro-oeste. A can\u00e7\u00e3o \u2018N\u00f3s \u00e9 Jeca, mas \u00e9 Joia\u2019, por Gen\u00e9sio Tocantins, comp\u00f5e a abertura. Al\u00e9m dele, a sele\u00e7\u00e3o abrange ainda compositores e artistas do Tocantins, como Juraildes da Cruz, Gen\u00e9sio Tocantins, Lorimar e Doriv\u00e3. Dona Onete, Kleber Lucas, Amado Batista e Reginaldo Rossi s\u00e3o outros exemplos de nomes que ser\u00e3o ouvidos na s\u00e9rie.<\/p>\n\n\n\n<p><strong>S\u00e9rie<\/strong><\/p>\n\n\n\n<p>A s\u00e9rie tem como um dos principais cen\u00e1rios a casa da fam\u00edlia de Paulo Vieira, cuidadosamente recriada pela equipe de cenografia e produ\u00e7\u00e3o de arte para refletir a ess\u00eancia e as mem\u00f3rias do humorista em Palmas, Tocantins. Na cidade cenogr\u00e1fica, foram reproduzidos diversos espa\u00e7os que marcaram a inf\u00e2ncia e adolesc\u00eancia de Paulo, como igrejas, \u201cpit dogs\u201d (food trucks), supermercados, lojas de obras e lan houses.<\/p>\n\n\n\n<p>Das redes sociais para as telas, a produ\u00e7\u00e3o audiovisual \u00e9 criada por Paulo Vieira, com reda\u00e7\u00e3o final assinada por ele e Maur\u00edcio Rizzo. A dire\u00e7\u00e3o art\u00edstica \u00e9 de Luis Felipe S\u00e1, com dire\u00e7\u00e3o de Jo\u00e3o Gomez. A produ\u00e7\u00e3o \u00e9 de Leilanie Silva, com produ\u00e7\u00e3o executiva de Claudio Dager, e dire\u00e7\u00e3o de g\u00eanero de Patricia Pedrosa. Al\u00e9m de revelar o talento dos atores locais, a s\u00e9rie tamb\u00e9m projeta a cultura e a identidade do Tocantins para todo o Brasil, refor\u00e7ando o estado como um celeiro de artistas e hist\u00f3rias que merecem ser contadas.<\/p>\n\n\n\n<figure class=\"wp-block-image size-full\"><img loading=\"lazy\" decoding=\"async\" width=\"727\" height=\"184\" src=\"https:\/\/focotocantinense.com.br\/wp-content\/uploads\/2025\/05\/SHOW-DE-HUMOR-DE-VINICIUS-MARTINS-2.jpeg\" alt=\"\" class=\"wp-image-10408\" srcset=\"https:\/\/focotocantinense.com.br\/wp-content\/uploads\/2025\/05\/SHOW-DE-HUMOR-DE-VINICIUS-MARTINS-2.jpeg 727w, https:\/\/focotocantinense.com.br\/wp-content\/uploads\/2025\/05\/SHOW-DE-HUMOR-DE-VINICIUS-MARTINS-2-300x76.jpeg 300w\" sizes=\"auto, (max-width: 727px) 100vw, 727px\" \/><\/figure>\n","protected":false},"excerpt":{"rendered":"<p>\u00a0Por Cinthia Abreu O Tocantins marca presen\u00e7a na s\u00e9rie Pablo &amp; Luis\u00e3o, produ\u00e7\u00e3o original Globoplay e TV Globo, que teve estreia no dia 22 de maio com 16 epis\u00f3dios. A produ\u00e7\u00e3o mais autoral do tocantinense Paulo Vieira na Rede Globo inclui ainda outras personalidades locais, como os atores tocantinenses Bell Gama, George Henrique, C\u00edcero Bel\u00e9m, &hellip;<\/p>\n","protected":false},"author":5,"featured_media":10419,"comment_status":"open","ping_status":"open","sticky":false,"template":"","format":"standard","meta":{"footnotes":""},"categories":[38,1],"tags":[],"class_list":["post-10418","post","type-post","status-publish","format-standard","has-post-thumbnail","","category-gurupi","category-sem-categoria"],"_links":{"self":[{"href":"https:\/\/focotocantinense.com.br\/index.php?rest_route=\/wp\/v2\/posts\/10418","targetHints":{"allow":["GET"]}}],"collection":[{"href":"https:\/\/focotocantinense.com.br\/index.php?rest_route=\/wp\/v2\/posts"}],"about":[{"href":"https:\/\/focotocantinense.com.br\/index.php?rest_route=\/wp\/v2\/types\/post"}],"author":[{"embeddable":true,"href":"https:\/\/focotocantinense.com.br\/index.php?rest_route=\/wp\/v2\/users\/5"}],"replies":[{"embeddable":true,"href":"https:\/\/focotocantinense.com.br\/index.php?rest_route=%2Fwp%2Fv2%2Fcomments&post=10418"}],"version-history":[{"count":3,"href":"https:\/\/focotocantinense.com.br\/index.php?rest_route=\/wp\/v2\/posts\/10418\/revisions"}],"predecessor-version":[{"id":10422,"href":"https:\/\/focotocantinense.com.br\/index.php?rest_route=\/wp\/v2\/posts\/10418\/revisions\/10422"}],"wp:featuredmedia":[{"embeddable":true,"href":"https:\/\/focotocantinense.com.br\/index.php?rest_route=\/wp\/v2\/media\/10419"}],"wp:attachment":[{"href":"https:\/\/focotocantinense.com.br\/index.php?rest_route=%2Fwp%2Fv2%2Fmedia&parent=10418"}],"wp:term":[{"taxonomy":"category","embeddable":true,"href":"https:\/\/focotocantinense.com.br\/index.php?rest_route=%2Fwp%2Fv2%2Fcategories&post=10418"},{"taxonomy":"post_tag","embeddable":true,"href":"https:\/\/focotocantinense.com.br\/index.php?rest_route=%2Fwp%2Fv2%2Ftags&post=10418"}],"curies":[{"name":"wp","href":"https:\/\/api.w.org\/{rel}","templated":true}]}}