{"id":10412,"date":"2025-05-24T19:21:05","date_gmt":"2025-05-24T22:21:05","guid":{"rendered":"https:\/\/focotocantinense.com.br\/?p=10412"},"modified":"2025-05-24T19:22:50","modified_gmt":"2025-05-24T22:22:50","slug":"filme-o-julgamento-de-arlete-abre-inscricoes-para-figurantes","status":"publish","type":"post","link":"https:\/\/focotocantinense.com.br\/?p=10412","title":{"rendered":"Filme &#8220;O Julgamento de Arlete\u201d abre inscri\u00e7\u00f5es para figurantes"},"content":{"rendered":"\n<p><em><strong>Por Cinthia Abreu<\/strong><\/em><\/p>\n\n\n\n<p>A produtora Cerrado Criativo est\u00e1 em busca de figurantes volunt\u00e1rios para o filme &#8220;O Julgamento de Arlete&#8221;, dirigido pela cineasta Cl\u00e1udia Roberta. As inscri\u00e7\u00f5es est\u00e3o abertas e o formul\u00e1rio pode ser encontrado na bio do Instagram @cerrado_criativo. As grava\u00e7\u00f5es do filme acontecem de 25 de maio a 12 de Junho, em Porto Nacional (TO).<\/p>\n\n\n\n<p>A sele\u00e7\u00e3o \u00e9 exclusiva para maiores de 18 anos, homens e mulheres, com a maioria das vagas para pessoas idosas. N\u00e3o \u00e9 necess\u00e1rio ter experi\u00eancia pr\u00e9via em atua\u00e7\u00e3o para se inscrever. O trabalho volunt\u00e1rio ser\u00e1 realizado presencialmente no munic\u00edpio portuense e haver\u00e1 prioridade para moradores locais ou pessoas de outras cidades que n\u00e3o precisem de quaisquer despesas log\u00edsticas.<\/p>\n\n\n\n<figure class=\"wp-block-image size-large is-resized\"><img loading=\"lazy\" decoding=\"async\" width=\"1024\" height=\"768\" src=\"https:\/\/focotocantinense.com.br\/wp-content\/uploads\/2025\/05\/WhatsApp-Image-2025-05-23-at-08.25.10-1024x768.jpeg\" alt=\"\" class=\"wp-image-10415\" style=\"width:376px;height:auto\" srcset=\"https:\/\/focotocantinense.com.br\/wp-content\/uploads\/2025\/05\/WhatsApp-Image-2025-05-23-at-08.25.10-1024x768.jpeg 1024w, https:\/\/focotocantinense.com.br\/wp-content\/uploads\/2025\/05\/WhatsApp-Image-2025-05-23-at-08.25.10-300x225.jpeg 300w, https:\/\/focotocantinense.com.br\/wp-content\/uploads\/2025\/05\/WhatsApp-Image-2025-05-23-at-08.25.10-768x576.jpeg 768w, https:\/\/focotocantinense.com.br\/wp-content\/uploads\/2025\/05\/WhatsApp-Image-2025-05-23-at-08.25.10-1536x1152.jpeg 1536w, https:\/\/focotocantinense.com.br\/wp-content\/uploads\/2025\/05\/WhatsApp-Image-2025-05-23-at-08.25.10.jpeg 1600w\" sizes=\"auto, (max-width: 1024px) 100vw, 1024px\" \/><\/figure>\n\n\n\n<p><\/p>\n\n\n\n<p>De acordo com a diretora do filme, Cl\u00e1udia Roberta, este \u00e9 o primeiro longa-metragem produzido em Porto Nacional e as expectativas s\u00e3o as melhores. \u201cEstamos empolgados em abrir as portas para a comunidade e oferecer a oportunidade de fazer parte desse projeto que valoriza nossas hist\u00f3rias regionais de forma bem-humorada.&#8221;<\/p>\n\n\n\n<figure class=\"wp-block-image size-large\"><img loading=\"lazy\" decoding=\"async\" width=\"1024\" height=\"768\" src=\"https:\/\/focotocantinense.com.br\/wp-content\/uploads\/2025\/05\/WhatsApp-Image-2025-05-23-at-10.40.40-1024x768.jpeg\" alt=\"\" class=\"wp-image-10413\" srcset=\"https:\/\/focotocantinense.com.br\/wp-content\/uploads\/2025\/05\/WhatsApp-Image-2025-05-23-at-10.40.40-1024x768.jpeg 1024w, https:\/\/focotocantinense.com.br\/wp-content\/uploads\/2025\/05\/WhatsApp-Image-2025-05-23-at-10.40.40-300x225.jpeg 300w, https:\/\/focotocantinense.com.br\/wp-content\/uploads\/2025\/05\/WhatsApp-Image-2025-05-23-at-10.40.40-768x576.jpeg 768w, https:\/\/focotocantinense.com.br\/wp-content\/uploads\/2025\/05\/WhatsApp-Image-2025-05-23-at-10.40.40-1536x1152.jpeg 1536w, https:\/\/focotocantinense.com.br\/wp-content\/uploads\/2025\/05\/WhatsApp-Image-2025-05-23-at-10.40.40.jpeg 1600w\" sizes=\"auto, (max-width: 1024px) 100vw, 1024px\" \/><\/figure>\n\n\n\n<p><\/p>\n\n\n\n<p><strong>Filme<\/strong><\/p>\n\n\n\n<p>A produ\u00e7\u00e3o audiovisual conta a hist\u00f3ria de Arlete, personagem da humorista e influencer Let\u00edcia Cerqueira, uma jovem dona de um bar na fict\u00edcia Caju Seco, que, ap\u00f3s ser presa injustamente, enfrenta uma jornada cheia de humor e reviravoltas para provar sua inoc\u00eancia.<\/p>\n\n\n\n<p>A personagem \u00e9 descrita como astuta, carism\u00e1tica e dona de uma l\u00e1bia irresist\u00edvel, caracter\u00edsticas que a atriz abra\u00e7ou com entusiasmo. \u201cArlete \u00e9 uma personagem incr\u00edvel, cheia de nuances e energia, que tem uma hist\u00f3ria que representa muito da nossa cultura e do nosso humor. \u00c9 um desafio e, ao mesmo tempo, uma oportunidade de amplificar a hist\u00f3ria dessa personagem para o cinema. Eu tamb\u00e9m estou muito honrada em fazer parte de um projeto t\u00e3o especial e com uma equipe t\u00e3o talentosa\u201d, comemora Let\u00edcia Cerqueira, que j\u00e1 possu\u00eda a personagem Arlete com trabalho nas redes sociais antes da idealiza\u00e7\u00e3o do filme.<\/p>\n\n\n\n<p><strong>Equipe<\/strong><\/p>\n\n\n\n<p>O longa-metragem da Cerrado Criativo tem a dire\u00e7\u00e3o de Claudia Roberta, produ\u00e7\u00e3o executiva de La\u00eds Ribeiro e prepara\u00e7\u00e3o de elenco de Luciana Bitencourt. O elenco \u00e9 composto pelos humoristas Let\u00edcia Cerqueira e Ol\u00e1vio Soares como elenco principal, e conta ainda com participa\u00e7\u00e3o dos humoristas Nayra Souza e Aldeir Bezerra, de Petrolina (PE), dos humoristas F\u00e1bio Ded\u00e3o, Hitalon Bastos, Vin\u00edcius Martins e Ricardo Freitas (TO), e dos atores e atrizes Cinthia Abreu, Cleuda Milhomem, Iva de Oliveira, Ivo Gandra, Jos\u00e9 Ribamar, Magna Carneiro, Meire Maria Monteiro, Dalila Cristiny, Seu Eliano, Kelvin Sabino, Osmar Casagrande e Wesley Rocha (TO).<\/p>\n\n\n\n<p>A produ\u00e7\u00e3o de elenco \u00e9 de Cinthia Abreu, que assina tamb\u00e9m a produ\u00e7\u00e3o de figura\u00e7\u00e3o com assist\u00eancia do produtor cultural e m\u00fasico Everton dos Andes, que tamb\u00e9m integra o elenco do filme<\/p>\n\n\n\n<p><strong>Projeto<\/strong><\/p>\n\n\n\n<p>O projeto foi contemplado pela Lei Paulo Gustavo, no edital Audiovisual Tocantins 2023, lan\u00e7ado pelo Governo do Estado, por interm\u00e9dio da Secretaria de Estado da Cultura (Secult).<\/p>\n\n\n\n<p><strong>Cerrado Criativo<\/strong><\/p>\n\n\n\n<p>A Cerrado Criativo \u00e9 uma produtora audiovisual com sede em Porto Nacional (TO). Criada por Cl\u00e1udia Roberta, a empresa se dedica a contar hist\u00f3rias que refletem a riqueza cultural e social do Brasil, com um olhar leve e simples com o objetivo de despertar emo\u00e7\u00f5es. A produtora cultural tamb\u00e9m se destaca por projetos como a Semana do Audiovisual, Lab Cerrado Criativo e Cine Escola e j\u00e1 tem novos projetos firmados para 2025.<\/p>\n\n\n\n<p><strong>Participe<\/strong><\/p>\n\n\n\n<p>O qu\u00ea- Sele\u00e7\u00e3o de elenco filme &#8220;O Julgamento de Arlete&#8221;<\/p>\n\n\n\n<p>&nbsp;Quando &#8211;&nbsp;Grava\u00e7\u00f5es de 25 de maio a 12 de junho<\/p>\n\n\n\n<p>Onde &#8211; Link na&nbsp;bio do Instagram @cerrado_criativo&nbsp;<\/p>\n\n\n\n<p>Link inscri\u00e7\u00f5es:&nbsp;<a href=\"https:\/\/docs.google.com\/forms\/d\/e\/1FAIpQLScgegDDhMmMIcuISBCgZDzlqmIYQ9rCmEIVjn2akcmD-quXkA\/viewform\">https:\/\/docs.google.com\/forms\/d\/e\/1FAIpQLScgegDDhMmMIcuISBCgZDzlqmIYQ9rCmEIVjn2akcmD-quXkA\/viewform<\/a><\/p>\n\n\n\n<p><strong>Informa\u00e7\u00f5es &#8211; (63) 9 8450-3585 ou no insta&nbsp;@ciabreu<\/strong><\/p>\n\n\n\n<figure class=\"wp-block-image size-full is-resized\"><img loading=\"lazy\" decoding=\"async\" width=\"727\" height=\"184\" src=\"https:\/\/focotocantinense.com.br\/wp-content\/uploads\/2025\/05\/SHOW-DE-HUMOR-DE-VINICIUS-MARTINS-1.jpeg\" alt=\"\" class=\"wp-image-10398\" style=\"width:840px;height:auto\" srcset=\"https:\/\/focotocantinense.com.br\/wp-content\/uploads\/2025\/05\/SHOW-DE-HUMOR-DE-VINICIUS-MARTINS-1.jpeg 727w, https:\/\/focotocantinense.com.br\/wp-content\/uploads\/2025\/05\/SHOW-DE-HUMOR-DE-VINICIUS-MARTINS-1-300x76.jpeg 300w\" sizes=\"auto, (max-width: 727px) 100vw, 727px\" \/><\/figure>\n","protected":false},"excerpt":{"rendered":"<p>Por Cinthia Abreu A produtora Cerrado Criativo est\u00e1 em busca de figurantes volunt\u00e1rios para o filme &#8220;O Julgamento de Arlete&#8221;, dirigido pela cineasta Cl\u00e1udia Roberta. As inscri\u00e7\u00f5es est\u00e3o abertas e o formul\u00e1rio pode ser encontrado na bio do Instagram @cerrado_criativo. As grava\u00e7\u00f5es do filme acontecem de 25 de maio a 12 de Junho, em Porto &hellip;<\/p>\n","protected":false},"author":5,"featured_media":10413,"comment_status":"open","ping_status":"open","sticky":false,"template":"","format":"standard","meta":{"footnotes":""},"categories":[46],"tags":[],"class_list":["post-10412","post","type-post","status-publish","format-standard","has-post-thumbnail","","category-porto_nacional"],"_links":{"self":[{"href":"https:\/\/focotocantinense.com.br\/index.php?rest_route=\/wp\/v2\/posts\/10412","targetHints":{"allow":["GET"]}}],"collection":[{"href":"https:\/\/focotocantinense.com.br\/index.php?rest_route=\/wp\/v2\/posts"}],"about":[{"href":"https:\/\/focotocantinense.com.br\/index.php?rest_route=\/wp\/v2\/types\/post"}],"author":[{"embeddable":true,"href":"https:\/\/focotocantinense.com.br\/index.php?rest_route=\/wp\/v2\/users\/5"}],"replies":[{"embeddable":true,"href":"https:\/\/focotocantinense.com.br\/index.php?rest_route=%2Fwp%2Fv2%2Fcomments&post=10412"}],"version-history":[{"count":2,"href":"https:\/\/focotocantinense.com.br\/index.php?rest_route=\/wp\/v2\/posts\/10412\/revisions"}],"predecessor-version":[{"id":10416,"href":"https:\/\/focotocantinense.com.br\/index.php?rest_route=\/wp\/v2\/posts\/10412\/revisions\/10416"}],"wp:featuredmedia":[{"embeddable":true,"href":"https:\/\/focotocantinense.com.br\/index.php?rest_route=\/wp\/v2\/media\/10413"}],"wp:attachment":[{"href":"https:\/\/focotocantinense.com.br\/index.php?rest_route=%2Fwp%2Fv2%2Fmedia&parent=10412"}],"wp:term":[{"taxonomy":"category","embeddable":true,"href":"https:\/\/focotocantinense.com.br\/index.php?rest_route=%2Fwp%2Fv2%2Fcategories&post=10412"},{"taxonomy":"post_tag","embeddable":true,"href":"https:\/\/focotocantinense.com.br\/index.php?rest_route=%2Fwp%2Fv2%2Ftags&post=10412"}],"curies":[{"name":"wp","href":"https:\/\/api.w.org\/{rel}","templated":true}]}}