{"id":10407,"date":"2025-05-24T16:54:19","date_gmt":"2025-05-24T19:54:19","guid":{"rendered":"https:\/\/focotocantinense.com.br\/?p=10407"},"modified":"2025-05-24T16:59:01","modified_gmt":"2025-05-24T19:59:01","slug":"gurupi-prev-realiza-audiencia-publica-e-plenaria-com-foco-em-transparencia-e-participacao-dos-segurados","status":"publish","type":"post","link":"https:\/\/focotocantinense.com.br\/?p=10407","title":{"rendered":"Gurupi Prev realiza Audi\u00eancia P\u00fablica e Plen\u00e1ria com foco em transpar\u00eancia e participa\u00e7\u00e3o dos segurados"},"content":{"rendered":"\n<p>Na sexta-feira (23), a Prefeitura de Gurupi, por meio do Instituto de Previd\u00eancia Social de Gurupi (Gurupi Prev), realizou uma Audi\u00eancia P\u00fablica e Plen\u00e1ria no Centro Cultural Mauro Cunha. O evento teve como objetivo fortalecer o di\u00e1logo entre o Instituto e seus segurados, promovendo a transpar\u00eancia na gest\u00e3o, a participa\u00e7\u00e3o ativa da categoria e o aprimoramento dos servi\u00e7os oferecidos.<\/p>\n\n\n\n<p>O presidente do Gurupi Prev, Sargento Jenilson, destacou a import\u00e2ncia da presen\u00e7a dos servidores p\u00fablicos, aposentados e pensionistas \u201cUma administra\u00e7\u00e3o eficiente s\u00f3 \u00e9 poss\u00edvel com uma gest\u00e3o democr\u00e1tica e a participa\u00e7\u00e3o efetiva dos segurados. Por isso, valorizamos tanto a opini\u00e3o e a avalia\u00e7\u00e3o dos servidores, aposentados e pensionistas\u201d, afirmou.<\/p>\n\n\n\n<p>A Sra. Azelina Corr\u00eaa da Silva, aposentada, afirmou estar satisfeita com a preocupa\u00e7\u00e3o do munic\u00edpio em dar transpar\u00eancia \u00e0 situa\u00e7\u00e3o do Instituto. \u201cVoc\u00ea percebe a preocupa\u00e7\u00e3o da gest\u00e3o com a nossa aposentadoria, esclarecendo e orientando todos n\u00f3s nessas quest\u00f5es. Me sinto assistida\u201d, concluiu.<\/p>\n\n\n\n<p><strong>Palestras<\/strong><\/p>\n\n\n\n<p>A programa\u00e7\u00e3o teve in\u00edcio \u00e0s 14h, com a abertura oficial, que contou com a execu\u00e7\u00e3o do Hino Nacional, composi\u00e7\u00e3o da mesa de autoridades e falas institucionais. Em seguida, os participantes acompanharam um ciclo de palestras tem\u00e1ticas, com assuntos de interesse direto dos segurados. O professor Wylker Saraiva falou sobre \u201cVida Saud\u00e1vel na Melhor Idade\u201d, seguido por Alex Almeida, do Banco Bradesco, com a palestra sobre \u201cEduca\u00e7\u00e3o Financeira e o Planejamento para Aposentadoria\u201d. Encerrando o ciclo, o delegado de pol\u00edcia Dr. Joadelson Albuquerque abordou o tema \u201cSeguran\u00e7a e Preven\u00e7\u00e3o de Crimes Digitais\u201d.<\/p>\n\n\n\n<p>A programa\u00e7\u00e3o seguiu com a apresenta\u00e7\u00e3o dos resultados da Pesquisa Institucional 2025 e a divulga\u00e7\u00e3o oficial do resultado das elei\u00e7\u00f5es dos Conselhos de Administra\u00e7\u00e3o do Gurupi Prev.<\/p>\n\n\n\n<p>O evento foi encerrado com uma mensagem institucional, refor\u00e7ando o compromisso da gest\u00e3o previdenci\u00e1ria municipal com a transpar\u00eancia, o respeito aos segurados e a constru\u00e7\u00e3o coletiva de solu\u00e7\u00f5es para o fortalecimento do Instituto.<\/p>\n\n\n\n<p>Segundo o presidente Sargento Jenilson, a iniciativa reafirmou o compromisso do Gurupi Prev com a escuta ativa e com uma gest\u00e3o pr\u00f3xima da realidade dos segurados. O evento tamb\u00e9m evidenciou a import\u00e2ncia da participa\u00e7\u00e3o da categoria na constru\u00e7\u00e3o de uma previd\u00eancia mais eficiente e alinhada \u00e0s necessidades do funcionalismo p\u00fablico municipal.<\/p>\n\n\n\n<figure class=\"wp-block-image size-large\"><img loading=\"lazy\" decoding=\"async\" width=\"1024\" height=\"576\" src=\"https:\/\/focotocantinense.com.br\/wp-content\/uploads\/2025\/05\/9f08e9c1-605a-4033-994f-452cd415a101-1024x576.jpeg\" alt=\"\" class=\"wp-image-10409\" srcset=\"https:\/\/focotocantinense.com.br\/wp-content\/uploads\/2025\/05\/9f08e9c1-605a-4033-994f-452cd415a101-1024x576.jpeg 1024w, https:\/\/focotocantinense.com.br\/wp-content\/uploads\/2025\/05\/9f08e9c1-605a-4033-994f-452cd415a101-300x169.jpeg 300w, https:\/\/focotocantinense.com.br\/wp-content\/uploads\/2025\/05\/9f08e9c1-605a-4033-994f-452cd415a101-768x432.jpeg 768w, https:\/\/focotocantinense.com.br\/wp-content\/uploads\/2025\/05\/9f08e9c1-605a-4033-994f-452cd415a101-1536x864.jpeg 1536w, https:\/\/focotocantinense.com.br\/wp-content\/uploads\/2025\/05\/9f08e9c1-605a-4033-994f-452cd415a101.jpeg 1600w\" sizes=\"auto, (max-width: 1024px) 100vw, 1024px\" \/><\/figure>\n\n\n\n<p><\/p>\n\n\n\n<p><strong>Elei\u00e7\u00e3o<\/strong><\/p>\n\n\n\n<p>Durante o evento, foi anunciado o resultado da elei\u00e7\u00e3o para membro do Conselho Administrativo do Gurupi Prev. Ao todo, foram contabilizados 422 votos, entre aposentados, pensionistas e servidores efetivos em atividade. A candidata eleita foi K\u00e1rita Carneiro, com 203 votos. Em segundo lugar ficou Oximano, com 199 votos, e em terceiro, Andr\u00e9, com 13 votos. Houve ainda 7 votos nulos.<\/p>\n\n\n\n<figure class=\"wp-block-image size-full is-resized\"><img loading=\"lazy\" decoding=\"async\" width=\"727\" height=\"184\" src=\"https:\/\/focotocantinense.com.br\/wp-content\/uploads\/2025\/05\/SHOW-DE-HUMOR-DE-VINICIUS-MARTINS-2.jpeg\" alt=\"\" class=\"wp-image-10408\" style=\"width:840px;height:auto\" srcset=\"https:\/\/focotocantinense.com.br\/wp-content\/uploads\/2025\/05\/SHOW-DE-HUMOR-DE-VINICIUS-MARTINS-2.jpeg 727w, https:\/\/focotocantinense.com.br\/wp-content\/uploads\/2025\/05\/SHOW-DE-HUMOR-DE-VINICIUS-MARTINS-2-300x76.jpeg 300w\" sizes=\"auto, (max-width: 727px) 100vw, 727px\" \/><\/figure>\n","protected":false},"excerpt":{"rendered":"<p>Na sexta-feira (23), a Prefeitura de Gurupi, por meio do Instituto de Previd\u00eancia Social de Gurupi (Gurupi Prev), realizou uma Audi\u00eancia P\u00fablica e Plen\u00e1ria no Centro Cultural Mauro Cunha. O evento teve como objetivo fortalecer o di\u00e1logo entre o Instituto e seus segurados, promovendo a transpar\u00eancia na gest\u00e3o, a participa\u00e7\u00e3o ativa da categoria e o &hellip;<\/p>\n","protected":false},"author":5,"featured_media":10409,"comment_status":"open","ping_status":"open","sticky":false,"template":"","format":"standard","meta":{"footnotes":""},"categories":[38],"tags":[],"class_list":["post-10407","post","type-post","status-publish","format-standard","has-post-thumbnail","","category-gurupi"],"_links":{"self":[{"href":"https:\/\/focotocantinense.com.br\/index.php?rest_route=\/wp\/v2\/posts\/10407","targetHints":{"allow":["GET"]}}],"collection":[{"href":"https:\/\/focotocantinense.com.br\/index.php?rest_route=\/wp\/v2\/posts"}],"about":[{"href":"https:\/\/focotocantinense.com.br\/index.php?rest_route=\/wp\/v2\/types\/post"}],"author":[{"embeddable":true,"href":"https:\/\/focotocantinense.com.br\/index.php?rest_route=\/wp\/v2\/users\/5"}],"replies":[{"embeddable":true,"href":"https:\/\/focotocantinense.com.br\/index.php?rest_route=%2Fwp%2Fv2%2Fcomments&post=10407"}],"version-history":[{"count":1,"href":"https:\/\/focotocantinense.com.br\/index.php?rest_route=\/wp\/v2\/posts\/10407\/revisions"}],"predecessor-version":[{"id":10410,"href":"https:\/\/focotocantinense.com.br\/index.php?rest_route=\/wp\/v2\/posts\/10407\/revisions\/10410"}],"wp:featuredmedia":[{"embeddable":true,"href":"https:\/\/focotocantinense.com.br\/index.php?rest_route=\/wp\/v2\/media\/10409"}],"wp:attachment":[{"href":"https:\/\/focotocantinense.com.br\/index.php?rest_route=%2Fwp%2Fv2%2Fmedia&parent=10407"}],"wp:term":[{"taxonomy":"category","embeddable":true,"href":"https:\/\/focotocantinense.com.br\/index.php?rest_route=%2Fwp%2Fv2%2Fcategories&post=10407"},{"taxonomy":"post_tag","embeddable":true,"href":"https:\/\/focotocantinense.com.br\/index.php?rest_route=%2Fwp%2Fv2%2Ftags&post=10407"}],"curies":[{"name":"wp","href":"https:\/\/api.w.org\/{rel}","templated":true}]}}