{"id":10401,"date":"2025-05-24T09:20:37","date_gmt":"2025-05-24T12:20:37","guid":{"rendered":"https:\/\/focotocantinense.com.br\/?p=10401"},"modified":"2025-05-24T09:20:37","modified_gmt":"2025-05-24T12:20:37","slug":"no-dia-29-de-maio-a-clinica-quero-ouvir-chega-a-cidade-para-cuidar-da-sua-audicao","status":"publish","type":"post","link":"https:\/\/focotocantinense.com.br\/?p=10401","title":{"rendered":"No dia 29 de maio, a Cl\u00ednica Quero Ouvir chega \u00e0 cidade para cuidar da sua audi\u00e7\u00e3o"},"content":{"rendered":"\n<p>Aten\u00e7\u00e3o Gurupi! No dia 29 de maio, a Cl\u00ednica Quero Ouvir chega \u00e0 cidade para cuidar da sua audi\u00e7\u00e3o com todo carinho!<\/p>\n\n\n\n<figure class=\"wp-block-image size-large is-resized\"><img loading=\"lazy\" decoding=\"async\" width=\"819\" height=\"1024\" src=\"https:\/\/focotocantinense.com.br\/wp-content\/uploads\/2025\/05\/clinica-quero-ouvir-banner-819x1024.jpeg\" alt=\"\" class=\"wp-image-10402\" style=\"width:330px;height:auto\" srcset=\"https:\/\/focotocantinense.com.br\/wp-content\/uploads\/2025\/05\/clinica-quero-ouvir-banner-819x1024.jpeg 819w, https:\/\/focotocantinense.com.br\/wp-content\/uploads\/2025\/05\/clinica-quero-ouvir-banner-240x300.jpeg 240w, https:\/\/focotocantinense.com.br\/wp-content\/uploads\/2025\/05\/clinica-quero-ouvir-banner-768x960.jpeg 768w, https:\/\/focotocantinense.com.br\/wp-content\/uploads\/2025\/05\/clinica-quero-ouvir-banner.jpeg 1080w\" sizes=\"auto, (max-width: 819px) 100vw, 819px\" \/><\/figure>\n\n\n\n<p><br>Se voc\u00ea tem dificuldade para ouvir ou conhece algu\u00e9m que precisa de ajuda, agende um exame totalmente gratuito!<br>Aparelhos auditivos modernos, atendimento humanizado e confian\u00e7a de quem j\u00e1 mudou milhares de vidas.<br>Mande um WhatsApp para [62 3911-3780]<br>Cl\u00ednica Quero Ouvir \u2013 Chegando em Gurupi dia 29. Viver Bem, \u00e9 Ouvir bem!<\/p>\n\n\n\n<figure class=\"wp-block-image size-large\"><img loading=\"lazy\" decoding=\"async\" width=\"1024\" height=\"1024\" src=\"https:\/\/focotocantinense.com.br\/wp-content\/uploads\/2025\/05\/clinica-quero-ouvir-logo-marca-1024x1024.jpeg\" alt=\"\" class=\"wp-image-10403\" srcset=\"https:\/\/focotocantinense.com.br\/wp-content\/uploads\/2025\/05\/clinica-quero-ouvir-logo-marca-1024x1024.jpeg 1024w, https:\/\/focotocantinense.com.br\/wp-content\/uploads\/2025\/05\/clinica-quero-ouvir-logo-marca-300x300.jpeg 300w, https:\/\/focotocantinense.com.br\/wp-content\/uploads\/2025\/05\/clinica-quero-ouvir-logo-marca-150x150.jpeg 150w, https:\/\/focotocantinense.com.br\/wp-content\/uploads\/2025\/05\/clinica-quero-ouvir-logo-marca-768x768.jpeg 768w, https:\/\/focotocantinense.com.br\/wp-content\/uploads\/2025\/05\/clinica-quero-ouvir-logo-marca.jpeg 1080w\" sizes=\"auto, (max-width: 1024px) 100vw, 1024px\" \/><\/figure>\n\n\n\n<figure class=\"wp-block-image size-large\"><img loading=\"lazy\" decoding=\"async\" width=\"819\" height=\"1024\" src=\"https:\/\/focotocantinense.com.br\/wp-content\/uploads\/2025\/05\/clinica-quero-ouvir-banner-1-819x1024.jpeg\" alt=\"\" class=\"wp-image-10404\" srcset=\"https:\/\/focotocantinense.com.br\/wp-content\/uploads\/2025\/05\/clinica-quero-ouvir-banner-1-819x1024.jpeg 819w, https:\/\/focotocantinense.com.br\/wp-content\/uploads\/2025\/05\/clinica-quero-ouvir-banner-1-240x300.jpeg 240w, https:\/\/focotocantinense.com.br\/wp-content\/uploads\/2025\/05\/clinica-quero-ouvir-banner-1-768x960.jpeg 768w, https:\/\/focotocantinense.com.br\/wp-content\/uploads\/2025\/05\/clinica-quero-ouvir-banner-1.jpeg 1080w\" sizes=\"auto, (max-width: 819px) 100vw, 819px\" \/><\/figure>\n","protected":false},"excerpt":{"rendered":"<p>Aten\u00e7\u00e3o Gurupi! No dia 29 de maio, a Cl\u00ednica Quero Ouvir chega \u00e0 cidade para cuidar da sua audi\u00e7\u00e3o com todo carinho! Se voc\u00ea tem dificuldade para ouvir ou conhece algu\u00e9m que precisa de ajuda, agende um exame totalmente gratuito!Aparelhos auditivos modernos, atendimento humanizado e confian\u00e7a de quem j\u00e1 mudou milhares de vidas.Mande um WhatsApp &hellip;<\/p>\n","protected":false},"author":5,"featured_media":10402,"comment_status":"open","ping_status":"open","sticky":false,"template":"","format":"standard","meta":{"footnotes":""},"categories":[1],"tags":[],"class_list":["post-10401","post","type-post","status-publish","format-standard","has-post-thumbnail","","category-sem-categoria"],"_links":{"self":[{"href":"https:\/\/focotocantinense.com.br\/index.php?rest_route=\/wp\/v2\/posts\/10401","targetHints":{"allow":["GET"]}}],"collection":[{"href":"https:\/\/focotocantinense.com.br\/index.php?rest_route=\/wp\/v2\/posts"}],"about":[{"href":"https:\/\/focotocantinense.com.br\/index.php?rest_route=\/wp\/v2\/types\/post"}],"author":[{"embeddable":true,"href":"https:\/\/focotocantinense.com.br\/index.php?rest_route=\/wp\/v2\/users\/5"}],"replies":[{"embeddable":true,"href":"https:\/\/focotocantinense.com.br\/index.php?rest_route=%2Fwp%2Fv2%2Fcomments&post=10401"}],"version-history":[{"count":1,"href":"https:\/\/focotocantinense.com.br\/index.php?rest_route=\/wp\/v2\/posts\/10401\/revisions"}],"predecessor-version":[{"id":10405,"href":"https:\/\/focotocantinense.com.br\/index.php?rest_route=\/wp\/v2\/posts\/10401\/revisions\/10405"}],"wp:featuredmedia":[{"embeddable":true,"href":"https:\/\/focotocantinense.com.br\/index.php?rest_route=\/wp\/v2\/media\/10402"}],"wp:attachment":[{"href":"https:\/\/focotocantinense.com.br\/index.php?rest_route=%2Fwp%2Fv2%2Fmedia&parent=10401"}],"wp:term":[{"taxonomy":"category","embeddable":true,"href":"https:\/\/focotocantinense.com.br\/index.php?rest_route=%2Fwp%2Fv2%2Fcategories&post=10401"},{"taxonomy":"post_tag","embeddable":true,"href":"https:\/\/focotocantinense.com.br\/index.php?rest_route=%2Fwp%2Fv2%2Ftags&post=10401"}],"curies":[{"name":"wp","href":"https:\/\/api.w.org\/{rel}","templated":true}]}}