{"id":10396,"date":"2025-05-23T12:04:10","date_gmt":"2025-05-23T15:04:10","guid":{"rendered":"https:\/\/focotocantinense.com.br\/?p=10396"},"modified":"2025-05-23T12:04:10","modified_gmt":"2025-05-23T15:04:10","slug":"prefeitura-de-gurupi-retoma-obras-de-pavimentacao-e-recapeamento-asfaltico-pela-cidade","status":"publish","type":"post","link":"https:\/\/focotocantinense.com.br\/?p=10396","title":{"rendered":"Prefeitura de Gurupi retoma obras de pavimenta\u00e7\u00e3o e recapeamento asf\u00e1ltico pela cidade"},"content":{"rendered":"\n<p>A Prefeitura de Gurupi iniciou nesta semana a retomada das obras de pavimenta\u00e7\u00e3o e recapeamento asf\u00e1ltico na cidade. Com o fim do per\u00edodo chuvoso, as equipes voltam a campo para dar continuidade ao maior programa de recupera\u00e7\u00e3o da malha vi\u00e1ria com materiais de alta qualidade j\u00e1 realizado na hist\u00f3ria do munic\u00edpio, iniciado no ano passado.<\/p>\n\n\n\n<p>Entre as frentes que come\u00e7aram nesta etapa est\u00e1 a pavimenta\u00e7\u00e3o asf\u00e1ltica no setor Jardim das Bandeiras. Al\u00e9m disso, foi iniciado o recapeamento asf\u00e1ltico em microrrevestimento no setor Vila \u00cdris (Malvinas) nesta fase do cronograma.&nbsp;<\/p>\n\n\n\n<p>Na pr\u00f3xima semana, a expectativa \u00e9 de que novas frentes sejam iniciadas em outras regi\u00f5es da cidade.&nbsp;<\/p>\n\n\n\n<p>A prefeita Josi Nunes destacou a import\u00e2ncia dessas obras para o bem-estar da popula\u00e7\u00e3o e o desenvolvimento da cidade. Segundo ela, os servi\u00e7os precisaram ser interrompidos devido ao per\u00edodo chuvoso, mas agora est\u00e3o sendo retomados com for\u00e7a total. \u201cEstamos retomando as obras com todo o g\u00e1s. Gurupi merece uma infraestrutura urbana de qualidade. Com essas frentes de trabalho, vamos resolver problemas cr\u00f4nicos que h\u00e1 anos causam transtornos \u00e0 nossa popula\u00e7\u00e3o. Agora, com responsabilidade e compromisso, estamos promovendo melhorias significativas na malha vi\u00e1ria e garantindo mais qualidade de vida para todos. Estou muito otimista com essa nova etapa\u201d, afirmou a prefeita.<\/p>\n\n\n\n<p>A secret\u00e1ria Municipal de Infraestrutura, Juliana Passarin, destacou que ao todo s\u00e3o 506 ruas e avenidas de Gurupi que ser\u00e3o recuperadas neste programa de recupera\u00e7\u00e3o asf\u00e1ltica da Prefeitura e que no ano passado 49% desse planejamento j\u00e1 foi executado. Ela destacou ainda que nos 51% restantes, mais de 30 bairros ser\u00e3o beneficiados.&nbsp;&nbsp;<\/p>\n\n\n\n<figure class=\"wp-block-image size-large\"><img loading=\"lazy\" decoding=\"async\" width=\"1024\" height=\"768\" src=\"https:\/\/focotocantinense.com.br\/wp-content\/uploads\/2025\/05\/IMG-20250522-WA0070-1024x768.jpg\" alt=\"\" class=\"wp-image-10397\" srcset=\"https:\/\/focotocantinense.com.br\/wp-content\/uploads\/2025\/05\/IMG-20250522-WA0070-1024x768.jpg 1024w, https:\/\/focotocantinense.com.br\/wp-content\/uploads\/2025\/05\/IMG-20250522-WA0070-300x225.jpg 300w, https:\/\/focotocantinense.com.br\/wp-content\/uploads\/2025\/05\/IMG-20250522-WA0070-768x576.jpg 768w, https:\/\/focotocantinense.com.br\/wp-content\/uploads\/2025\/05\/IMG-20250522-WA0070-1536x1152.jpg 1536w, https:\/\/focotocantinense.com.br\/wp-content\/uploads\/2025\/05\/IMG-20250522-WA0070.jpg 1600w\" sizes=\"auto, (max-width: 1024px) 100vw, 1024px\" \/><\/figure>\n\n\n\n<p><\/p>\n\n\n\n<p>&#8220;Estamos retomando com for\u00e7a total as obras de pavimenta\u00e7\u00e3o e recapeamento asf\u00e1ltico em Gurupi. Nesta semana, os trabalhos j\u00e1 come\u00e7aram nos setores Malvinas e Jardim das Bandeiras. Vamos seguir avan\u00e7ando com o compromisso de melhorar a mobilidade e a qualidade de vida da nossa popula\u00e7\u00e3o. Nossa equipe est\u00e1 dedicada para garantir que todas essas vias recebam o tratamento necess\u00e1rio, trazendo mais seguran\u00e7a, conforto e dignidade para os gurupienses&#8221;, afirmou Passarin.<\/p>\n\n\n\n<figure class=\"wp-block-image size-full is-resized\"><img loading=\"lazy\" decoding=\"async\" width=\"727\" height=\"184\" src=\"https:\/\/focotocantinense.com.br\/wp-content\/uploads\/2025\/05\/SHOW-DE-HUMOR-DE-VINICIUS-MARTINS-1.jpeg\" alt=\"\" class=\"wp-image-10398\" style=\"width:840px;height:auto\" srcset=\"https:\/\/focotocantinense.com.br\/wp-content\/uploads\/2025\/05\/SHOW-DE-HUMOR-DE-VINICIUS-MARTINS-1.jpeg 727w, https:\/\/focotocantinense.com.br\/wp-content\/uploads\/2025\/05\/SHOW-DE-HUMOR-DE-VINICIUS-MARTINS-1-300x76.jpeg 300w\" sizes=\"auto, (max-width: 727px) 100vw, 727px\" \/><\/figure>\n","protected":false},"excerpt":{"rendered":"<p>A Prefeitura de Gurupi iniciou nesta semana a retomada das obras de pavimenta\u00e7\u00e3o e recapeamento asf\u00e1ltico na cidade. Com o fim do per\u00edodo chuvoso, as equipes voltam a campo para dar continuidade ao maior programa de recupera\u00e7\u00e3o da malha vi\u00e1ria com materiais de alta qualidade j\u00e1 realizado na hist\u00f3ria do munic\u00edpio, iniciado no ano passado. &hellip;<\/p>\n","protected":false},"author":5,"featured_media":10397,"comment_status":"open","ping_status":"open","sticky":false,"template":"","format":"standard","meta":{"footnotes":""},"categories":[1],"tags":[],"class_list":["post-10396","post","type-post","status-publish","format-standard","has-post-thumbnail","","category-sem-categoria"],"_links":{"self":[{"href":"https:\/\/focotocantinense.com.br\/index.php?rest_route=\/wp\/v2\/posts\/10396","targetHints":{"allow":["GET"]}}],"collection":[{"href":"https:\/\/focotocantinense.com.br\/index.php?rest_route=\/wp\/v2\/posts"}],"about":[{"href":"https:\/\/focotocantinense.com.br\/index.php?rest_route=\/wp\/v2\/types\/post"}],"author":[{"embeddable":true,"href":"https:\/\/focotocantinense.com.br\/index.php?rest_route=\/wp\/v2\/users\/5"}],"replies":[{"embeddable":true,"href":"https:\/\/focotocantinense.com.br\/index.php?rest_route=%2Fwp%2Fv2%2Fcomments&post=10396"}],"version-history":[{"count":1,"href":"https:\/\/focotocantinense.com.br\/index.php?rest_route=\/wp\/v2\/posts\/10396\/revisions"}],"predecessor-version":[{"id":10399,"href":"https:\/\/focotocantinense.com.br\/index.php?rest_route=\/wp\/v2\/posts\/10396\/revisions\/10399"}],"wp:featuredmedia":[{"embeddable":true,"href":"https:\/\/focotocantinense.com.br\/index.php?rest_route=\/wp\/v2\/media\/10397"}],"wp:attachment":[{"href":"https:\/\/focotocantinense.com.br\/index.php?rest_route=%2Fwp%2Fv2%2Fmedia&parent=10396"}],"wp:term":[{"taxonomy":"category","embeddable":true,"href":"https:\/\/focotocantinense.com.br\/index.php?rest_route=%2Fwp%2Fv2%2Fcategories&post=10396"},{"taxonomy":"post_tag","embeddable":true,"href":"https:\/\/focotocantinense.com.br\/index.php?rest_route=%2Fwp%2Fv2%2Ftags&post=10396"}],"curies":[{"name":"wp","href":"https:\/\/api.w.org\/{rel}","templated":true}]}}