{"id":10392,"date":"2025-05-23T11:02:36","date_gmt":"2025-05-23T14:02:36","guid":{"rendered":"https:\/\/focotocantinense.com.br\/?p=10392"},"modified":"2025-05-23T11:02:36","modified_gmt":"2025-05-23T14:02:36","slug":"inscricoes-abertas-para-30-cursos-gratuitos-e-online-da-escola-do-legislativo-do-tocantins","status":"publish","type":"post","link":"https:\/\/focotocantinense.com.br\/?p=10392","title":{"rendered":"Inscri\u00e7\u00f5es abertas para 30 cursos gratuitos e online da Escola do Legislativo do Tocantins"},"content":{"rendered":"\n<p>Est\u00e3o abertas at\u00e9 o pr\u00f3ximo dia 31 de maio as inscri\u00e7\u00f5es para os Cursos de Educa\u00e7\u00e3o a Dist\u00e2ncia (EAD) oferecidos pela Escola do Legislativo do Tocantins. A iniciativa disponibiliza 30 cursos totalmente gratuitos e 100% online, voltados \u00e0 capacita\u00e7\u00e3o e qualifica\u00e7\u00e3o profissional da popula\u00e7\u00e3o.<\/p>\n\n\n\n<p>As forma\u00e7\u00f5es abrangem diversas \u00e1reas do conhecimento, incluindo Ingl\u00eas (b\u00e1sico, intermedi\u00e1rio e avan\u00e7ado), Inform\u00e1tica, Como Falar Melhor em P\u00fablico, Preparat\u00f3rio para Concurso e Pr\u00e9-Vestibular, Intelig\u00eancia Emocional, entre outros. Para participar, os interessados devem acessar o site www.escolalegto.com.br, fazer sua inscri\u00e7\u00e3o e selecionar o curso de sua prefer\u00eancia.<\/p>\n\n\n\n<p>A coordenadora de Programas de Educa\u00e7\u00e3o a Dist\u00e2ncia da Escola do Legislativo, Emilly Marques, explica que todos os cursos oferecem certificado e que os professores s\u00e3o capacitados para atender as necessidades do p\u00fablico. \u201cAo concluir o curso, o aluno pode emitir seu certificado diretamente pela plataforma, de forma simples e r\u00e1pida. Al\u00e9m disso, \u00e9 importante lembrar que os professores da modalidade EAD s\u00e3o contratados pela empresa parceira que fornece a plataforma. Todos os docentes atendem aos requisitos de qualifica\u00e7\u00e3o exigidos, garantindo aulas de qualidade, din\u00e2micas e com profissionais capacitados\u201d, acrescentou.<\/p>\n\n\n\n<p>A coordenadora ainda refor\u00e7a que o interessado pode se inscrever em at\u00e9 tr\u00eas cursos simultaneamente. \u201cNossos cursos s\u00e3o voltados para o desenvolvimento pol\u00edtico e social do Tocantins, permitindo que cada aluno se qualifique e expanda seus horizontes. Al\u00e9m disso, o aluno tem a chance de realizar at\u00e9 tr\u00eas cursos simultaneamente, aproveitando ao m\u00e1ximo essa oportunidade de crescimento pessoal e profissional\u201d, ressalta.<\/p>\n\n\n\n<p>A plataforma \u00e9 acess\u00edvel a pessoas de todas as regi\u00f5es do Tocantins e tamb\u00e9m conta com aplicativo que pode ser baixado no celular, o que amplia o alcance da a\u00e7\u00e3o educativa e permite que mais cidad\u00e3os tenham acesso a diversos conte\u00fados de qualidade, com a flexibilidade do ensino remoto.<\/p>\n\n\n\n<p>&#8220;Nosso objetivo \u00e9 democratizar o acesso ao conhecimento e contribuir diretamente para o crescimento pessoal e profissional dos cidad\u00e3os tocantinenses. Os cursos foram pensados para atender \u00e0s demandas do mercado de trabalho e da gest\u00e3o p\u00fablica, com conte\u00fados atuais e acess\u00edveis. Convidamos todos, em noma da Assembleia Legislativa do Tocantins, a aproveitarem essa oportunidade de capacita\u00e7\u00e3o gratuita e de qualidade&#8221;, disse J\u00falio Oliveira, diretor da Escola do Legislativo do Tocantins.<\/p>\n\n\n\n<figure class=\"wp-block-image size-large\"><img loading=\"lazy\" decoding=\"async\" width=\"1024\" height=\"640\" src=\"https:\/\/focotocantinense.com.br\/wp-content\/uploads\/2025\/05\/2c9897276749dc9d2207bc29798b192e-1024x640.jpeg\" alt=\"\" class=\"wp-image-10394\" srcset=\"https:\/\/focotocantinense.com.br\/wp-content\/uploads\/2025\/05\/2c9897276749dc9d2207bc29798b192e-1024x640.jpeg 1024w, https:\/\/focotocantinense.com.br\/wp-content\/uploads\/2025\/05\/2c9897276749dc9d2207bc29798b192e-300x187.jpeg 300w, https:\/\/focotocantinense.com.br\/wp-content\/uploads\/2025\/05\/2c9897276749dc9d2207bc29798b192e-768x480.jpeg 768w, https:\/\/focotocantinense.com.br\/wp-content\/uploads\/2025\/05\/2c9897276749dc9d2207bc29798b192e.jpeg 1130w\" sizes=\"auto, (max-width: 1024px) 100vw, 1024px\" \/><\/figure>\n\n\n\n<p><\/p>\n\n\n\n<p><strong>Cursos dispon\u00edveis<\/strong><\/p>\n\n\n\n<p>Comunica\u00e7\u00e3o Institucional; Gest\u00e3o de M\u00eddias Sociais; Espanhol B\u00e1sico; Inform\u00e1tica B\u00e1sica; Inform\u00e1tica Avan\u00e7ada; Libras (B\u00e1sico, Intermedi\u00e1rio e Avan\u00e7ado); T\u00e9cnica Legislativa \/ Reda\u00e7\u00e3o Oficial; Preparat\u00f3rio para Concursos P\u00fablicos; Preparat\u00f3rio para Pr\u00e9-Vestibular; Assistente Administrativo; Como Falar Melhor em P\u00fablico; Edi\u00e7\u00e3o de V\u00eddeos para Redes Sociais; Fiscaliza\u00e7\u00e3o de Contratos, Compras e Contrata\u00e7\u00f5es; Gest\u00e3o de Eventos; Gest\u00e3o de Finan\u00e7as Pessoais; Inform\u00e1tica Intermedi\u00e1ria; Ingl\u00eas (B\u00e1sico, Intermedi\u00e1rio e Avan\u00e7ado); Intelig\u00eancia Emocional; Introdu\u00e7\u00e3o ao Direito Administrativo; Introdu\u00e7\u00e3o ao Direito Constitucional; LGPD \u2013 Introdu\u00e7\u00e3o e Aplica\u00e7\u00e3o da Lei Geral de Prote\u00e7\u00e3o de Dados; Licita\u00e7\u00e3o de Contratos: Conceitual e Pr\u00e1tico; Mapeamento de Processos nas \u00c1reas de Compras e Contrata\u00e7\u00f5es P\u00fablicas; Marketing Pol\u00edtico; Pol\u00edticas P\u00fablicas; T\u00e9cnica Legislativa \/ Reda\u00e7\u00e3o Oficial; Teoria da Constitui\u00e7\u00e3o; Organiza\u00e7\u00e3o do Estado e Direitos Fundamentais.<\/p>\n\n\n\n<figure class=\"wp-block-image size-full is-resized\"><img loading=\"lazy\" decoding=\"async\" width=\"727\" height=\"184\" src=\"https:\/\/focotocantinense.com.br\/wp-content\/uploads\/2025\/05\/SHOW-DE-HUMOR-DE-VINICIUS-MARTINS.jpeg\" alt=\"\" class=\"wp-image-10393\" style=\"width:840px;height:auto\" srcset=\"https:\/\/focotocantinense.com.br\/wp-content\/uploads\/2025\/05\/SHOW-DE-HUMOR-DE-VINICIUS-MARTINS.jpeg 727w, https:\/\/focotocantinense.com.br\/wp-content\/uploads\/2025\/05\/SHOW-DE-HUMOR-DE-VINICIUS-MARTINS-300x76.jpeg 300w\" sizes=\"auto, (max-width: 727px) 100vw, 727px\" \/><\/figure>\n","protected":false},"excerpt":{"rendered":"<p>Est\u00e3o abertas at\u00e9 o pr\u00f3ximo dia 31 de maio as inscri\u00e7\u00f5es para os Cursos de Educa\u00e7\u00e3o a Dist\u00e2ncia (EAD) oferecidos pela Escola do Legislativo do Tocantins. A iniciativa disponibiliza 30 cursos totalmente gratuitos e 100% online, voltados \u00e0 capacita\u00e7\u00e3o e qualifica\u00e7\u00e3o profissional da popula\u00e7\u00e3o. As forma\u00e7\u00f5es abrangem diversas \u00e1reas do conhecimento, incluindo Ingl\u00eas (b\u00e1sico, intermedi\u00e1rio &hellip;<\/p>\n","protected":false},"author":5,"featured_media":10394,"comment_status":"open","ping_status":"open","sticky":false,"template":"","format":"standard","meta":{"footnotes":""},"categories":[40],"tags":[],"class_list":["post-10392","post","type-post","status-publish","format-standard","has-post-thumbnail","","category-politica"],"_links":{"self":[{"href":"https:\/\/focotocantinense.com.br\/index.php?rest_route=\/wp\/v2\/posts\/10392","targetHints":{"allow":["GET"]}}],"collection":[{"href":"https:\/\/focotocantinense.com.br\/index.php?rest_route=\/wp\/v2\/posts"}],"about":[{"href":"https:\/\/focotocantinense.com.br\/index.php?rest_route=\/wp\/v2\/types\/post"}],"author":[{"embeddable":true,"href":"https:\/\/focotocantinense.com.br\/index.php?rest_route=\/wp\/v2\/users\/5"}],"replies":[{"embeddable":true,"href":"https:\/\/focotocantinense.com.br\/index.php?rest_route=%2Fwp%2Fv2%2Fcomments&post=10392"}],"version-history":[{"count":1,"href":"https:\/\/focotocantinense.com.br\/index.php?rest_route=\/wp\/v2\/posts\/10392\/revisions"}],"predecessor-version":[{"id":10395,"href":"https:\/\/focotocantinense.com.br\/index.php?rest_route=\/wp\/v2\/posts\/10392\/revisions\/10395"}],"wp:featuredmedia":[{"embeddable":true,"href":"https:\/\/focotocantinense.com.br\/index.php?rest_route=\/wp\/v2\/media\/10394"}],"wp:attachment":[{"href":"https:\/\/focotocantinense.com.br\/index.php?rest_route=%2Fwp%2Fv2%2Fmedia&parent=10392"}],"wp:term":[{"taxonomy":"category","embeddable":true,"href":"https:\/\/focotocantinense.com.br\/index.php?rest_route=%2Fwp%2Fv2%2Fcategories&post=10392"},{"taxonomy":"post_tag","embeddable":true,"href":"https:\/\/focotocantinense.com.br\/index.php?rest_route=%2Fwp%2Fv2%2Ftags&post=10392"}],"curies":[{"name":"wp","href":"https:\/\/api.w.org\/{rel}","templated":true}]}}