{"id":10386,"date":"2025-05-23T09:27:40","date_gmt":"2025-05-23T12:27:40","guid":{"rendered":"https:\/\/focotocantinense.com.br\/?p=10386"},"modified":"2025-05-23T09:28:33","modified_gmt":"2025-05-23T12:28:33","slug":"curso-de-audiodescricao-fortalece-acessibilidade-cultural-em-araguaina","status":"publish","type":"post","link":"https:\/\/focotocantinense.com.br\/?p=10386","title":{"rendered":"Curso de audiodescri\u00e7\u00e3o fortalece acessibilidade cultural em Aragua\u00edna"},"content":{"rendered":"\n<p><strong>Por Rodrigo Martins<\/strong><\/p>\n\n\n\n<p>No pr\u00f3ximo s\u00e1bado, 24 de maio, Aragua\u00edna sedia o curso gratuito de Audiodescri\u00e7\u00e3o promovido pelo Instituto Social e Cultural Araguaia (ISCA), com apoio institucional da Federa\u00e7\u00e3o Tocantinense de Artes C\u00eanicas (FETAC). A capacita\u00e7\u00e3o ser\u00e1 ministrada pela audiodescritora Adriana Malta, profissional do Rio de Janeiro com ampla experi\u00eancia na \u00e1rea de acessibilidade em produtos culturais.<\/p>\n\n\n\n<p>A audiodescri\u00e7\u00e3o \u00e9 um recurso de acessibilidade que transforma imagens em palavras, permitindo que pessoas cegas ou com baixa vis\u00e3o compreendam melhor o conte\u00fado de espet\u00e1culos, filmes, exposi\u00e7\u00f5es e outras manifesta\u00e7\u00f5es art\u00edsticas. Trata-se de uma ferramenta essencial para garantir inclus\u00e3o plena no acesso \u00e0 cultura.<\/p>\n\n\n\n<p>A forma\u00e7\u00e3o acontece das 8h \u00e0s 17h, na sede do ISCA, localizada no Galp\u00e3o 2 do Espa\u00e7o Cultural de Aragua\u00edna. S\u00e3o oferecidas 20 vagas, com entrega de certificados aos participantes. As inscri\u00e7\u00f5es seguem abertas e podem ser feitas pelo telefone\/WhatsApp (63) 99225-8721.<\/p>\n\n\n\n<p>A iniciativa integra o projeto \u201cReforma, moderniza\u00e7\u00e3o e aquisi\u00e7\u00e3o de bens para o Instituto ISCA\u201d, aprovado no Edital n\u00ba 27\/2024 \u2013 Infraestrutura Cultural, da Pol\u00edtica Nacional Aldir Blanc (PNAB), com recursos do Minist\u00e9rio da Cultura e execu\u00e7\u00e3o da Secretaria da Cultura do Tocantins.<\/p>\n\n\n\n<p>\u201cA promo\u00e7\u00e3o da acessibilidade cultural \u00e9 uma pauta priorit\u00e1ria da FETAC. Acreditamos que a inclus\u00e3o deve estar presente em todas as etapas da produ\u00e7\u00e3o art\u00edstica. Apoiar forma\u00e7\u00f5es como essa \u00e9 reafirmar nosso compromisso com uma cultura acess\u00edvel e plural\u201d, destaca Kak\u00e1 Nogueira, presidente da FETAC.<\/p>\n\n\n\n<figure class=\"wp-block-image size-full\"><img loading=\"lazy\" decoding=\"async\" width=\"862\" height=\"440\" src=\"https:\/\/focotocantinense.com.br\/wp-content\/uploads\/2025\/05\/Comite-de-Cultura-no-Tocantins.jpeg\" alt=\"\" class=\"wp-image-10387\" srcset=\"https:\/\/focotocantinense.com.br\/wp-content\/uploads\/2025\/05\/Comite-de-Cultura-no-Tocantins.jpeg 862w, https:\/\/focotocantinense.com.br\/wp-content\/uploads\/2025\/05\/Comite-de-Cultura-no-Tocantins-300x153.jpeg 300w, https:\/\/focotocantinense.com.br\/wp-content\/uploads\/2025\/05\/Comite-de-Cultura-no-Tocantins-768x392.jpeg 768w\" sizes=\"auto, (max-width: 862px) 100vw, 862px\" \/><\/figure>\n\n\n\n<p><\/p>\n\n\n\n<p>No dia 20, representantes do Comit\u00ea de Cultura no Tocantins estiveram na sede da All Dub, no Rio de Janeiro, para conhecer de perto o trabalho da empresa, refer\u00eancia em acessibilidade comunicacional e da qual Adriana Malta faz parte. Participaram da visita o coordenador do Regional Norte, George Henrique, e a coordenadora de Comunica\u00e7\u00e3o, Bell Gama.<\/p>\n\n\n\n<p><strong>Sobre a FETAC<\/strong><\/p>\n\n\n\n<p>A Federa\u00e7\u00e3o Tocantinense de Artes C\u00eanicas (FETAC) \u00e9 uma entidade representativa que atua no fortalecimento, articula\u00e7\u00e3o e desenvolvimento das artes c\u00eanicas no Tocantins. \u00c9 respons\u00e1vel pela coordena\u00e7\u00e3o do Comit\u00ea de Cultura no Tocantins, que integra o Programa Nacional dos Comit\u00eas de Cultura (PNCC), em parceria com o Minist\u00e9rio da Cultura. A FETAC desenvolve a\u00e7\u00f5es de forma\u00e7\u00e3o, difus\u00e3o e defesa de pol\u00edticas culturais que promovam o acesso democr\u00e1tico \u00e0 arte em todo o estado.<\/p>\n\n\n\n<figure class=\"wp-block-image size-large\"><img loading=\"lazy\" decoding=\"async\" width=\"1024\" height=\"256\" src=\"https:\/\/focotocantinense.com.br\/wp-content\/uploads\/2025\/05\/Vinicius-Martins-ESPECIALISTA-EM-RISOS-8-1024x256.jpeg\" alt=\"\" class=\"wp-image-10388\" srcset=\"https:\/\/focotocantinense.com.br\/wp-content\/uploads\/2025\/05\/Vinicius-Martins-ESPECIALISTA-EM-RISOS-8-1024x256.jpeg 1024w, https:\/\/focotocantinense.com.br\/wp-content\/uploads\/2025\/05\/Vinicius-Martins-ESPECIALISTA-EM-RISOS-8-300x75.jpeg 300w, https:\/\/focotocantinense.com.br\/wp-content\/uploads\/2025\/05\/Vinicius-Martins-ESPECIALISTA-EM-RISOS-8-768x192.jpeg 768w, https:\/\/focotocantinense.com.br\/wp-content\/uploads\/2025\/05\/Vinicius-Martins-ESPECIALISTA-EM-RISOS-8-1536x384.jpeg 1536w, https:\/\/focotocantinense.com.br\/wp-content\/uploads\/2025\/05\/Vinicius-Martins-ESPECIALISTA-EM-RISOS-8.jpeg 1584w\" sizes=\"auto, (max-width: 1024px) 100vw, 1024px\" \/><\/figure>\n","protected":false},"excerpt":{"rendered":"<p>Por Rodrigo Martins No pr\u00f3ximo s\u00e1bado, 24 de maio, Aragua\u00edna sedia o curso gratuito de Audiodescri\u00e7\u00e3o promovido pelo Instituto Social e Cultural Araguaia (ISCA), com apoio institucional da Federa\u00e7\u00e3o Tocantinense de Artes C\u00eanicas (FETAC). A capacita\u00e7\u00e3o ser\u00e1 ministrada pela audiodescritora Adriana Malta, profissional do Rio de Janeiro com ampla experi\u00eancia na \u00e1rea de acessibilidade em &hellip;<\/p>\n","protected":false},"author":5,"featured_media":10387,"comment_status":"open","ping_status":"open","sticky":false,"template":"","format":"standard","meta":{"footnotes":""},"categories":[45],"tags":[],"class_list":["post-10386","post","type-post","status-publish","format-standard","has-post-thumbnail","","category-araguaina"],"_links":{"self":[{"href":"https:\/\/focotocantinense.com.br\/index.php?rest_route=\/wp\/v2\/posts\/10386","targetHints":{"allow":["GET"]}}],"collection":[{"href":"https:\/\/focotocantinense.com.br\/index.php?rest_route=\/wp\/v2\/posts"}],"about":[{"href":"https:\/\/focotocantinense.com.br\/index.php?rest_route=\/wp\/v2\/types\/post"}],"author":[{"embeddable":true,"href":"https:\/\/focotocantinense.com.br\/index.php?rest_route=\/wp\/v2\/users\/5"}],"replies":[{"embeddable":true,"href":"https:\/\/focotocantinense.com.br\/index.php?rest_route=%2Fwp%2Fv2%2Fcomments&post=10386"}],"version-history":[{"count":2,"href":"https:\/\/focotocantinense.com.br\/index.php?rest_route=\/wp\/v2\/posts\/10386\/revisions"}],"predecessor-version":[{"id":10390,"href":"https:\/\/focotocantinense.com.br\/index.php?rest_route=\/wp\/v2\/posts\/10386\/revisions\/10390"}],"wp:featuredmedia":[{"embeddable":true,"href":"https:\/\/focotocantinense.com.br\/index.php?rest_route=\/wp\/v2\/media\/10387"}],"wp:attachment":[{"href":"https:\/\/focotocantinense.com.br\/index.php?rest_route=%2Fwp%2Fv2%2Fmedia&parent=10386"}],"wp:term":[{"taxonomy":"category","embeddable":true,"href":"https:\/\/focotocantinense.com.br\/index.php?rest_route=%2Fwp%2Fv2%2Fcategories&post=10386"},{"taxonomy":"post_tag","embeddable":true,"href":"https:\/\/focotocantinense.com.br\/index.php?rest_route=%2Fwp%2Fv2%2Ftags&post=10386"}],"curies":[{"name":"wp","href":"https:\/\/api.w.org\/{rel}","templated":true}]}}