{"id":10381,"date":"2025-05-23T07:58:06","date_gmt":"2025-05-23T10:58:06","guid":{"rendered":"https:\/\/focotocantinense.com.br\/?p=10381"},"modified":"2025-05-23T07:59:37","modified_gmt":"2025-05-23T10:59:37","slug":"deputado-eli-borges-anuncia-r-21-milhoes-em-emendas-para-duere-apos-reuniao-com-prefeito-dida-moreira","status":"publish","type":"post","link":"https:\/\/focotocantinense.com.br\/?p=10381","title":{"rendered":"Deputado Eli Borges anuncia R$ 2,1 milh\u00f5es em emendas para Duer\u00e9 ap\u00f3s reuni\u00e3o com prefeito Dida Moreira"},"content":{"rendered":"\n<p><strong>Por Jonas Amaral<\/strong><\/p>\n\n\n\n<p>O deputado federal&nbsp;<strong>Eli Borges<\/strong>&nbsp;recebeu em seu gabinete, na capital federal, a comitiva da cidade de&nbsp;<strong>Duer\u00e9<\/strong>, composta pelo prefeito&nbsp;<strong>Dida Moreira<\/strong>, o vice-prefeito&nbsp;<strong>Silva da Vila<\/strong>&nbsp;e secret\u00e1rios municipais. O encontro teve como objetivo apresentar demandas priorit\u00e1rias da cidade e firmar o in\u00edcio de uma parceria em prol do desenvolvimento local.<\/p>\n\n\n\n<p><strong><em>Recurso de R$ 2,1 milh\u00f5es j\u00e1 assegurado<\/em><\/strong><\/p>\n\n\n\n<p>Como primeiro passo da coopera\u00e7\u00e3o, o deputado Eli Borges garantiu o envio de&nbsp;<strong>R$ 2,1 milh\u00f5es em emendas parlamentares<\/strong>&nbsp;para o munic\u00edpio. Segundo ele, esse \u00e9 apenas o come\u00e7o:<\/p>\n\n\n\n<p><em>\u201cJ\u00e1 destinei&nbsp;<strong>R$ 2.100.000<\/strong>&nbsp;para Duer\u00e9 neste primeiro momento. E neste ano, prefeito, muitos recursos ainda aparecer\u00e3o. Vamos continuar trabalhando firmes na defesa do munic\u00edpio. Quando dou a minha palavra, \u00e9 para valer. Esse recurso vai chegar l\u00e1\u201d,<\/em>&nbsp;afirmou Eli Borges.<\/p>\n\n\n\n<figure class=\"wp-block-image size-full is-resized\"><img loading=\"lazy\" decoding=\"async\" width=\"768\" height=\"432\" src=\"https:\/\/focotocantinense.com.br\/wp-content\/uploads\/2025\/05\/Eli-Borges-2-768x432-1.jpg\" alt=\"\" class=\"wp-image-10383\" style=\"width:373px;height:auto\" srcset=\"https:\/\/focotocantinense.com.br\/wp-content\/uploads\/2025\/05\/Eli-Borges-2-768x432-1.jpg 768w, https:\/\/focotocantinense.com.br\/wp-content\/uploads\/2025\/05\/Eli-Borges-2-768x432-1-300x169.jpg 300w\" sizes=\"auto, (max-width: 768px) 100vw, 768px\" \/><\/figure>\n\n\n\n<p><\/p>\n\n\n\n<p><strong><em>Compromisso e gratid\u00e3o<\/em><\/strong><\/p>\n\n\n\n<p>O prefeito&nbsp;<strong>Dida Moreira<\/strong>, visivelmente animado com a nova alian\u00e7a, expressou seu agradecimento em nome de toda a equipe municipal:<\/p>\n\n\n\n<p><em>\u201cMuito obrigado, deputado Eli. O senhor est\u00e1 ajudando a nossa comunidade de Duer\u00e9. Pode ter certeza que eu, meu vice e nossos secret\u00e1rios vamos trabalhar para que o senhor tenha uma boa vota\u00e7\u00e3o. O povo de Duer\u00e9 vai reconhecer o trabalho que o senhor est\u00e1 prestando. Que Deus nos ilumine para fazermos um brilhante trabalho juntos.\u201d<\/em><\/p>\n\n\n\n<p><strong><em>Rela\u00e7\u00e3o de confian\u00e7a e continuidade<\/em><\/strong><\/p>\n\n\n\n<p>Eli Borges ainda relembrou o v\u00ednculo pessoal com o irm\u00e3o do prefeito:<\/p>\n\n\n\n<p><em>\u201cReceber o prefeito Dida, irm\u00e3o do meu amigo Laurez, parceiro de tantas campanhas, \u00e9 uma alegria. Estamos iniciando um relacionamento institucional que tem tudo para render bons frutos \u00e0 popula\u00e7\u00e3o de Duer\u00e9.\u201d<\/em><\/p>\n\n\n\n<p><\/p>\n\n\n\n<figure class=\"wp-block-image size-large\"><img loading=\"lazy\" decoding=\"async\" width=\"1024\" height=\"256\" src=\"https:\/\/focotocantinense.com.br\/wp-content\/uploads\/2025\/05\/Vinicius-Martins-ESPECIALISTA-EM-RISOS-7-1024x256.jpeg\" alt=\"\" class=\"wp-image-10377\" srcset=\"https:\/\/focotocantinense.com.br\/wp-content\/uploads\/2025\/05\/Vinicius-Martins-ESPECIALISTA-EM-RISOS-7-1024x256.jpeg 1024w, https:\/\/focotocantinense.com.br\/wp-content\/uploads\/2025\/05\/Vinicius-Martins-ESPECIALISTA-EM-RISOS-7-300x75.jpeg 300w, https:\/\/focotocantinense.com.br\/wp-content\/uploads\/2025\/05\/Vinicius-Martins-ESPECIALISTA-EM-RISOS-7-768x192.jpeg 768w, https:\/\/focotocantinense.com.br\/wp-content\/uploads\/2025\/05\/Vinicius-Martins-ESPECIALISTA-EM-RISOS-7-1536x384.jpeg 1536w, https:\/\/focotocantinense.com.br\/wp-content\/uploads\/2025\/05\/Vinicius-Martins-ESPECIALISTA-EM-RISOS-7.jpeg 1584w\" sizes=\"auto, (max-width: 1024px) 100vw, 1024px\" \/><\/figure>\n","protected":false},"excerpt":{"rendered":"<p>Por Jonas Amaral O deputado federal&nbsp;Eli Borges&nbsp;recebeu em seu gabinete, na capital federal, a comitiva da cidade de&nbsp;Duer\u00e9, composta pelo prefeito&nbsp;Dida Moreira, o vice-prefeito&nbsp;Silva da Vila&nbsp;e secret\u00e1rios municipais. O encontro teve como objetivo apresentar demandas priorit\u00e1rias da cidade e firmar o in\u00edcio de uma parceria em prol do desenvolvimento local. Recurso de R$ 2,1 milh\u00f5es &hellip;<\/p>\n","protected":false},"author":5,"featured_media":10383,"comment_status":"open","ping_status":"open","sticky":false,"template":"","format":"standard","meta":{"footnotes":""},"categories":[1],"tags":[],"class_list":["post-10381","post","type-post","status-publish","format-standard","has-post-thumbnail","","category-sem-categoria"],"_links":{"self":[{"href":"https:\/\/focotocantinense.com.br\/index.php?rest_route=\/wp\/v2\/posts\/10381","targetHints":{"allow":["GET"]}}],"collection":[{"href":"https:\/\/focotocantinense.com.br\/index.php?rest_route=\/wp\/v2\/posts"}],"about":[{"href":"https:\/\/focotocantinense.com.br\/index.php?rest_route=\/wp\/v2\/types\/post"}],"author":[{"embeddable":true,"href":"https:\/\/focotocantinense.com.br\/index.php?rest_route=\/wp\/v2\/users\/5"}],"replies":[{"embeddable":true,"href":"https:\/\/focotocantinense.com.br\/index.php?rest_route=%2Fwp%2Fv2%2Fcomments&post=10381"}],"version-history":[{"count":3,"href":"https:\/\/focotocantinense.com.br\/index.php?rest_route=\/wp\/v2\/posts\/10381\/revisions"}],"predecessor-version":[{"id":10385,"href":"https:\/\/focotocantinense.com.br\/index.php?rest_route=\/wp\/v2\/posts\/10381\/revisions\/10385"}],"wp:featuredmedia":[{"embeddable":true,"href":"https:\/\/focotocantinense.com.br\/index.php?rest_route=\/wp\/v2\/media\/10383"}],"wp:attachment":[{"href":"https:\/\/focotocantinense.com.br\/index.php?rest_route=%2Fwp%2Fv2%2Fmedia&parent=10381"}],"wp:term":[{"taxonomy":"category","embeddable":true,"href":"https:\/\/focotocantinense.com.br\/index.php?rest_route=%2Fwp%2Fv2%2Fcategories&post=10381"},{"taxonomy":"post_tag","embeddable":true,"href":"https:\/\/focotocantinense.com.br\/index.php?rest_route=%2Fwp%2Fv2%2Ftags&post=10381"}],"curies":[{"name":"wp","href":"https:\/\/api.w.org\/{rel}","templated":true}]}}