{"id":10375,"date":"2025-05-22T21:20:55","date_gmt":"2025-05-23T00:20:55","guid":{"rendered":"https:\/\/focotocantinense.com.br\/?p=10375"},"modified":"2025-05-22T21:21:23","modified_gmt":"2025-05-23T00:21:23","slug":"presidente-da-camara-de-gurupi-participa-de-encontro-no-tce-to-sobre-politicas-publicas-voltadas-a-primeira-infancia","status":"publish","type":"post","link":"https:\/\/focotocantinense.com.br\/?p=10375","title":{"rendered":"Presidente da C\u00e2mara de Gurupi participa de encontro no TCE\/TO sobre pol\u00edticas p\u00fablicas voltadas \u00e0 primeira inf\u00e2ncia"},"content":{"rendered":"\n<p>Na manh\u00e3 desta quinta-feira (22), o presidente da C\u00e2mara Municipal de Gurupi, vereador Ivanilson Marinho, juntamente com a procuradoria da Casa, participou de uma importante reuni\u00e3o no Tribunal de Contas do Estado do Tocantins (TCE\/TO), para tratar do programa TCE de Olho no Futuro \u2013 Alian\u00e7a pela Primeira Inf\u00e2ncia.<\/p>\n\n\n\n<figure class=\"wp-block-image size-large is-resized\"><img loading=\"lazy\" decoding=\"async\" width=\"1024\" height=\"576\" src=\"https:\/\/focotocantinense.com.br\/wp-content\/uploads\/2025\/05\/FOTO-TCE-1024x576.jpeg\" alt=\"\" class=\"wp-image-10376\" style=\"width:370px;height:auto\" srcset=\"https:\/\/focotocantinense.com.br\/wp-content\/uploads\/2025\/05\/FOTO-TCE-1024x576.jpeg 1024w, https:\/\/focotocantinense.com.br\/wp-content\/uploads\/2025\/05\/FOTO-TCE-300x169.jpeg 300w, https:\/\/focotocantinense.com.br\/wp-content\/uploads\/2025\/05\/FOTO-TCE-768x432.jpeg 768w, https:\/\/focotocantinense.com.br\/wp-content\/uploads\/2025\/05\/FOTO-TCE.jpeg 1280w\" sizes=\"auto, (max-width: 1024px) 100vw, 1024px\" \/><\/figure>\n\n\n\n<p><\/p>\n\n\n\n<p>O programa, idealizado pelo TCE\/TO, tem como objetivo desenvolver a\u00e7\u00f5es conjuntas que contribuam para o aumento dos indicadores sociais nos munic\u00edpios tocantinenses. A iniciativa busca fomentar a implementa\u00e7\u00e3o de pol\u00edticas p\u00fablicas que garantam a efetiva\u00e7\u00e3o do Marco Legal da Primeira Inf\u00e2ncia, bem como a prioridade absoluta \u00e0 inf\u00e2ncia prevista no artigo 227 da Constitui\u00e7\u00e3o Federal.<\/p>\n\n\n\n<p>Com foco em gestores p\u00fablicos municipais, secret\u00e1rios, vereadores, conselhos tutelares e representantes da sociedade civil, o programa atua diretamente na promo\u00e7\u00e3o de direitos e no fortalecimento de pol\u00edticas voltadas \u00e0s crian\u00e7as de 0 a 6 anos, adolescentes e suas fam\u00edlias.<\/p>\n\n\n\n<p>Durante o encontro, o presidente da C\u00e2mara, Ivanilson Marinho, destacou a import\u00e2ncia da iniciativa e reafirmou o compromisso do Poder Legislativo com a causa.<\/p>\n\n\n\n<p>\u201c\u00c9 dever de todos n\u00f3s, especialmente enquanto gestores e legisladores, garantir que nossas crian\u00e7as tenham acesso a pol\u00edticas p\u00fablicas de qualidade desde os primeiros anos de vida. A participa\u00e7\u00e3o da C\u00e2mara de Gurupi nesse programa refor\u00e7a nosso compromisso com o futuro da nossa cidade, investindo na base que sustenta toda a sociedade: a inf\u00e2ncia\u201d, afirmou Ivanilson.<\/p>\n\n\n\n<p>A presen\u00e7a da C\u00e2mara de Gurupi no evento representa mais um passo no fortalecimento da atua\u00e7\u00e3o institucional em defesa da primeira inf\u00e2ncia, valorizando a\u00e7\u00f5es integradas entre os poderes e buscando solu\u00e7\u00f5es eficazes para o desenvolvimento humano e social do munic\u00edpio.<\/p>\n\n\n\n<figure class=\"wp-block-image size-large\"><img loading=\"lazy\" decoding=\"async\" width=\"1024\" height=\"256\" src=\"https:\/\/focotocantinense.com.br\/wp-content\/uploads\/2025\/05\/Vinicius-Martins-ESPECIALISTA-EM-RISOS-7-1024x256.jpeg\" alt=\"\" class=\"wp-image-10377\" srcset=\"https:\/\/focotocantinense.com.br\/wp-content\/uploads\/2025\/05\/Vinicius-Martins-ESPECIALISTA-EM-RISOS-7-1024x256.jpeg 1024w, https:\/\/focotocantinense.com.br\/wp-content\/uploads\/2025\/05\/Vinicius-Martins-ESPECIALISTA-EM-RISOS-7-300x75.jpeg 300w, https:\/\/focotocantinense.com.br\/wp-content\/uploads\/2025\/05\/Vinicius-Martins-ESPECIALISTA-EM-RISOS-7-768x192.jpeg 768w, https:\/\/focotocantinense.com.br\/wp-content\/uploads\/2025\/05\/Vinicius-Martins-ESPECIALISTA-EM-RISOS-7-1536x384.jpeg 1536w, https:\/\/focotocantinense.com.br\/wp-content\/uploads\/2025\/05\/Vinicius-Martins-ESPECIALISTA-EM-RISOS-7.jpeg 1584w\" sizes=\"auto, (max-width: 1024px) 100vw, 1024px\" \/><\/figure>\n","protected":false},"excerpt":{"rendered":"<p>Na manh\u00e3 desta quinta-feira (22), o presidente da C\u00e2mara Municipal de Gurupi, vereador Ivanilson Marinho, juntamente com a procuradoria da Casa, participou de uma importante reuni\u00e3o no Tribunal de Contas do Estado do Tocantins (TCE\/TO), para tratar do programa TCE de Olho no Futuro \u2013 Alian\u00e7a pela Primeira Inf\u00e2ncia. O programa, idealizado pelo TCE\/TO, tem &hellip;<\/p>\n","protected":false},"author":5,"featured_media":10376,"comment_status":"open","ping_status":"open","sticky":false,"template":"","format":"standard","meta":{"footnotes":""},"categories":[40],"tags":[],"class_list":["post-10375","post","type-post","status-publish","format-standard","has-post-thumbnail","","category-politica"],"_links":{"self":[{"href":"https:\/\/focotocantinense.com.br\/index.php?rest_route=\/wp\/v2\/posts\/10375","targetHints":{"allow":["GET"]}}],"collection":[{"href":"https:\/\/focotocantinense.com.br\/index.php?rest_route=\/wp\/v2\/posts"}],"about":[{"href":"https:\/\/focotocantinense.com.br\/index.php?rest_route=\/wp\/v2\/types\/post"}],"author":[{"embeddable":true,"href":"https:\/\/focotocantinense.com.br\/index.php?rest_route=\/wp\/v2\/users\/5"}],"replies":[{"embeddable":true,"href":"https:\/\/focotocantinense.com.br\/index.php?rest_route=%2Fwp%2Fv2%2Fcomments&post=10375"}],"version-history":[{"count":2,"href":"https:\/\/focotocantinense.com.br\/index.php?rest_route=\/wp\/v2\/posts\/10375\/revisions"}],"predecessor-version":[{"id":10379,"href":"https:\/\/focotocantinense.com.br\/index.php?rest_route=\/wp\/v2\/posts\/10375\/revisions\/10379"}],"wp:featuredmedia":[{"embeddable":true,"href":"https:\/\/focotocantinense.com.br\/index.php?rest_route=\/wp\/v2\/media\/10376"}],"wp:attachment":[{"href":"https:\/\/focotocantinense.com.br\/index.php?rest_route=%2Fwp%2Fv2%2Fmedia&parent=10375"}],"wp:term":[{"taxonomy":"category","embeddable":true,"href":"https:\/\/focotocantinense.com.br\/index.php?rest_route=%2Fwp%2Fv2%2Fcategories&post=10375"},{"taxonomy":"post_tag","embeddable":true,"href":"https:\/\/focotocantinense.com.br\/index.php?rest_route=%2Fwp%2Fv2%2Ftags&post=10375"}],"curies":[{"name":"wp","href":"https:\/\/api.w.org\/{rel}","templated":true}]}}